{"id":11727757,"date":"2022-09-20T08:51:00","date_gmt":"2022-09-20T12:51:00","guid":{"rendered":"http:\/\/www.corumbaonline.com.br\/news\/?p=11727757"},"modified":"2022-09-20T09:29:26","modified_gmt":"2022-09-20T13:29:26","slug":"vereador-pede-informacoes-sobre-servicos-de-iluminacao-publica-em-corumba","status":"publish","type":"post","link":"https:\/\/www.corumbaonline.com.br\/news\/vereador-pede-informacoes-sobre-servicos-de-iluminacao-publica-em-corumba\/","title":{"rendered":"Vereador pede informa\u00e7\u00f5es sobre servi\u00e7os de ilumina\u00e7\u00e3o p\u00fablica em Corumb\u00e1"},"content":{"rendered":"<figure id=\"attachment_11727758\" aria-describedby=\"caption-attachment-11727758\" style=\"width: 300px\" class=\"wp-caption alignright\"><img loading=\"lazy\" decoding=\"async\" class=\"size-medium wp-image-11727758\" src=\"https:\/\/www.corumbaonline.com.br\/news\/wp-content\/uploads\/2022\/09\/foto117882-300x200.jpg\" alt=\"\" width=\"300\" height=\"200\" srcset=\"https:\/\/www.corumbaonline.com.br\/news\/wp-content\/uploads\/2022\/09\/foto117882-300x200.jpg 300w, https:\/\/www.corumbaonline.com.br\/news\/wp-content\/uploads\/2022\/09\/foto117882.jpg 441w\" sizes=\"auto, (max-width: 300px) 100vw, 300px\" \/><figcaption id=\"caption-attachment-11727758\" class=\"wp-caption-text\">Solicita\u00e7\u00e3o partiu do vereador Luciano Costa (Foto: Ascom)<\/figcaption><\/figure>\n<p>O vereador Luciano Costa est\u00e1 solicitando o encaminhamento do contrato firmado com a empresa respons\u00e1vel pelos servi\u00e7os referentes ao sistema de ilumina\u00e7\u00e3o p\u00fablica da cidade, bem como a planilha de trabalhos realizados nos anos de 2021 e 2022.<\/p>\n<p>O pedido foi feito na sess\u00e3o ordin\u00e1ria de ontem, segunda-feira, 19, da C\u00e2mara Municipal de Corumb\u00e1, e direcionado ao secret\u00e1rio Ricardo Ametlla, de Infraestrutura e Servi\u00e7os P\u00fablicos.<\/p>\n<p>No documento, o vereador pede tamb\u00e9m a planilha dos servi\u00e7os que faltam ser realizados at\u00e9 dezembro de 2022. Em sua justificativa, Luciano explicou que v\u00e1rios bairros da cidade est\u00e3o em ilumina\u00e7\u00e3o p\u00fablica devido \u00e0 falta de l\u00e2mpadas e outros itens, e que \u00e9 preciso acompanhar os servi\u00e7os de perto, para que a popula\u00e7\u00e3o seja bem atendida.<\/p>\n","protected":false},"excerpt":{"rendered":"<p>O vereador Luciano Costa est\u00e1 solicitando o encaminhamento do contrato firmado com a empresa respons\u00e1vel&#8230;<\/p>\n","protected":false},"author":63,"featured_media":0,"comment_status":"closed","ping_status":"closed","sticky":false,"template":"","format":"standard","meta":{"footnotes":""},"categories":[19],"tags":[],"class_list":["post-11727757","post","type-post","status-publish","format-standard","hentry","category-politica"],"_links":{"self":[{"href":"https:\/\/www.corumbaonline.com.br\/news\/wp-json\/wp\/v2\/posts\/11727757","targetHints":{"allow":["GET"]}}],"collection":[{"href":"https:\/\/www.corumbaonline.com.br\/news\/wp-json\/wp\/v2\/posts"}],"about":[{"href":"https:\/\/www.corumbaonline.com.br\/news\/wp-json\/wp\/v2\/types\/post"}],"author":[{"embeddable":true,"href":"https:\/\/www.corumbaonline.com.br\/news\/wp-json\/wp\/v2\/users\/63"}],"replies":[{"embeddable":true,"href":"https:\/\/www.corumbaonline.com.br\/news\/wp-json\/wp\/v2\/comments?post=11727757"}],"version-history":[{"count":1,"href":"https:\/\/www.corumbaonline.com.br\/news\/wp-json\/wp\/v2\/posts\/11727757\/revisions"}],"predecessor-version":[{"id":11727759,"href":"https:\/\/www.corumbaonline.com.br\/news\/wp-json\/wp\/v2\/posts\/11727757\/revisions\/11727759"}],"wp:attachment":[{"href":"https:\/\/www.corumbaonline.com.br\/news\/wp-json\/wp\/v2\/media?parent=11727757"}],"wp:term":[{"taxonomy":"category","embeddable":true,"href":"https:\/\/www.corumbaonline.com.br\/news\/wp-json\/wp\/v2\/categories?post=11727757"},{"taxonomy":"post_tag","embeddable":true,"href":"https:\/\/www.corumbaonline.com.br\/news\/wp-json\/wp\/v2\/tags?post=11727757"}],"curies":[{"name":"wp","href":"https:\/\/api.w.org\/{rel}","templated":true}]}}