{"id":11728227,"date":"2022-10-10T08:33:00","date_gmt":"2022-10-10T12:33:00","guid":{"rendered":"http:\/\/www.corumbaonline.com.br\/news\/?p=11728227"},"modified":"2022-10-10T09:34:50","modified_gmt":"2022-10-10T13:34:50","slug":"rose-deve-anunciar-apoio-a-capitao-contar-nesta-segunda-feira","status":"publish","type":"post","link":"https:\/\/www.corumbaonline.com.br\/news\/rose-deve-anunciar-apoio-a-capitao-contar-nesta-segunda-feira\/","title":{"rendered":"Rose deve anunciar apoio a Capit\u00e3o Contar nesta segunda-feira"},"content":{"rendered":"<p>Rose Modesto (Uni\u00e3o Brasil) deve anunciar apoio Capit\u00e3o Contar (PRTB), nesta segunda-feira (10). Contar e Eduardo Riedel (PSDB) disputam \u00e0s elei\u00e7\u00f5es ao governado de\u00a0<a class=\"st_tag internal_tag \" title=\"not\u00edcias sobre Mato Grosso do Sul\" href=\"https:\/\/midiamax.uol.com.br\/tag\/mato-grosso-do-sul\/\" rel=\"tag\">Mato Grosso do Sul<\/a>\u00a0neste segundo turno.<\/p>\n<p>J\u00e1 o MDB de Andr\u00e9 Puccinelli, candidato terceiro colocado nas elei\u00e7\u00f5es, segue com tratativas para definir apoio ao 2\u00ba turno no Estado, por\u00e9m, liberou os filiados para seguirem caminhos individuais na \u00faltima sexta-feira (7).<\/p>\n<p>\u201cAp\u00f3s o resultado do primeiro turno das elei\u00e7\u00f5es, tomamos a iniciativa de consultar as nossas lideran\u00e7as, segmentos e filiados, o que ainda estamos fazendo\u201d, disse o presidente do diret\u00f3rio estadual, J\u00fanior Mochi, na \u00faltima sexta-feira (07).<\/p>\n<p>Com isso, o diret\u00f3rio n\u00e3o se declarou neutro e ainda ir\u00e1 definir quem apoiar\u00e1 no 2\u00ba turno. O partido em MS tamb\u00e9m ainda n\u00e3o anunciou apoio em cen\u00e1rio nacional, em que Lula (PT) e Jair Bolsonaro (PL) concorrem \u00e0 Presid\u00eancia da Rep\u00fablica no 2\u00ba turno.<\/p>\n<p>J\u00e1 Giselle Marquse (PT) ficar\u00e1 neutra neste segundo turno e\u00a0<a class=\"st_tag internal_tag \" title=\"not\u00edcias sobre Marquinhos\" href=\"https:\/\/midiamax.uol.com.br\/tag\/marquinhos\/\" rel=\"tag\">Marquinhos<\/a>\u00a0Trad (PSD) j\u00e1 anunciou seu apoio a Contar.<\/p>\n<p>Capit\u00e3o Contar (PRTB) somou 384.255 votos (26,71%), Eduardo Riedel (PSDB) teve 361.981 votos, (25,16%). \u00a0Andr\u00e9 Puccinelli (MDB), em terceiro com 247.093 votos (17,18%), seguido por Rose Modesto (Uni\u00e3o Brasil), 178.599 votos (12,42%). Giselle Marques (PT) na quinta posi\u00e7\u00e3o com 135.556 (9,42%) e Marquinhos Trad (PSD), 124.795 votos, (9,68%).<\/p>\n","protected":false},"excerpt":{"rendered":"<p>Rose Modesto (Uni\u00e3o Brasil) deve anunciar apoio Capit\u00e3o Contar (PRTB), nesta segunda-feira (10). Contar e&#8230;<\/p>\n","protected":false},"author":10,"featured_media":0,"comment_status":"closed","ping_status":"closed","sticky":false,"template":"","format":"standard","meta":{"footnotes":""},"categories":[101],"tags":[],"class_list":["post-11728227","post","type-post","status-publish","format-standard","hentry","category-eleicoes"],"_links":{"self":[{"href":"https:\/\/www.corumbaonline.com.br\/news\/wp-json\/wp\/v2\/posts\/11728227","targetHints":{"allow":["GET"]}}],"collection":[{"href":"https:\/\/www.corumbaonline.com.br\/news\/wp-json\/wp\/v2\/posts"}],"about":[{"href":"https:\/\/www.corumbaonline.com.br\/news\/wp-json\/wp\/v2\/types\/post"}],"author":[{"embeddable":true,"href":"https:\/\/www.corumbaonline.com.br\/news\/wp-json\/wp\/v2\/users\/10"}],"replies":[{"embeddable":true,"href":"https:\/\/www.corumbaonline.com.br\/news\/wp-json\/wp\/v2\/comments?post=11728227"}],"version-history":[{"count":1,"href":"https:\/\/www.corumbaonline.com.br\/news\/wp-json\/wp\/v2\/posts\/11728227\/revisions"}],"predecessor-version":[{"id":11728228,"href":"https:\/\/www.corumbaonline.com.br\/news\/wp-json\/wp\/v2\/posts\/11728227\/revisions\/11728228"}],"wp:attachment":[{"href":"https:\/\/www.corumbaonline.com.br\/news\/wp-json\/wp\/v2\/media?parent=11728227"}],"wp:term":[{"taxonomy":"category","embeddable":true,"href":"https:\/\/www.corumbaonline.com.br\/news\/wp-json\/wp\/v2\/categories?post=11728227"},{"taxonomy":"post_tag","embeddable":true,"href":"https:\/\/www.corumbaonline.com.br\/news\/wp-json\/wp\/v2\/tags?post=11728227"}],"curies":[{"name":"wp","href":"https:\/\/api.w.org\/{rel}","templated":true}]}}