{"id":11728242,"date":"2022-10-12T08:21:00","date_gmt":"2022-10-12T12:21:00","guid":{"rendered":"http:\/\/www.corumbaonline.com.br\/news\/?p=11728242"},"modified":"2022-10-12T09:46:29","modified_gmt":"2022-10-12T13:46:29","slug":"candidatos-ao-governo-de-ms-cumprem-agenda-em-campo-grande-nesta-quarta-feira","status":"publish","type":"post","link":"https:\/\/www.corumbaonline.com.br\/news\/candidatos-ao-governo-de-ms-cumprem-agenda-em-campo-grande-nesta-quarta-feira\/","title":{"rendered":"Candidatos ao governo de MS cumprem agenda em Campo Grande nesta quarta-feira"},"content":{"rendered":"<p>Os candidatos ao governo de\u00a0<a class=\"st_tag internal_tag \" title=\"not\u00edcias sobre Mato Grosso\" href=\"https:\/\/midiamax.uol.com.br\/tag\/mato-grosso\/\" rel=\"tag\">Mato Grosso<\/a>\u00a0do Sul nas elei\u00e7\u00f5es gerais de 2022 cumprem agenda de campanha em Campo Grande nesta quarta-feira (12). A lista de compromissos foi confirmada pelas equipes dos postulantes.<\/p>\n<p>Em 2 de outubro, Renan Barbosa Contar, o Capit\u00e3o Contar (PRTB), e Eduardo Riedel (PSDB),\u00a0<a href=\"https:\/\/midiamax.uol.com.br\/politica\/2022\/contar-tem-2672-riedel-fica-com-2517-e-mato-grosso-do-sul-tera-2o-turno-para-o-governo\/\" target=\"_blank\" rel=\"noreferrer noopener\">se classificaram para o segundo turno<\/a>. Nenhum candidato na primeira volta obteve mais de 50% para que o pleito se encerrasse na ocasi\u00e3o.<\/p>\n<p>Contar obteve 26,71% dos votos v\u00e1lidos, enquanto Riedel conquistou 25,16%. O\u00a0<a class=\"st_tag internal_tag \" title=\"not\u00edcias sobre segundo turno\" href=\"https:\/\/midiamax.uol.com.br\/tag\/segundo-turno\/\" rel=\"tag\">segundo turno<\/a>\u00a0<a href=\"https:\/\/www.tre-sp.jus.br\/eleicoes\/eleicoes-2022\/calendario-eleitoral-resumido\" target=\"_blank\" rel=\"noreferrer noopener\">ser\u00e1 em 30 de outubro<\/a>.<\/p>\n<h3 id=\"h-agenda-dos-candidatos\">Agenda dos candidatos<\/h3>\n<p>Capit\u00e3o Contar concede entrevistas a emissoras de r\u00e1dios do interior, se re\u00fane com vereadores e lideran\u00e7as comunit\u00e1rias de Campo Grande. O candidato tamb\u00e9m participa de reuni\u00f5es com a equipe de campanha.<\/p>\n<p>Eduardo Riedel se re\u00fane com a equipe e lideran\u00e7as comunit\u00e1rias pela manh\u00e3. \u00c0 tarde, grava programa eleitoral e participa de reuni\u00f5es internas. No final do dia se re\u00fane com apoiadores, lideran\u00e7as e representantes de diversos segmentos.<\/p>\n","protected":false},"excerpt":{"rendered":"<p>Os candidatos ao governo de\u00a0Mato Grosso\u00a0do Sul nas elei\u00e7\u00f5es gerais de 2022 cumprem agenda de&#8230;<\/p>\n","protected":false},"author":10,"featured_media":11728243,"comment_status":"closed","ping_status":"closed","sticky":false,"template":"","format":"standard","meta":{"footnotes":""},"categories":[101],"tags":[],"class_list":["post-11728242","post","type-post","status-publish","format-standard","has-post-thumbnail","hentry","category-eleicoes"],"_links":{"self":[{"href":"https:\/\/www.corumbaonline.com.br\/news\/wp-json\/wp\/v2\/posts\/11728242","targetHints":{"allow":["GET"]}}],"collection":[{"href":"https:\/\/www.corumbaonline.com.br\/news\/wp-json\/wp\/v2\/posts"}],"about":[{"href":"https:\/\/www.corumbaonline.com.br\/news\/wp-json\/wp\/v2\/types\/post"}],"author":[{"embeddable":true,"href":"https:\/\/www.corumbaonline.com.br\/news\/wp-json\/wp\/v2\/users\/10"}],"replies":[{"embeddable":true,"href":"https:\/\/www.corumbaonline.com.br\/news\/wp-json\/wp\/v2\/comments?post=11728242"}],"version-history":[{"count":2,"href":"https:\/\/www.corumbaonline.com.br\/news\/wp-json\/wp\/v2\/posts\/11728242\/revisions"}],"predecessor-version":[{"id":11728259,"href":"https:\/\/www.corumbaonline.com.br\/news\/wp-json\/wp\/v2\/posts\/11728242\/revisions\/11728259"}],"wp:featuredmedia":[{"embeddable":true,"href":"https:\/\/www.corumbaonline.com.br\/news\/wp-json\/wp\/v2\/media\/11728243"}],"wp:attachment":[{"href":"https:\/\/www.corumbaonline.com.br\/news\/wp-json\/wp\/v2\/media?parent=11728242"}],"wp:term":[{"taxonomy":"category","embeddable":true,"href":"https:\/\/www.corumbaonline.com.br\/news\/wp-json\/wp\/v2\/categories?post=11728242"},{"taxonomy":"post_tag","embeddable":true,"href":"https:\/\/www.corumbaonline.com.br\/news\/wp-json\/wp\/v2\/tags?post=11728242"}],"curies":[{"name":"wp","href":"https:\/\/api.w.org\/{rel}","templated":true}]}}