{"id":11728267,"date":"2022-10-12T10:13:00","date_gmt":"2022-10-12T14:13:00","guid":{"rendered":"http:\/\/www.corumbaonline.com.br\/news\/?p=11728267"},"modified":"2022-10-12T10:54:12","modified_gmt":"2022-10-12T14:54:12","slug":"apos-audio-sobre-fechar-empresa-se-lula-ganhar-ex-prefeito-e-proibido-por-juiza-de-ameacar-equipe-em-relacao-ao-voto","status":"publish","type":"post","link":"https:\/\/www.corumbaonline.com.br\/news\/apos-audio-sobre-fechar-empresa-se-lula-ganhar-ex-prefeito-e-proibido-por-juiza-de-ameacar-equipe-em-relacao-ao-voto\/","title":{"rendered":"Ap\u00f3s \u00e1udio sobre fechar empresa se Lula ganhar, ex-prefeito \u00e9 proibido por ju\u00edza de amea\u00e7ar equipe em rela\u00e7\u00e3o ao voto"},"content":{"rendered":"<p>Ap\u00f3s o ex-prefeito de\u00a0<a href=\"https:\/\/g1.globo.com\/go\/goias\/cidade\/porangatu\/\">Porangatu<\/a>\u00a0e empres\u00e1rio Eronildo Lopes Valadares\u00a0<a href=\"https:\/\/g1.globo.com\/go\/goias\/noticia\/2022\/10\/11\/ex-prefeito-de-porangatu-diz-em-audio-que-vai-fechar-empresa-se-lula-ganhar-eleicao-mpt-investiga-ameaca.ghtml\">dizer em um \u00e1udio que vai fechar a empresa<\/a>\u00a0se\u00a0<a href=\"https:\/\/g1.globo.com\/politica\/politico\/lula\/\">Lula<\/a>, do\u00a0<a href=\"https:\/\/g1.globo.com\/politica\/partido\/pt\/\">PT<\/a>, ganhar a elei\u00e7\u00e3o, a Justi\u00e7a do Trabalho proibiu nesta quarta-feira (12) que ele ameace os funcion\u00e1rios em rela\u00e7\u00e3o a escolha do voto. Em caso de descumprimento, ele pode pagar multa.<\/p>\n<p>Eronildo \u00e9 empres\u00e1rio do ramo agropecu\u00e1rio e dono da Valadares Empresarial, uma loja de materiais para constru\u00e7\u00e3o. No in\u00edcio do \u00e1udio que tem pouco mais de 1 minuto de dura\u00e7\u00e3o, ele diz que os funcion\u00e1rios est\u00e3o todos preocupados com o 2\u00ba turno da elei\u00e7\u00e3o. Ainda fala que parou de comprar produtos de fornecedores petistas.<\/p>\n\n\n<blockquote class=\"wp-block-quote is-layout-flow wp-block-quote-is-layout-flow\"><p>&#8220;\u00c9 isso que temos que estar falando, mostrar o seguinte: se querem o emprego, que deem valor em quem arruma emprego, quem d\u00e1 a oportunidade para eles trabalharem. Se n\u00e3o, v\u00e3o ter que procurar o pessoal do PT para arrumar emprego&#8221;, diz o ex-prefeito.<\/p><\/blockquote>\n\n\n<div class=\"mc-column content-text active-extra-styles \" data-block-type=\"unstyled\" data-block-weight=\"64\" data-block-id=\"10\">\n<p class=\"content-text__container \" data-track-category=\"Link no Texto\" data-track-links=\"\">Assim que o \u00e1udio veio \u00e0 tona, o empres\u00e1rio se pronunciou por meio de nota. Ele disse que o \u00e1udio foi distorcido e que nunca obrigou qualquer colaborador a seguir seus ideais pol\u00edticos, bem como tem garantido a liberdade do voto livre e secreto\u00a0<strong><em>(leia a \u00edntegra ao final).\u00a0<\/em><\/strong>Nesta quarta-feira, a defesa de Eronildo informou que ainda n\u00e3o foi intimada da decis\u00e3o.<\/p>\n<\/div>\n<div class=\"mc-column content-text active-extra-styles \" data-block-type=\"unstyled\" data-block-weight=\"32\" data-block-id=\"11\">\n<p class=\"content-text__container \" data-track-category=\"Link no Texto\" data-track-links=\"\">Em 2012, Eronildo Valadares\u00a0<a href=\"https:\/\/g1.globo.com\/go\/goias\/apuracao\/porangatu.html\">foi eleito prefeito<\/a>\u00a0de Porangatu pelo MDB e teve Galeno, do Partido dos Trabalhadores, como vice-prefeito. A chapa obteve 13.687 votos, o que representou 58,19% dos votos v\u00e1lidos.<\/p>\n<\/div>\n\n<div class=\"mc-column content-text active-extra-styles\" data-block-type=\"raw\" data-block-weight=\"1\" data-block-id=\"14\">\n<div class=\"content-intertitle\">\n<h2>Decis\u00e3o<\/h2>\n<\/div>\n<p>\u00a0<\/p>\n<\/div>\n<div class=\"mc-column content-text active-extra-styles \" data-block-type=\"unstyled\" data-block-weight=\"57\" data-block-id=\"15\">\n<p class=\"content-text__container \" data-track-category=\"Link no Texto\" data-track-links=\"\">A liminar foi dada pela ju\u00edza do trabalho Carolina de Jesus Nunes. O documento tem como base uma a\u00e7\u00e3o civil p\u00fablica ajuizada pelo Minist\u00e9rio P\u00fablico do Trabalho em Goi\u00e1s (MPT-GO), depois que Eronildo se recusou a assinar um termo de ajuste de conduta (TAC) proposto pela institui\u00e7\u00e3o para se comprometer a deixar de praticar coa\u00e7\u00e3o eleitoral.<\/p>\n<\/div>\n<div class=\"mc-column content-text active-extra-styles \" data-block-type=\"unstyled\" data-block-weight=\"6\" data-block-id=\"16\">\n<p class=\"content-text__container \" data-track-category=\"Link no Texto\" data-track-links=\"\"><strong>Entre as obriga\u00e7\u00f5es impostas est\u00e3o:<\/strong><\/p>\n<\/div>\n<div class=\"mc-column content-text active-extra-styles\" data-block-type=\"raw\" data-block-weight=\"68\" data-block-id=\"17\">\n<p class=\"content-text__container\">\u00a0<\/p>\n<ul class=\"content-unordered-list\">\n<li>Garantir aos trabalhadores o direito fundamental \u00e0 livre orienta\u00e7\u00e3o pol\u00edtica e \u00e0 liberdade de filia\u00e7\u00e3o partid\u00e1ria;<\/li>\n<li>Deixar de fazer amea\u00e7as ou promessas de concess\u00e3o de benef\u00edcio ou vantagem em favor ou desfavor de qualquer candidato ou candidata ou partido pol\u00edtico;<\/li>\n<li>Deixar de discriminar ou perseguir trabalhadores por cren\u00e7a, convic\u00e7\u00e3o pol\u00edtica, de modo que n\u00e3o sejam praticados atos de ass\u00e9dio ou coa\u00e7\u00e3o eleitoral, no intuito de constrangimento e intimida\u00e7\u00e3o.<\/li>\n<\/ul>\n<p>\u00a0<\/p>\n<\/div>\n<div class=\"mc-column content-text active-extra-styles \" data-block-type=\"unstyled\" data-block-weight=\"19\" data-block-id=\"18\">\n<p class=\"content-text__container \" data-track-category=\"Link no Texto\" data-track-links=\"\">Em caso de descumprimento das obriga\u00e7\u00f5es, est\u00e1 prevista uma multa de R$ 45 mil por item n\u00e3o cumprido.<\/p>\n<\/div>\n<div class=\"mc-column content-text active-extra-styles \" data-block-type=\"unstyled\" data-block-weight=\"39\" data-block-id=\"19\">\n<p class=\"content-text__container \" data-track-category=\"Link no Texto\" data-track-links=\"\">Al\u00e9m de ajuizar a\u00e7\u00e3o, o MPT-GO expediu uma recomenda\u00e7\u00e3o \u00e0 Federa\u00e7\u00e3o das Associa\u00e7\u00f5es Comerciais, Industriais, Empresariais e Agropecu\u00e1rias do Estado de Goi\u00e1s (Facieg), com o objetivo de alertar empres\u00e1rios e empregadores quanto ao ass\u00e9dio eleitoral no ambiente de trabalho.<\/p>\n<\/div>\n<div class=\"mc-column content-text active-extra-styles \" data-block-type=\"unstyled\" data-block-weight=\"22\" data-block-id=\"20\">\n<p class=\"content-text__container \" data-track-category=\"Link no Texto\" data-track-links=\"\">O\u00a0<a href=\"https:\/\/g1.globo.com\/go\/goias\/\"><strong>g1\u00a0<\/strong><\/a>entrou em contato com a Facieg, por mensagem de texto, \u00e0s 10h21, e aguarda retorno com posicionamento da federa\u00e7\u00e3o.<\/p>\n<p data-track-category=\"Link no Texto\" data-track-links=\"\">Valadares diz no \u00e1udio que acredita que todos os eleitores do candidato Jair Bolsonaro, do PL, t\u00eam condi\u00e7\u00f5es de conquistar mais um voto.<\/p>\n<p data-track-category=\"Link no Texto\" data-track-links=\"\">Em outra frente, o empres\u00e1rio afirmou tamb\u00e9m que n\u00e3o compra produtos para sua empresa de fornecedores que sejam petistas. &#8220;Tamb\u00e9m n\u00e3o compro de mais ningu\u00e9m que seja PT. Se o dono \u00e9 PT, n\u00e3o compro&#8221;, enfatizou.<\/p>\n<\/div>\n\n\n<blockquote class=\"wp-block-quote is-layout-flow wp-block-quote-is-layout-flow\"><p>&#8220;Se 10% dos eleitores do Bolsonaro conquistar mais um voto, com certeza ele ganha essas elei\u00e7\u00f5es&#8221;, arremata.<\/p><\/blockquote>\n\n\n<div class=\"mc-column content-text active-extra-styles\" data-block-type=\"raw\" data-block-weight=\"4\" data-block-id=\"30\">\n<div class=\"content-intertitle\">\n<h2>Nota de Eronildo Valadares<\/h2>\n<\/div>\n<p>\u00a0<\/p>\n<\/div>\n<div class=\"mc-column content-text active-extra-styles \" data-block-type=\"unstyled\" data-block-weight=\"30\" data-block-id=\"31\">\n<p class=\"content-text__container \" data-track-category=\"Link no Texto\" data-track-links=\"\"><em>Em primeiro lugar, gostaria de repudiar as ila\u00e7\u00f5es e distor\u00e7\u00f5es do \u00e1udio em quest\u00e3o, o qual foi realizando em grupo fechado da associa\u00e7\u00e3o dos produtores de S\u00e3o F\u00e9lix do Xingu.<\/em><\/p>\n<\/div>\n<div class=\"mc-column content-text active-extra-styles \" data-block-type=\"unstyled\" data-block-weight=\"40\" data-block-id=\"32\">\n<p class=\"content-text__container \" data-track-category=\"Link no Texto\" data-track-links=\"\"><em>Estou na vida p\u00fablica desde 1998, sendo candidato ou diretamente envolvido desde 2002, em todo esse per\u00edodo sou empres\u00e1rio e agropecuarista, nunca tendo obrigado qualquer colaborador seguir meus ideais pol\u00edticos, bem como garantido a liberdade do voto livre e secreto.<\/em><\/p>\n<\/div>\n<div class=\"mc-column content-text active-extra-styles \" data-block-type=\"unstyled\" data-block-weight=\"50\" data-block-id=\"33\">\n<p class=\"content-text__container \" data-track-category=\"Link no Texto\" data-track-links=\"\"><em>Quando candidato \u00e0 reelei\u00e7\u00e3o n\u00e3o obriguei qualquer colaborador das minhas empresas ou da administra\u00e7\u00e3o p\u00fablica a votar na minha pessoa, em meu \u00e1udio deixo bem claro a minha posi\u00e7\u00e3o pol\u00edtica, bem como decis\u00f5es pessoais, individuais e intransfer\u00edveis que compete \u00fanica e exclusivamente a minha pessoa e ou sociedade que administro.<\/em><\/p>\n<div class=\"mc-column content-text active-extra-styles \" data-block-type=\"unstyled\" data-block-weight=\"36\" data-block-id=\"35\">\n<p class=\"content-text__container \" data-track-category=\"Link no Texto\" data-track-links=\"\"><em>Fa\u00e7o uso da minha liberdade de express\u00e3o, bem como dou ci\u00eancia \u00e0queles que a minha volta precisa tomar suas decis\u00f5es, em nenhum momento violei qualquer direito individual de escolha ou forcei qualquer tomada de decis\u00e3o alheia.<\/em><\/p>\n<\/div>\n<div class=\"mc-column content-text active-extra-styles \" data-block-type=\"unstyled\" data-block-weight=\"38\" data-block-id=\"36\">\n<p class=\"content-text__container \" data-track-category=\"Link no Texto\" data-track-links=\"\"><em>Como empres\u00e1rio do ramo da constru\u00e7\u00e3o civil e agropecuarista, tenho a obriga\u00e7\u00e3o de antecipar e alertar todos que comigo trabalham sobre potenciais riscos que podem interferir fortemente em nossos neg\u00f3cios levando, inclusive, ao fechamento de empresas e desempregos.<\/em><\/p>\n<\/div>\n<div class=\"mc-column content-text active-extra-styles \" data-block-type=\"unstyled\" data-block-weight=\"38\" data-block-id=\"37\">\n<p class=\"content-text__container \" data-track-category=\"Link no Texto\" data-track-links=\"\"><em>Qualquer afirma\u00e7\u00e3o diferente disso, n\u00e3o passa de mentiras produzidas com o intuito de tentar desabonar minha reputa\u00e7\u00e3o e atrapalhar a reflex\u00e3o que quero que as pessoas tenham nesta que pode ser a elei\u00e7\u00e3o mais importante para nossa na\u00e7\u00e3o.<\/em><\/p>\n<\/div>\n<div class=\"mc-column content-text active-extra-styles \" data-block-type=\"unstyled\" data-block-weight=\"27\" data-block-id=\"38\">\n<p class=\"content-text__container \" data-track-category=\"Link no Texto\" data-track-links=\"\"><em>Todos s\u00e3o e sempre foram livres para expressar seus votos, assim como eu tamb\u00e9m sou e por isso o fa\u00e7o em favor do presidente Jair Messias Bolsonaro.<\/em><\/p>\n<\/div>\n<div class=\"mc-column content-text active-extra-styles \" data-block-type=\"unstyled\" data-block-weight=\"27\" data-block-id=\"39\">\n<p class=\"content-text__container \" data-track-category=\"Link no Texto\" data-track-links=\"\"><em>Como democrata e brasileiro, estarei sempre na defesa da liberdade e dos valores que devem ser a base da nossa sociedade.<br \/>Assinado: Eronildo Lopes Valadares, empres\u00e1rio e agropecuarista.<\/em><\/p>\n<\/div>\n<\/div>","protected":false},"excerpt":{"rendered":"<p>Ap\u00f3s o ex-prefeito de\u00a0Porangatu\u00a0e empres\u00e1rio Eronildo Lopes Valadares\u00a0dizer em um \u00e1udio que vai fechar a&#8230;<\/p>\n","protected":false},"author":3,"featured_media":0,"comment_status":"closed","ping_status":"closed","sticky":false,"template":"","format":"standard","meta":{"footnotes":""},"categories":[101],"tags":[],"class_list":["post-11728267","post","type-post","status-publish","format-standard","hentry","category-eleicoes"],"_links":{"self":[{"href":"https:\/\/www.corumbaonline.com.br\/news\/wp-json\/wp\/v2\/posts\/11728267","targetHints":{"allow":["GET"]}}],"collection":[{"href":"https:\/\/www.corumbaonline.com.br\/news\/wp-json\/wp\/v2\/posts"}],"about":[{"href":"https:\/\/www.corumbaonline.com.br\/news\/wp-json\/wp\/v2\/types\/post"}],"author":[{"embeddable":true,"href":"https:\/\/www.corumbaonline.com.br\/news\/wp-json\/wp\/v2\/users\/3"}],"replies":[{"embeddable":true,"href":"https:\/\/www.corumbaonline.com.br\/news\/wp-json\/wp\/v2\/comments?post=11728267"}],"version-history":[{"count":2,"href":"https:\/\/www.corumbaonline.com.br\/news\/wp-json\/wp\/v2\/posts\/11728267\/revisions"}],"predecessor-version":[{"id":11728269,"href":"https:\/\/www.corumbaonline.com.br\/news\/wp-json\/wp\/v2\/posts\/11728267\/revisions\/11728269"}],"wp:attachment":[{"href":"https:\/\/www.corumbaonline.com.br\/news\/wp-json\/wp\/v2\/media?parent=11728267"}],"wp:term":[{"taxonomy":"category","embeddable":true,"href":"https:\/\/www.corumbaonline.com.br\/news\/wp-json\/wp\/v2\/categories?post=11728267"},{"taxonomy":"post_tag","embeddable":true,"href":"https:\/\/www.corumbaonline.com.br\/news\/wp-json\/wp\/v2\/tags?post=11728267"}],"curies":[{"name":"wp","href":"https:\/\/api.w.org\/{rel}","templated":true}]}}