{"id":11728293,"date":"2022-10-13T09:35:00","date_gmt":"2022-10-13T13:35:00","guid":{"rendered":"http:\/\/www.corumbaonline.com.br\/news\/?p=11728293"},"modified":"2022-10-14T08:34:13","modified_gmt":"2022-10-14T12:34:13","slug":"candidatos-ao-governo-de-ms-ficam-em-campo-grande-nesta-quinta-feira","status":"publish","type":"post","link":"https:\/\/www.corumbaonline.com.br\/news\/candidatos-ao-governo-de-ms-ficam-em-campo-grande-nesta-quinta-feira\/","title":{"rendered":"Candidatos ao Governo de MS ficam em Campo Grande nesta quinta-feira"},"content":{"rendered":"<p>Nesta quinta-feira (13), candidatos a governador de Mato Grosso do Sul focam as agendas em Campo Grande. As agendas s\u00e3o confirmadas pelas assessorias dos postulantes que seguem para o\u00a0<a class=\"st_tag internal_tag \" title=\"not\u00edcias sobre segundo turno\" href=\"https:\/\/midiamax.uol.com.br\/tag\/segundo-turno\/\" rel=\"tag\">segundo turno<\/a>.<\/p>\n<p>Ap\u00f3s o primeiro turno das elei\u00e7\u00f5es, no domingo (2),<a href=\"https:\/\/midiamax.uol.com.br\/politica\/2022\/contar-tem-2672-riedel-fica-com-2517-e-mato-grosso-do-sul-tera-2o-turno-para-o-governo\/\">\u00a0dois candidatos seguiram para o segundo turno<\/a>\u00a0para disputar o Governo de MS.\u00a0<a class=\"st_tag internal_tag \" title=\"not\u00edcias sobre Capit\u00e3o Contar\" href=\"https:\/\/midiamax.uol.com.br\/tag\/capitao-contar\/\" rel=\"tag\">Capit\u00e3o Contar<\/a>\u00a0(PRTB) teve 26,71% dos\u00a0<a href=\"https:\/\/resultados.tse.jus.br\/oficial\/app\/index.html#\/eleicao;e=e544;uf=ms;ufbu=ms\/resultados\">votos\u00a0<\/a>e Eduardo Riedel (PSDB) teve 25,16% dos votos.<\/p>\n<h3 id=\"h-agendas-dos-candidatos\">Agendas dos candidatos<\/h3>\n<p>Capit\u00e3o Contar (PRTB) fica em Campo Grande para entrevistas, visita ao centro da Capital e tamb\u00e9m faz carreata durante a tarde.<\/p>\n<div><\/div>\n<div><\/div>\n<p>Eduardo Riedel (PSDB) tamb\u00e9m participa de entrevistas em Campo Grande, al\u00e9m disso, se encontra com a popula\u00e7\u00e3o campo-grandense.<\/p>\n","protected":false},"excerpt":{"rendered":"<p>Nesta quinta-feira (13), candidatos a governador de Mato Grosso do Sul focam as agendas em&#8230;<\/p>\n","protected":false},"author":10,"featured_media":11728243,"comment_status":"closed","ping_status":"closed","sticky":false,"template":"","format":"standard","meta":{"footnotes":""},"categories":[101],"tags":[],"class_list":["post-11728293","post","type-post","status-publish","format-standard","has-post-thumbnail","hentry","category-eleicoes"],"_links":{"self":[{"href":"https:\/\/www.corumbaonline.com.br\/news\/wp-json\/wp\/v2\/posts\/11728293","targetHints":{"allow":["GET"]}}],"collection":[{"href":"https:\/\/www.corumbaonline.com.br\/news\/wp-json\/wp\/v2\/posts"}],"about":[{"href":"https:\/\/www.corumbaonline.com.br\/news\/wp-json\/wp\/v2\/types\/post"}],"author":[{"embeddable":true,"href":"https:\/\/www.corumbaonline.com.br\/news\/wp-json\/wp\/v2\/users\/10"}],"replies":[{"embeddable":true,"href":"https:\/\/www.corumbaonline.com.br\/news\/wp-json\/wp\/v2\/comments?post=11728293"}],"version-history":[{"count":2,"href":"https:\/\/www.corumbaonline.com.br\/news\/wp-json\/wp\/v2\/posts\/11728293\/revisions"}],"predecessor-version":[{"id":11728310,"href":"https:\/\/www.corumbaonline.com.br\/news\/wp-json\/wp\/v2\/posts\/11728293\/revisions\/11728310"}],"wp:featuredmedia":[{"embeddable":true,"href":"https:\/\/www.corumbaonline.com.br\/news\/wp-json\/wp\/v2\/media\/11728243"}],"wp:attachment":[{"href":"https:\/\/www.corumbaonline.com.br\/news\/wp-json\/wp\/v2\/media?parent=11728293"}],"wp:term":[{"taxonomy":"category","embeddable":true,"href":"https:\/\/www.corumbaonline.com.br\/news\/wp-json\/wp\/v2\/categories?post=11728293"},{"taxonomy":"post_tag","embeddable":true,"href":"https:\/\/www.corumbaonline.com.br\/news\/wp-json\/wp\/v2\/tags?post=11728293"}],"curies":[{"name":"wp","href":"https:\/\/api.w.org\/{rel}","templated":true}]}}