{"id":11728308,"date":"2022-10-14T08:22:00","date_gmt":"2022-10-14T12:22:00","guid":{"rendered":"http:\/\/www.corumbaonline.com.br\/news\/?p=11728308"},"modified":"2022-10-14T08:34:24","modified_gmt":"2022-10-14T12:34:24","slug":"candidatos-a-governador-se-dividem-entre-campo-grande-e-interior-de-ms-nesta-sexta","status":"publish","type":"post","link":"https:\/\/www.corumbaonline.com.br\/news\/candidatos-a-governador-se-dividem-entre-campo-grande-e-interior-de-ms-nesta-sexta\/","title":{"rendered":"Candidatos a governador se dividem entre Campo Grande e interior de MS nesta sexta"},"content":{"rendered":"<p>Candidatos a governador de Mato Grosso do Sul se dividem entre Campo Grande e cidades do\u00a0<a class=\"st_tag internal_tag \" title=\"not\u00edcias sobre interior\" href=\"https:\/\/midiamax.uol.com.br\/tag\/interior\/\" rel=\"tag\">interior<\/a>\u00a0nesta sexta-feira (14). As assessorias confirmaram as agendas dos postulantes que seguem para o\u00a0<a class=\"st_tag internal_tag \" title=\"not\u00edcias sobre segundo turno\" href=\"https:\/\/midiamax.uol.com.br\/tag\/segundo-turno\/\" rel=\"tag\">segundo turno<\/a>.<\/p>\n<p>Ap\u00f3s o primeiro turno das elei\u00e7\u00f5es, no domingo (2),<a href=\"https:\/\/midiamax.uol.com.br\/politica\/2022\/contar-tem-2672-riedel-fica-com-2517-e-mato-grosso-do-sul-tera-2o-turno-para-o-governo\/\">\u00a0dois candidatos seguiram para o segundo turno<\/a>\u00a0para disputar o Governo de MS. Capit\u00e3o Contar (PRTB) teve 26,71% dos\u00a0<a href=\"https:\/\/resultados.tse.jus.br\/oficial\/app\/index.html#\/eleicao;e=e544;uf=ms;ufbu=ms\/resultados\">votos\u00a0<\/a>e Eduardo Riedel (PSDB) teve 25,16% dos votos.<\/p>\n<h3 id=\"h-agendas-dos-candidatos\">Agendas dos candidatos<\/h3>\n<p>Eduardo Riedel (PSDB) concede entrevistas e visita a popula\u00e7\u00e3o de Navira\u00ed e Dourados nesta sexta-feira (14).<\/p>\n<p>Capit\u00e3o Contar (PRTB) segue em Campo Grande para entrevistas, visita bairros da Capital e participa de reuni\u00f5es internas.<\/p>\n","protected":false},"excerpt":{"rendered":"<p>Candidatos a governador de Mato Grosso do Sul se dividem entre Campo Grande e cidades&#8230;<\/p>\n","protected":false},"author":10,"featured_media":11728243,"comment_status":"closed","ping_status":"closed","sticky":false,"template":"","format":"standard","meta":{"footnotes":""},"categories":[101],"tags":[],"class_list":["post-11728308","post","type-post","status-publish","format-standard","has-post-thumbnail","hentry","category-eleicoes"],"_links":{"self":[{"href":"https:\/\/www.corumbaonline.com.br\/news\/wp-json\/wp\/v2\/posts\/11728308","targetHints":{"allow":["GET"]}}],"collection":[{"href":"https:\/\/www.corumbaonline.com.br\/news\/wp-json\/wp\/v2\/posts"}],"about":[{"href":"https:\/\/www.corumbaonline.com.br\/news\/wp-json\/wp\/v2\/types\/post"}],"author":[{"embeddable":true,"href":"https:\/\/www.corumbaonline.com.br\/news\/wp-json\/wp\/v2\/users\/10"}],"replies":[{"embeddable":true,"href":"https:\/\/www.corumbaonline.com.br\/news\/wp-json\/wp\/v2\/comments?post=11728308"}],"version-history":[{"count":2,"href":"https:\/\/www.corumbaonline.com.br\/news\/wp-json\/wp\/v2\/posts\/11728308\/revisions"}],"predecessor-version":[{"id":11728311,"href":"https:\/\/www.corumbaonline.com.br\/news\/wp-json\/wp\/v2\/posts\/11728308\/revisions\/11728311"}],"wp:featuredmedia":[{"embeddable":true,"href":"https:\/\/www.corumbaonline.com.br\/news\/wp-json\/wp\/v2\/media\/11728243"}],"wp:attachment":[{"href":"https:\/\/www.corumbaonline.com.br\/news\/wp-json\/wp\/v2\/media?parent=11728308"}],"wp:term":[{"taxonomy":"category","embeddable":true,"href":"https:\/\/www.corumbaonline.com.br\/news\/wp-json\/wp\/v2\/categories?post=11728308"},{"taxonomy":"post_tag","embeddable":true,"href":"https:\/\/www.corumbaonline.com.br\/news\/wp-json\/wp\/v2\/tags?post=11728308"}],"curies":[{"name":"wp","href":"https:\/\/api.w.org\/{rel}","templated":true}]}}