{"id":11728350,"date":"2022-10-15T08:15:00","date_gmt":"2022-10-15T12:15:00","guid":{"rendered":"http:\/\/www.corumbaonline.com.br\/news\/?p=11728350"},"modified":"2022-10-15T09:50:08","modified_gmt":"2022-10-15T13:50:08","slug":"candidatos-a-governador-de-ms-cumprem-agendas-internas-e-visitas-ao-interior-neste-sabado","status":"publish","type":"post","link":"https:\/\/www.corumbaonline.com.br\/news\/candidatos-a-governador-de-ms-cumprem-agendas-internas-e-visitas-ao-interior-neste-sabado\/","title":{"rendered":"Candidatos a governador de MS cumprem agendas internas e visitas ao interior neste s\u00e1bado"},"content":{"rendered":"<p>Neste s\u00e1bado (15), os candidatos a governador de Mato Grosso do Sul cumprem agendas p\u00fablicas e privadas. As assessorias confirmaram as agendas dos postulantes que seguem para o\u00a0<a class=\"st_tag internal_tag \" title=\"not\u00edcias sobre segundo turno\" href=\"https:\/\/midiamax.uol.com.br\/tag\/segundo-turno\/\" rel=\"tag\">segundo turno<\/a>.<\/p>\n<p>Ap\u00f3s o primeiro turno das elei\u00e7\u00f5es, no domingo (2),<a href=\"https:\/\/midiamax.uol.com.br\/politica\/2022\/contar-tem-2672-riedel-fica-com-2517-e-mato-grosso-do-sul-tera-2o-turno-para-o-governo\/\">\u00a0dois candidatos seguiram para o segundo turno<\/a>\u00a0para disputar o Governo de MS.\u00a0<a class=\"st_tag internal_tag \" title=\"not\u00edcias sobre Capit\u00e3o Contar\" href=\"https:\/\/midiamax.uol.com.br\/tag\/capitao-contar\/\" rel=\"tag\">Capit\u00e3o Contar<\/a>\u00a0(PRTB) teve 26,71% dos\u00a0<a href=\"https:\/\/resultados.tse.jus.br\/oficial\/app\/index.html#\/eleicao;e=e544;uf=ms;ufbu=ms\/resultados\">votos v\u00e1lidos<\/a>\u00a0e Eduardo Riedel (PSDB) teve 25,16% dos votos.<\/p>\n<h3 id=\"h-agendas-dos-candidatos\">Agendas dos candidatos<\/h3>\n<p>Capit\u00e3o Contar (PRTB) cumpre agenda interna e faz reuni\u00e3o com a equipe de campanha.<\/p>\n<div><\/div>\n<div><\/div>\n<p>Eduardo Riedel (PSDB) fica por Dourados durante o dia, para encontro com apoiadores, e retorna a Campo Grande.<\/p>\n","protected":false},"excerpt":{"rendered":"<p>Neste s\u00e1bado (15), os candidatos a governador de Mato Grosso do Sul cumprem agendas p\u00fablicas&#8230;<\/p>\n","protected":false},"author":10,"featured_media":11728243,"comment_status":"closed","ping_status":"closed","sticky":false,"template":"","format":"standard","meta":{"footnotes":""},"categories":[101],"tags":[],"class_list":["post-11728350","post","type-post","status-publish","format-standard","has-post-thumbnail","hentry","category-eleicoes"],"_links":{"self":[{"href":"https:\/\/www.corumbaonline.com.br\/news\/wp-json\/wp\/v2\/posts\/11728350","targetHints":{"allow":["GET"]}}],"collection":[{"href":"https:\/\/www.corumbaonline.com.br\/news\/wp-json\/wp\/v2\/posts"}],"about":[{"href":"https:\/\/www.corumbaonline.com.br\/news\/wp-json\/wp\/v2\/types\/post"}],"author":[{"embeddable":true,"href":"https:\/\/www.corumbaonline.com.br\/news\/wp-json\/wp\/v2\/users\/10"}],"replies":[{"embeddable":true,"href":"https:\/\/www.corumbaonline.com.br\/news\/wp-json\/wp\/v2\/comments?post=11728350"}],"version-history":[{"count":2,"href":"https:\/\/www.corumbaonline.com.br\/news\/wp-json\/wp\/v2\/posts\/11728350\/revisions"}],"predecessor-version":[{"id":11728359,"href":"https:\/\/www.corumbaonline.com.br\/news\/wp-json\/wp\/v2\/posts\/11728350\/revisions\/11728359"}],"wp:featuredmedia":[{"embeddable":true,"href":"https:\/\/www.corumbaonline.com.br\/news\/wp-json\/wp\/v2\/media\/11728243"}],"wp:attachment":[{"href":"https:\/\/www.corumbaonline.com.br\/news\/wp-json\/wp\/v2\/media?parent=11728350"}],"wp:term":[{"taxonomy":"category","embeddable":true,"href":"https:\/\/www.corumbaonline.com.br\/news\/wp-json\/wp\/v2\/categories?post=11728350"},{"taxonomy":"post_tag","embeddable":true,"href":"https:\/\/www.corumbaonline.com.br\/news\/wp-json\/wp\/v2\/tags?post=11728350"}],"curies":[{"name":"wp","href":"https:\/\/api.w.org\/{rel}","templated":true}]}}