{"id":11728444,"date":"2022-10-18T08:19:00","date_gmt":"2022-10-18T12:19:00","guid":{"rendered":"http:\/\/www.corumbaonline.com.br\/news\/?p=11728444"},"modified":"2022-10-18T08:47:19","modified_gmt":"2022-10-18T12:47:19","slug":"capitao-contar-desiste-de-ultima-hora-e-debate-midiamax-acontece-com-eduardo-riedel","status":"publish","type":"post","link":"https:\/\/www.corumbaonline.com.br\/news\/capitao-contar-desiste-de-ultima-hora-e-debate-midiamax-acontece-com-eduardo-riedel\/","title":{"rendered":"Capit\u00e3o Contar desiste de \u00faltima hora e Debate Midiamax acontece com Eduardo Riedel"},"content":{"rendered":"<p>O candidato Capit\u00e3o Contar (PRTB) desistiu de participar do\u00a0<strong><a href=\"https:\/\/midiamax.uol.com.br\/politica\/2022\/e-hoje-em-confronto-direto-contar-e-riedel-ficam-frente-a-frente-no-debate-midiamax\/\">Debate Midiamax<\/a>\u00a0<\/strong>nesta segunda-feira (17). \u00c0s 18h18, menos de duas horas antes do in\u00edcio do debate, a coordena\u00e7\u00e3o de Contar encaminhou um e-mail alegando que o candidato &#8220;tem apenas 12 dias de campanha e vai priorizar agendas no interior&#8221;. O\u00a0<strong>Debate Midiamax<\/strong>\u00a0acontecer\u00e1 com o candidato\u00a0<a class=\"st_tag internal_tag \" title=\"not\u00edcias sobre Eduardo Riedel\" href=\"https:\/\/midiamax.uol.com.br\/tag\/eduardo-riedel\/\" rel=\"tag\">Eduardo Riedel<\/a>\u00a0(PSDB).<\/p>\n<p>No entanto, o candidato j\u00e1 havia confirmado presen\u00e7a no debate. Consta em ata desde o dia 14 de junho, antes do primeiro turno, e ratificada no \u00faltimo dia 5 de outubro para o segundo turno o compromisso de participa\u00e7\u00e3o no Debate Midiamax.<\/p>\n<div class=\"wp-block-image\">\n<figure class=\"alignleft size-full is-resized\"><picture><source srcset=\"https:\/\/midiamax.uol.com.br\/wp-content\/uploads\/2022\/10\/image-17.png.webp 504w, https:\/\/midiamax.uol.com.br\/wp-content\/uploads\/2022\/10\/image-17-300x215.png.webp 300w, https:\/\/midiamax.uol.com.br\/wp-content\/uploads\/2022\/10\/image-17-150x108.png.webp 150w\" type=\"image\/webp\" sizes=\"(max-width: 433px) 100vw, 433px\" \/><img loading=\"lazy\" decoding=\"async\" class=\"wp-image-1375181\" src=\"https:\/\/midiamax.uol.com.br\/wp-content\/uploads\/2022\/10\/image-17.png\" sizes=\"auto, (max-width: 433px) 100vw, 433px\" srcset=\"https:\/\/midiamax.uol.com.br\/wp-content\/uploads\/2022\/10\/image-17.png 504w, https:\/\/midiamax.uol.com.br\/wp-content\/uploads\/2022\/10\/image-17-300x215.png 300w, https:\/\/midiamax.uol.com.br\/wp-content\/uploads\/2022\/10\/image-17-150x108.png 150w\" alt=\"\" width=\"433\" height=\"311\" data-eio=\"p\" \/><\/picture><figcaption>Representante do PRTB assinou ata se comprometendo com a participa\u00e7\u00e3o de Capit\u00e3o Contar no Debate Midiamax<\/figcaption><\/figure>\n<\/div>\n<p>No s\u00e1bado (15) Contar chegou a comentar a expectativa para o debate. &#8220;A expectativa \u00e9 que tenhamos um debate produtivo, construtivo, com apresenta\u00e7\u00e3o de propostas, sem fake news, sem mentiras e que a popula\u00e7\u00e3o tenha mais uma vez a oportunidade de conhecer os candidatos ao Governo do Estado\u201d, declarou.<\/p>\n<p>No e-mail, de acordo com a coordena\u00e7\u00e3o da campanha, o candidato decidiu priorizar o corpo a corpo com os eleitores e tra\u00e7ou como meta percorrer todas as quatro regi\u00f5es de\u00a0<a class=\"st_tag internal_tag \" title=\"not\u00edcias sobre Mato Grosso\" href=\"https:\/\/midiamax.uol.com.br\/tag\/mato-grosso\/\" rel=\"tag\">Mato Grosso<\/a>\u00a0do Sul nos pr\u00f3ximos 12 dias.<\/p>\n<h2 id=\"h-desistencia\">Desist\u00eancia<\/h2>\n<p>De acordo com informa\u00e7\u00f5es da equipe de campanha ao colunista Lauro Jardim, do jornal O Globo, a decis\u00e3o de Contar teria sido tomada ap\u00f3s o suposto atentado contra o candidato do\u00a0<a href=\"https:\/\/midiamax.uol.com.br\/tag\/republicanos\/\">Republicanos<\/a>\u00a0ao Governo de\u00a0<a href=\"https:\/\/midiamax.uol.com.br\/tag\/sao-paulo\/\">S\u00e3o Paulo<\/a>\u00a0Tarc\u00edsio<a href=\"https:\/\/twitter.com\/tarcisiogdf\/status\/1582024022271086595?ref_src=twsrc%5Egoogle%7Ctwcamp%5Eserp%7Ctwgr%5Etweet\">\u00a0de Freitas<\/a>, ap\u00f3s tiroteio acontecer fora da sede que inaugurava nesta segunda-feira (17), no Polo Universit\u00e1rio de Parais\u00f3polis, na Zona Sul de S\u00e3o Paulo.<\/p>\n<p>Por\u00e9m, o candidato foi visto em agenda por Rio Verde de Mato Grosso e Coxim desde a manh\u00e3 desta segunda-feira (17), antes mesmo do atentado contra Tarc\u00edsio. Postagens nas redes sociais comprovam a agenda do candidato. Contar estava, por exemplo, com carreata marcada para \u00e0s 17h em Coxim.<\/p>\n<p>Contar tamb\u00e9m cancelou a participa\u00e7\u00e3o no debate de quarta-feira (19), a partir das 11h, que seria promovido pelo TopM\u00eddiaNews e pelo SBT. O outro debate marcado \u00e9 o da TV Morena, previsto para o dia 25.<\/p>\n","protected":false},"excerpt":{"rendered":"<p>O candidato Capit\u00e3o Contar (PRTB) desistiu de participar do\u00a0Debate Midiamax\u00a0nesta segunda-feira (17). \u00c0s 18h18, menos&#8230;<\/p>\n","protected":false},"author":10,"featured_media":11728445,"comment_status":"closed","ping_status":"closed","sticky":false,"template":"","format":"standard","meta":{"footnotes":""},"categories":[101],"tags":[],"class_list":["post-11728444","post","type-post","status-publish","format-standard","has-post-thumbnail","hentry","category-eleicoes"],"_links":{"self":[{"href":"https:\/\/www.corumbaonline.com.br\/news\/wp-json\/wp\/v2\/posts\/11728444","targetHints":{"allow":["GET"]}}],"collection":[{"href":"https:\/\/www.corumbaonline.com.br\/news\/wp-json\/wp\/v2\/posts"}],"about":[{"href":"https:\/\/www.corumbaonline.com.br\/news\/wp-json\/wp\/v2\/types\/post"}],"author":[{"embeddable":true,"href":"https:\/\/www.corumbaonline.com.br\/news\/wp-json\/wp\/v2\/users\/10"}],"replies":[{"embeddable":true,"href":"https:\/\/www.corumbaonline.com.br\/news\/wp-json\/wp\/v2\/comments?post=11728444"}],"version-history":[{"count":2,"href":"https:\/\/www.corumbaonline.com.br\/news\/wp-json\/wp\/v2\/posts\/11728444\/revisions"}],"predecessor-version":[{"id":11728450,"href":"https:\/\/www.corumbaonline.com.br\/news\/wp-json\/wp\/v2\/posts\/11728444\/revisions\/11728450"}],"wp:featuredmedia":[{"embeddable":true,"href":"https:\/\/www.corumbaonline.com.br\/news\/wp-json\/wp\/v2\/media\/11728445"}],"wp:attachment":[{"href":"https:\/\/www.corumbaonline.com.br\/news\/wp-json\/wp\/v2\/media?parent=11728444"}],"wp:term":[{"taxonomy":"category","embeddable":true,"href":"https:\/\/www.corumbaonline.com.br\/news\/wp-json\/wp\/v2\/categories?post=11728444"},{"taxonomy":"post_tag","embeddable":true,"href":"https:\/\/www.corumbaonline.com.br\/news\/wp-json\/wp\/v2\/tags?post=11728444"}],"curies":[{"name":"wp","href":"https:\/\/api.w.org\/{rel}","templated":true}]}}