{"id":11728456,"date":"2022-10-18T09:32:00","date_gmt":"2022-10-18T13:32:00","guid":{"rendered":"http:\/\/www.corumbaonline.com.br\/news\/?p=11728456"},"modified":"2022-10-18T11:48:49","modified_gmt":"2022-10-18T15:48:49","slug":"no-debate-do-midiamax-riedel-fala-sobre-seus-projetos-para-a-seguranca-publica","status":"publish","type":"post","link":"https:\/\/www.corumbaonline.com.br\/news\/no-debate-do-midiamax-riedel-fala-sobre-seus-projetos-para-a-seguranca-publica\/","title":{"rendered":"No debate do Midiamax, Riedel fala sobre seus projetos para a seguran\u00e7a p\u00fablica"},"content":{"rendered":"<p>Eduardo Riedel (PSDB), candidato ao Governo de Mato Grosso do Sul pela Coliga\u00e7\u00e3o Trabalhando por um Novo Futuro (N\u00famero 45), falou h\u00e1 pouco, durante o \u201cdebate\u201d promovido pelo Midiamax entre os candidatos ao Governo do Estado, sobre seus projetos para a seguran\u00e7a p\u00fablica. Riedel foi entrevistado pelo site j\u00e1 que seu oponente, Capit\u00e3o Contar (PRTB), n\u00e3o compareceu ao debate.<\/p>\n<p>Para Riedel, o combate \u00e0 criminalidade \u00e9 um dos principais desafios da seguran\u00e7a p\u00fablica em Campo Grande e em Mato Grosso do Sul. \u201cPor isso, vamos investir nas for\u00e7as de seguran\u00e7a p\u00fablica para garantir recursos humanos adequados para enfrentar este desafio. Qualquer planejamento em seguran\u00e7a p\u00fablica passa por quatro aspectos fundamentais: equipamento, treinamento, valoriza\u00e7\u00e3o profissional e parcerias com o Governo Federal. E vamos trabalhar nestes pilares para garantir que nossa capital e todo o Estado estejam cada vez mais tranquilos\u201d, afirmou.<\/p>\n<p>\u201cCom equipamentos e treinamento garantimos que nossos policiais estejam preparados para enfrentar o desafio de conter a criminalidade. Com valoriza\u00e7\u00e3o profissional, damos a eles dignidade e orgulho de servir \u00e0 sociedade. E com parcerias com o Governo Federal, asseguramos apoio e recursos necess\u00e1rios para encarar nosso maior desafio na \u00e1rea, a extensa fronteira que temos com nossos vizinhos paraguaios e bolivianos \u2013 e tamb\u00e9m com outros estados da Federa\u00e7\u00e3o\u201d, explicou Riedel.<\/p>\n<p>O candidato disse tamb\u00e9m que, nos pr\u00f3ximos anos, vai focar no setor, dando continuidade e aprimorando as pol\u00edticas que, nos \u00faltimos sete anos e meio, garantiram R$ 750 milh\u00f5es para a seguran\u00e7a p\u00fablica, traduzidos em viaturas, armamentos, equipamentos, obras, a\u00e7\u00f5es e aparelhamento para os 79 munic\u00edpios do Estado. S\u00f3 Campo Grande recebeu R$ 106,8 milh\u00f5es para serem investidos na \u00e1rea.<\/p>\n<p>Somado a tudo isso, a seguran\u00e7a p\u00fablica ganhou o refor\u00e7o de mais de tr\u00eas mil servidores entre concursados, contratados, empossados e em forma\u00e7\u00e3o, al\u00e9m da promo\u00e7\u00e3o de centenas de pol\u00edcias militares. \u201cPortanto, nossa meta para os pr\u00f3ximos anos \u00e9 fortalecer esta estrat\u00e9gia de quatro pontos, e a parceria com o presidente Jair Bolsonaro nos deixa muito animados na concretiza\u00e7\u00e3o destes objetivos e no avan\u00e7o de nossas pol\u00edticas de seguran\u00e7a p\u00fablica\u201d, disse o candidato.<\/p>\n<p>As pol\u00edticas p\u00fablicas incentivadas por Eduardo Riedel levaram Mato Grosso do Sul a ser:<br \/>\n\u2013 o 4\u00ba Estado mais seguro do pa\u00eds (Ranking CLP 2021)<br \/>\n\u2013 o 2\u00ba Estado em resolu\u00e7\u00e3o de homic\u00eddios (Instituto Sou da Paz\/ 2022)<br \/>\n\u2013 o 1\u00ba Estado onde h\u00e1 mais presos trabalhando (Depen 2021)<br \/>\n\u2013 o 1\u00ba Estado em apreens\u00e3o de drogas (Minist\u00e9rio da Justi\u00e7a)<br \/>\n\u2013 o 3\u00ba estado com maior atua\u00e7\u00e3o do Sistema de Justi\u00e7a Criminal<br \/>\n\u2013 o 3\u00ba estado com a menor quantidade de roubos totais por 100 mil habitantes<br \/>\n\u2013 o 5\u00ba estado com o menor percentual de presos sem condena\u00e7\u00e3o.<br \/>\n\u2013 o 4\u00ba estado que mais elucida inqu\u00e9ritos policiais (Pol\u00edcia Civil)<br \/>\nEntre as a\u00e7\u00f5es de Riedel que impactaram diretamente a seguran\u00e7a em Campo Grande, est\u00e3o a viabiliza\u00e7\u00e3o de mais de R$ 106 milh\u00f5es investidos (2015 a 2021) em obras, aquisi\u00e7\u00e3o de equipamentos, armamentos\/ muni\u00e7\u00e3o, viaturas, aeronaves e mobili\u00e1rio de todas as for\u00e7as de Seguran\u00e7a (PC, PMMS, Bombeiros e Agepen). S\u00f3 o Programa MS Mais Seguro viabilizou 229 viaturas.<\/p>\n<p>\u201cS\u00e3o resultados que afetam diretamente a qualidade de vida dos campo-grandenses. E vamos continuar focados nesta estrat\u00e9gia para melhorar ainda mais a seguran\u00e7a p\u00fablica na capital e no Estado\u201d, assegurou Riedel.<br \/>\nParceira de Riedel na chapa, a candidata ao Senado \u2013 e ex-ministra do presidente Jair Bolsonaro \u2013 Tereza Cristina, disse que trabalhar\u00e1 ao lado do futuro governador para trazer mais recursos para a seguran\u00e7a p\u00fablica em Campo Grande e no interior: \u201cVamos trabalhar lado a lado, eu e Riedel, neste objetivo\u201d, finalizou.<\/p>\n","protected":false},"excerpt":{"rendered":"<p>Eduardo Riedel (PSDB), candidato ao Governo de Mato Grosso do Sul pela Coliga\u00e7\u00e3o Trabalhando por&#8230;<\/p>\n","protected":false},"author":6,"featured_media":11728457,"comment_status":"closed","ping_status":"closed","sticky":false,"template":"","format":"standard","meta":{"footnotes":""},"categories":[101],"tags":[],"class_list":["post-11728456","post","type-post","status-publish","format-standard","has-post-thumbnail","hentry","category-eleicoes"],"_links":{"self":[{"href":"https:\/\/www.corumbaonline.com.br\/news\/wp-json\/wp\/v2\/posts\/11728456","targetHints":{"allow":["GET"]}}],"collection":[{"href":"https:\/\/www.corumbaonline.com.br\/news\/wp-json\/wp\/v2\/posts"}],"about":[{"href":"https:\/\/www.corumbaonline.com.br\/news\/wp-json\/wp\/v2\/types\/post"}],"author":[{"embeddable":true,"href":"https:\/\/www.corumbaonline.com.br\/news\/wp-json\/wp\/v2\/users\/6"}],"replies":[{"embeddable":true,"href":"https:\/\/www.corumbaonline.com.br\/news\/wp-json\/wp\/v2\/comments?post=11728456"}],"version-history":[{"count":1,"href":"https:\/\/www.corumbaonline.com.br\/news\/wp-json\/wp\/v2\/posts\/11728456\/revisions"}],"predecessor-version":[{"id":11728458,"href":"https:\/\/www.corumbaonline.com.br\/news\/wp-json\/wp\/v2\/posts\/11728456\/revisions\/11728458"}],"wp:featuredmedia":[{"embeddable":true,"href":"https:\/\/www.corumbaonline.com.br\/news\/wp-json\/wp\/v2\/media\/11728457"}],"wp:attachment":[{"href":"https:\/\/www.corumbaonline.com.br\/news\/wp-json\/wp\/v2\/media?parent=11728456"}],"wp:term":[{"taxonomy":"category","embeddable":true,"href":"https:\/\/www.corumbaonline.com.br\/news\/wp-json\/wp\/v2\/categories?post=11728456"},{"taxonomy":"post_tag","embeddable":true,"href":"https:\/\/www.corumbaonline.com.br\/news\/wp-json\/wp\/v2\/tags?post=11728456"}],"curies":[{"name":"wp","href":"https:\/\/api.w.org\/{rel}","templated":true}]}}