{"id":11729280,"date":"2022-11-26T08:27:00","date_gmt":"2022-11-26T12:27:00","guid":{"rendered":"http:\/\/www.corumbaonline.com.br\/news\/?p=11729280"},"modified":"2022-11-26T08:36:04","modified_gmt":"2022-11-26T12:36:04","slug":"dorival-jr-anuncia-saida-do-flamengo-diretoria-entendeu-que-momento-era-de-mudanca","status":"publish","type":"post","link":"https:\/\/www.corumbaonline.com.br\/news\/dorival-jr-anuncia-saida-do-flamengo-diretoria-entendeu-que-momento-era-de-mudanca\/","title":{"rendered":"Dorival Jr anuncia sa\u00edda do Flamengo: &#8220;Diretoria entendeu que momento era de mudan\u00e7a&#8221;"},"content":{"rendered":"<p>Dorival Junior\u00a0anunciou nesta sexta-feira, 25,\u00a0sua sa\u00edda do\u00a0Flamengo. Campe\u00e3o da\u00a0Libertadores\u00a0e da\u00a0Copa do Brasil\u00a0com a equipe rubro-negra em 2022, o treinador tinha v\u00ednculo com o clube at\u00e9 31 de dezembro.<\/p>\n<p>Ao longo do dia, informa\u00e7\u00f5es sobre a aproxima\u00e7\u00e3o de acordo da equipe com o portugu\u00eas\u00a0V\u00edtor Pereira\u00a0levantaram uma s\u00e9rie de rumores e causaram inc\u00f4modo no treinador, que revela que a diretoria entende ser o momento certo para uma mudan\u00e7a no comando t\u00e9cnico. As negocia\u00e7\u00f5es entre\u00a0Flamengo\u00a0e Dorival Junior se arrastavam h\u00e1 algumas semanas.<\/p>\n<p>&#8220;Quero aqui esclarecer apenas dois aspectos: primeiro, desde a minha chegada ao Flamengo a minha \u00fanica preocupa\u00e7\u00e3o e aten\u00e7\u00e3o, e com todo respeito poss\u00edvel, foi dedicado a este clube. Eu disse \u00e0 diretoria ao final do Campeonato que o ano de 2023 n\u00e3o seria diferente. Financeiramente, minha renova\u00e7\u00e3o n\u00e3o seria um problema, como nunca foi. A diretoria entendeu, e eu respeito isso, que esse momento seria o de uma mudan\u00e7a&#8221;, iniciou Dorival Junior em v\u00eddeo publicado em suas redes sociais.<\/p>\n<p>Dorival Junior foi contratado em 10 de junho pelo Flamengo. O t\u00e9cnico fazia \u00f3tima campanha pelo Cear\u00e1 na Copa Sul-Americana, mas decidiu trocar de ares pela oportunidade de dirigir novamente o clube carioca.<\/p>\n<p>Dorival chegou ao Flamengo com a miss\u00e3o de apaziguar os \u00e2nimos ap\u00f3s a sa\u00edda do portugu\u00eas Paulo Sousa, que fazia temporada claudicante. O novo treinador colocou a equipe nos trilhos e organizou taticamente o time para contar com Pedro e Gabigol como dupla de ataque.<\/p>\n<p>Apesar de sofrer com algumas cr\u00edticas por n\u00e3o escalar os titulares no Campeonato Brasileiro, Dorival conseguiu convencer a imprensa e torcedores ao levantar as ta\u00e7as da Libertadores e da Copa do Brasil. As campanhas credenciaram o treinador a ser o futuro comandante da sele\u00e7\u00e3o brasileira, cujo posto ser\u00e1 deixado por Tite ao fim da Copa do Mundo.<\/p>\n<p>&#8220;Tentei fazer o meu melhor. Entreguei tudo o que foi poss\u00edvel para que pud\u00e9ssemos alcan\u00e7ar esses dois grandes t\u00edtulos que acabaram acontecendo com apoio de cada um de voc\u00eas&#8221;, afirmou o t\u00e9cnico.<\/p>\n<p>Nesta temporada, como t\u00e9cnico do Flamengo, Dorival Junior completou 43 partidas, com 26 vit\u00f3rias, oito empates e nove derrotas, tendo 77 gols marcados e 35 gols sofridos. No Brasileir\u00e3o, a equipe terminou na quinta posi\u00e7\u00e3o.<\/p>\n<p>&#8220;Quero deixar um agradecimento aos jogadores, aos funcion\u00e1rios do clube, que fizeram o nosso dia leve de trabalho, dedica\u00e7\u00e3o, e comprometimento. Eu carrego no cora\u00e7\u00e3o toda a hist\u00f3ria de participa\u00e7\u00e3o de cada um de voc\u00eas. Que \u00e0s vezes sem ter de onde tirar, est\u00e3o ali acompanhando o clube torcendo, fazendo com que o Maracan\u00e3 seja sempre palco maravilhoso&#8221;, finalizou Dorival em seu breve comunicado.<\/p>\n<p>O Flamengo agora tem caminho livre para acelerar as conversas com o novo treinador. A principal miss\u00e3o do time na pr\u00f3xima temporada \u00e9 o Mundial de Clubes, que ainda n\u00e3o tem data nem local confirmados.<\/p>\n","protected":false},"excerpt":{"rendered":"<p>Dorival Junior\u00a0anunciou nesta sexta-feira, 25,\u00a0sua sa\u00edda do\u00a0Flamengo. Campe\u00e3o da\u00a0Libertadores\u00a0e da\u00a0Copa do Brasil\u00a0com a equipe rubro-negra&#8230;<\/p>\n","protected":false},"author":11,"featured_media":0,"comment_status":"closed","ping_status":"closed","sticky":false,"template":"","format":"standard","meta":{"footnotes":""},"categories":[11],"tags":[],"class_list":["post-11729280","post","type-post","status-publish","format-standard","hentry","category-esporte"],"_links":{"self":[{"href":"https:\/\/www.corumbaonline.com.br\/news\/wp-json\/wp\/v2\/posts\/11729280","targetHints":{"allow":["GET"]}}],"collection":[{"href":"https:\/\/www.corumbaonline.com.br\/news\/wp-json\/wp\/v2\/posts"}],"about":[{"href":"https:\/\/www.corumbaonline.com.br\/news\/wp-json\/wp\/v2\/types\/post"}],"author":[{"embeddable":true,"href":"https:\/\/www.corumbaonline.com.br\/news\/wp-json\/wp\/v2\/users\/11"}],"replies":[{"embeddable":true,"href":"https:\/\/www.corumbaonline.com.br\/news\/wp-json\/wp\/v2\/comments?post=11729280"}],"version-history":[{"count":1,"href":"https:\/\/www.corumbaonline.com.br\/news\/wp-json\/wp\/v2\/posts\/11729280\/revisions"}],"predecessor-version":[{"id":11729281,"href":"https:\/\/www.corumbaonline.com.br\/news\/wp-json\/wp\/v2\/posts\/11729280\/revisions\/11729281"}],"wp:attachment":[{"href":"https:\/\/www.corumbaonline.com.br\/news\/wp-json\/wp\/v2\/media?parent=11729280"}],"wp:term":[{"taxonomy":"category","embeddable":true,"href":"https:\/\/www.corumbaonline.com.br\/news\/wp-json\/wp\/v2\/categories?post=11729280"},{"taxonomy":"post_tag","embeddable":true,"href":"https:\/\/www.corumbaonline.com.br\/news\/wp-json\/wp\/v2\/tags?post=11729280"}],"curies":[{"name":"wp","href":"https:\/\/api.w.org\/{rel}","templated":true}]}}