{"id":11730523,"date":"2023-01-23T08:14:00","date_gmt":"2023-01-23T12:14:00","guid":{"rendered":"http:\/\/www.corumbaonline.com.br\/news\/?p=11730523"},"modified":"2023-01-23T08:36:18","modified_gmt":"2023-01-23T12:36:18","slug":"prefeitura-faz-chamada-publica-para-aquisicao-de-alimentos-pelo-programa-alimenta-brasil","status":"publish","type":"post","link":"https:\/\/www.corumbaonline.com.br\/news\/prefeitura-faz-chamada-publica-para-aquisicao-de-alimentos-pelo-programa-alimenta-brasil\/","title":{"rendered":"Prefeitura faz Chamada P\u00fablica para aquisi\u00e7\u00e3o de alimentos pelo Programa Alimenta Brasil"},"content":{"rendered":"<p>A Prefeitura de Corumb\u00e1, por meio da Secretaria Municipal de Desenvolvimento Econ\u00f4mico e Sustent\u00e1vel, abriu Chamada P\u00fablica para aquisi\u00e7\u00e3o de g\u00eaneros aliment\u00edcios pelo Programa Alimenta Brasil (PAB), do Governo Federal. A iniciativa \u00e9 voltada para agricultores e empreendedores familiares enquadrados no Programa Nacional de Fortalecimento da Agricultura Familiar (PRONAF).<\/p>\n<figure id=\"attachment_139971\" class=\"wp-caption alignleft\" aria-describedby=\"caption-attachment-139971\">\n<p><figure id=\"attachment_139971\" aria-describedby=\"caption-attachment-139971\" style=\"width: 413px\" class=\"wp-caption alignleft\"><img loading=\"lazy\" decoding=\"async\" class=\"wp-image-139971\" src=\"https:\/\/www.corumba.ms.gov.br\/wp-content\/uploads\/2023\/01\/Foto-Clovis-Neto-Teresa-Cristina-2.jpg\" alt=\"Ex-ministra e senadora eleita, Tereza Cristina, durante o Carnaval de Corumb\u00e1 2022 (Foto: Cl\u00f3vis Neto)\" width=\"413\" height=\"582\"><figcaption id=\"caption-attachment-139971\" class=\"wp-caption-text\">Ex-ministra e senadora eleita, Tereza Cristina, durante o Carnaval de Corumb\u00e1 2022 (Foto: Cl\u00f3vis Neto)<\/figcaption><\/figure><figcaption id=\"caption-attachment-139971\" class=\"wp-caption-text\"><\/figcaption><\/figure>\n<p>\u201cSer\u00e3o R$ 700 mil de recursos federais investidos diretamente na agricultura familiar da nossa regi\u00e3o. Cada produtor vai poder vender at\u00e9 R$ 12 mil por ano para o Munic\u00edpio, que vai repassar esses produtos para nossas escolas p\u00fablicas, creches, abrigos, CRAS e demais institui\u00e7\u00f5es parceiras\u201d, explicou o prefeito Marcelo Iunes.<\/p>\n<p>O chefe do Executivo municipal ainda destacou a participa\u00e7\u00e3o da ex-ministra da Agricultura e senadora eleita por Mato Grosso do Sul, Tereza Cristina, no credenciamento da cidade no programa federal. \u201cA Tereza Cristina teve participa\u00e7\u00e3o fundamental neste processo. Ao longo de toda sua gest\u00e3o \u00e0 frente do MAPA, ela foi uma grande defensora do Pantanal e da nossa agricultura familiar\u201d, completou.<\/p>\n<p>A convoca\u00e7\u00e3o dos agricultores foi feita pela Resolu\u00e7\u00e3o N\u00ba 01, assinada pelo secret\u00e1rio municipal de Desenvolvimento Econ\u00f4mico e Sustent\u00e1vel, C\u00e1ssio Augusto da Costa Marques, e publicada na edi\u00e7\u00e3o dessa quarta-feira do DIOCORUMB\u00c1. No documento tamb\u00e9m a ficha para o Projeto de Venda; a Tabela de Pre\u00e7os; e o modelo de Declara\u00e7\u00e3o de Produ\u00e7\u00e3o Pr\u00f3pria.<\/p>\n<p>Mais informa\u00e7\u00f5es sobre a Chamada P\u00fablica poder\u00e3o ser obtidas de segunda a sexta-feira na Superintend\u00eancia de Agricultura Familiar de Corumb\u00e1, localizada na Rua Silva Jardim, 398 \u2013 Centro. A defini\u00e7\u00e3o dos produtos, volumes e pre\u00e7os dos alimentos adquiridos dos agricultores familiares ser\u00e3o pactuados no Projeto de Execu\u00e7\u00e3o a ser elaborado pela SAF, quando da conclus\u00e3o do processo de sele\u00e7\u00e3o.<\/p>\n<p>Todos os agricultores familiares individuais que apresentarem propostas e a documenta\u00e7\u00e3o requerida poder\u00e3o fornecer produtos ao PAB, respeitada a ordem de prioridade indicada nos crit\u00e9rios de prioriza\u00e7\u00e3o dos agricultores.<\/p>\n","protected":false},"excerpt":{"rendered":"<p>A Prefeitura de Corumb\u00e1, por meio da Secretaria Municipal de Desenvolvimento Econ\u00f4mico e Sustent\u00e1vel, abriu&#8230;<\/p>\n","protected":false},"author":70,"featured_media":11730524,"comment_status":"closed","ping_status":"closed","sticky":false,"template":"","format":"standard","meta":{"footnotes":""},"categories":[2,8,9],"tags":[],"class_list":["post-11730523","post","type-post","status-publish","format-standard","has-post-thumbnail","hentry","category-agropecuaria","category-destaque","category-economia"],"_links":{"self":[{"href":"https:\/\/www.corumbaonline.com.br\/news\/wp-json\/wp\/v2\/posts\/11730523","targetHints":{"allow":["GET"]}}],"collection":[{"href":"https:\/\/www.corumbaonline.com.br\/news\/wp-json\/wp\/v2\/posts"}],"about":[{"href":"https:\/\/www.corumbaonline.com.br\/news\/wp-json\/wp\/v2\/types\/post"}],"author":[{"embeddable":true,"href":"https:\/\/www.corumbaonline.com.br\/news\/wp-json\/wp\/v2\/users\/70"}],"replies":[{"embeddable":true,"href":"https:\/\/www.corumbaonline.com.br\/news\/wp-json\/wp\/v2\/comments?post=11730523"}],"version-history":[{"count":2,"href":"https:\/\/www.corumbaonline.com.br\/news\/wp-json\/wp\/v2\/posts\/11730523\/revisions"}],"predecessor-version":[{"id":11730529,"href":"https:\/\/www.corumbaonline.com.br\/news\/wp-json\/wp\/v2\/posts\/11730523\/revisions\/11730529"}],"wp:featuredmedia":[{"embeddable":true,"href":"https:\/\/www.corumbaonline.com.br\/news\/wp-json\/wp\/v2\/media\/11730524"}],"wp:attachment":[{"href":"https:\/\/www.corumbaonline.com.br\/news\/wp-json\/wp\/v2\/media?parent=11730523"}],"wp:term":[{"taxonomy":"category","embeddable":true,"href":"https:\/\/www.corumbaonline.com.br\/news\/wp-json\/wp\/v2\/categories?post=11730523"},{"taxonomy":"post_tag","embeddable":true,"href":"https:\/\/www.corumbaonline.com.br\/news\/wp-json\/wp\/v2\/tags?post=11730523"}],"curies":[{"name":"wp","href":"https:\/\/api.w.org\/{rel}","templated":true}]}}