{"id":11730537,"date":"2023-01-23T09:32:00","date_gmt":"2023-01-23T13:32:00","guid":{"rendered":"http:\/\/www.corumbaonline.com.br\/news\/?p=11730537"},"modified":"2023-01-23T10:34:51","modified_gmt":"2023-01-23T14:34:51","slug":"radialista-gilson-ricardo-morre-no-rio-clubes-autoridades-e-amigos-lamentam","status":"publish","type":"post","link":"https:\/\/www.corumbaonline.com.br\/news\/radialista-gilson-ricardo-morre-no-rio-clubes-autoridades-e-amigos-lamentam\/","title":{"rendered":"Radialista Gilson Ricardo morre no Rio; clubes, autoridades e amigos lamentam"},"content":{"rendered":"<div id=\"chunk-10oaj\">\n<div data-block-type=\"unstyled\" data-block-weight=\"22\" data-block-id=\"3\">\n<p data-track-category=\"Link no Texto\" data-track-links=\"\">O jornalista\u00a0Gilson Ricardo,\u00a0um dos grandes nomes do r\u00e1dio esportivo do pa\u00eds, morreu na noite deste domingo (22) aos 74 anos.<\/p>\n<\/div>\n<\/div>\n<div>\n<div id=\"chunk-fs6og\">\n<div data-block-type=\"unstyled\" data-block-weight=\"21\" data-block-id=\"4\">\n<p data-track-category=\"Link no Texto\" data-track-links=\"\">Gils\u00e3o, como era conhecido, morava na Ilha do Governador, na Zona Norte do\u00a0Rio de Janeiro, e sofreu um infarto fulminante.<\/p>\n<\/div>\n<\/div>\n<div id=\"chunk-c4dti\">\n<div data-block-type=\"unstyled\" data-block-weight=\"29\" data-block-id=\"5\">\n<p data-track-category=\"Link no Texto\" data-track-links=\"\">O radialista foi locutor de programa de esporte da\u00a0R\u00e1dio Globo\u00a0por 35 anos e atualmente era comentarista esportivo da\u00a0R\u00e1dio Tupi\u00a0\u2014 que emitiu uma nota de luto.<\/p>\n<\/div>\n<\/div>\n<div id=\"chunk-ev7g5\">\n<div data-block-type=\"unstyled\" data-block-weight=\"11\" data-block-id=\"6\">\n<p data-track-category=\"Link no Texto\" data-track-links=\"\">Times de futebol do Rio tamb\u00e9m lamentaram a morte do radialista.<\/p>\n<\/div>\n<\/div>\n<div id=\"chunk-2md38\">\n<div data-block-type=\"unstyled\" data-block-weight=\"18\" data-block-id=\"7\">\n<p data-track-category=\"Link no Texto\" data-track-links=\"\">O\u00a0Flamengo\u00a0lembrou que Gils\u00e3o era rubro-negro e desejou for\u00e7a aos familiares e amigos \u201cneste momento t\u00e3o triste\u201d.<\/p>\n<div id=\"chunk-3qvaf\">\n<div data-block-type=\"unstyled\" data-block-weight=\"26\" data-block-id=\"9\">\n<p data-track-category=\"Link no Texto\" data-track-links=\"\">O\u00a0Botafogo\u00a0destacou que o radialista \u201cembalou gera\u00e7\u00f5es e levou emo\u00e7\u00e3o com seus coment\u00e1rios esportivos\u201d. \u201cSem d\u00favidas, um grande personagem do futebol carioca\u201d, disse na nota.<\/p>\n<\/div>\n<\/div>\n<div id=\"chunk-ffshp\">\n<div data-block-type=\"unstyled\" data-block-weight=\"14\" data-block-id=\"10\">\n<p data-track-category=\"Link no Texto\" data-track-links=\"\">O\u00a0Fluminense\u00a0afirmou que Gilson Ricardo \u201cfoi uma lenda do r\u00e1dio esportivo carioca\u201d.<\/p>\n<div id=\"chunk-2slmj\">\n<div data-block-type=\"unstyled\" data-block-weight=\"52\" data-block-id=\"12\">\n<p data-track-category=\"Link no Texto\" data-track-links=\"\">O prefeito\u00a0Eduardo Paes\u00a0(PSD) tamb\u00e9m se manifestou. \u201cNa minha inf\u00e2ncia e juventude, ele foi um dos respons\u00e1veis pela minha paix\u00e3o pelo futebol\u00a0com sua forma direta e bem-humorada\u00a0de nos contar o que acontecia naquele universo. Na minha vida adulta, pude conhecer um ser humano incr\u00edvel. Que perda! Vai em paz!\u201d<\/p>\n<\/div>\n<\/div>\n<div id=\"chunk-28gnt\">\n<div data-block-type=\"unstyled\" data-block-weight=\"21\" data-block-id=\"13\">\n<p data-track-category=\"Link no Texto\" data-track-links=\"\">Jos\u00e9 Carlos Ara\u00fajo, o Garotinho, companheiro por d\u00e9cadas de Gilson, disse ser \u201cmuito dif\u00edcil encontrar palavras nesse momento t\u00e3o dif\u00edcil\u201d.<\/p>\n<p data-track-category=\"Link no Texto\" data-track-links=\"\">\u201cGilson era um cara excepcional, tinha um astral incr\u00edvel\u00a0e inegavelmente marcou seu nome na hist\u00f3ria da comunica\u00e7\u00e3o brasileira\u201d, afirmou.<\/p>\n<div id=\"chunk-69inu\">\n<div data-block-type=\"unstyled\" data-block-weight=\"31\" data-block-id=\"17\">\n<p data-track-category=\"Link no Texto\" data-track-links=\"\">O corpo do comentarista ser\u00e1 velado a partir das 11h desta segunda-feira (23) no cemit\u00e9rio do Cacuia, na Ilha do Governador, na Zona Norte. O sepultamento est\u00e1 marcado para as 15h30.<\/p>\n<\/div>\n<\/div>\n<\/div>\n<\/div>\n<\/div>\n<\/div>\n<\/div>\n<\/div>\n<\/div>\n","protected":false},"excerpt":{"rendered":"<p>O jornalista\u00a0Gilson Ricardo,\u00a0um dos grandes nomes do r\u00e1dio esportivo do pa\u00eds, morreu na noite deste&#8230;<\/p>\n","protected":false},"author":3,"featured_media":11730538,"comment_status":"closed","ping_status":"closed","sticky":false,"template":"","format":"standard","meta":{"footnotes":""},"categories":[7],"tags":[],"class_list":["post-11730537","post","type-post","status-publish","format-standard","has-post-thumbnail","hentry","category-cultura"],"_links":{"self":[{"href":"https:\/\/www.corumbaonline.com.br\/news\/wp-json\/wp\/v2\/posts\/11730537","targetHints":{"allow":["GET"]}}],"collection":[{"href":"https:\/\/www.corumbaonline.com.br\/news\/wp-json\/wp\/v2\/posts"}],"about":[{"href":"https:\/\/www.corumbaonline.com.br\/news\/wp-json\/wp\/v2\/types\/post"}],"author":[{"embeddable":true,"href":"https:\/\/www.corumbaonline.com.br\/news\/wp-json\/wp\/v2\/users\/3"}],"replies":[{"embeddable":true,"href":"https:\/\/www.corumbaonline.com.br\/news\/wp-json\/wp\/v2\/comments?post=11730537"}],"version-history":[{"count":1,"href":"https:\/\/www.corumbaonline.com.br\/news\/wp-json\/wp\/v2\/posts\/11730537\/revisions"}],"predecessor-version":[{"id":11730539,"href":"https:\/\/www.corumbaonline.com.br\/news\/wp-json\/wp\/v2\/posts\/11730537\/revisions\/11730539"}],"wp:featuredmedia":[{"embeddable":true,"href":"https:\/\/www.corumbaonline.com.br\/news\/wp-json\/wp\/v2\/media\/11730538"}],"wp:attachment":[{"href":"https:\/\/www.corumbaonline.com.br\/news\/wp-json\/wp\/v2\/media?parent=11730537"}],"wp:term":[{"taxonomy":"category","embeddable":true,"href":"https:\/\/www.corumbaonline.com.br\/news\/wp-json\/wp\/v2\/categories?post=11730537"},{"taxonomy":"post_tag","embeddable":true,"href":"https:\/\/www.corumbaonline.com.br\/news\/wp-json\/wp\/v2\/tags?post=11730537"}],"curies":[{"name":"wp","href":"https:\/\/api.w.org\/{rel}","templated":true}]}}