{"id":11730965,"date":"2023-02-08T09:34:00","date_gmt":"2023-02-08T13:34:00","guid":{"rendered":"http:\/\/www.corumbaonline.com.br\/news\/?p=11730965"},"modified":"2023-02-08T13:56:23","modified_gmt":"2023-02-08T17:56:23","slug":"governo-prorroga-prazo-para-cadastro-na-agricultura-familiar","status":"publish","type":"post","link":"https:\/\/www.corumbaonline.com.br\/news\/governo-prorroga-prazo-para-cadastro-na-agricultura-familiar\/","title":{"rendered":"Governo prorroga prazo para cadastro na Agricultura Familiar"},"content":{"rendered":"<p>O Minist\u00e9rio do Desenvolvimento Agr\u00e1rio prorrogou por um ano o prazo de validade das declara\u00e7\u00f5es de aptid\u00e3o do Programa Nacional de Fortalecimento da Agricultura Familiar (Pronaf) com vencimento entre 8 de fevereiro de 2023 e 31 de janeiro de 2024. A portaria foi publicada no\u00a0<a href=\"https:\/\/www.in.gov.br\/en\/web\/dou\/-\/portaria-mda-n-1-de-7-de-fevereiro-de-2023-462936551\" target=\"_blank\" rel=\"noopener\"><em>Di\u00e1rio Oficial da Uni\u00e3o<\/em><\/a>.<img decoding=\"async\" src=\"https:\/\/agenciabrasil.ebc.com.br\/ebc.png?id=1508993&amp;o=node\" \/><img decoding=\"async\" src=\"https:\/\/agenciabrasil.ebc.com.br\/ebc.gif?id=1508993&amp;o=node\" \/><\/p>\n<p>No caso de declara\u00e7\u00f5es de aptid\u00e3o j\u00e1 vencidas, o agricultor precisar\u00e1 emitir o Cadastro da Agricultura Familiar (CAF). A pasta informou ter montado uma for\u00e7a-tarefa para readequar o sistema, possibilitando que todos possam fazer a emiss\u00e3o do documento que d\u00e1 acesso aos programas.<\/p>\n<p>J\u00e1 para as declara\u00e7\u00f5es de aptid\u00e3o com vencimento a partir de 1\u00ba de fevereiro de 2024, os prazos ser\u00e3o mantidos. Quem quiser tirar d\u00favidas pode entrar em contato com o minist\u00e9rio pelo e-mail atendimento.cocaf@agro.gov.br ou pelo telefone (61) 9965-6115 (liga\u00e7\u00e3o ou WhatsApp).<\/p>\n<p>\u201cA portaria, assinada pelo ministro Paulo Teixeira, garantir\u00e1 o acesso \u00e0s pol\u00edticas p\u00fablicas voltadas para o campo, enquanto o sistema do Cadastro da Agricultura Familiar (CAF) est\u00e1 sendo aperfei\u00e7oado para melhor atender as agricultoras e os agricultores familiares\u201d, destacou a pasta.<\/p>\n","protected":false},"excerpt":{"rendered":"<p>O Minist\u00e9rio do Desenvolvimento Agr\u00e1rio prorrogou por um ano o prazo de validade das declara\u00e7\u00f5es&#8230;<\/p>\n","protected":false},"author":4,"featured_media":11730966,"comment_status":"closed","ping_status":"closed","sticky":false,"template":"","format":"standard","meta":{"footnotes":""},"categories":[2],"tags":[],"class_list":["post-11730965","post","type-post","status-publish","format-standard","has-post-thumbnail","hentry","category-agropecuaria"],"_links":{"self":[{"href":"https:\/\/www.corumbaonline.com.br\/news\/wp-json\/wp\/v2\/posts\/11730965","targetHints":{"allow":["GET"]}}],"collection":[{"href":"https:\/\/www.corumbaonline.com.br\/news\/wp-json\/wp\/v2\/posts"}],"about":[{"href":"https:\/\/www.corumbaonline.com.br\/news\/wp-json\/wp\/v2\/types\/post"}],"author":[{"embeddable":true,"href":"https:\/\/www.corumbaonline.com.br\/news\/wp-json\/wp\/v2\/users\/4"}],"replies":[{"embeddable":true,"href":"https:\/\/www.corumbaonline.com.br\/news\/wp-json\/wp\/v2\/comments?post=11730965"}],"version-history":[{"count":1,"href":"https:\/\/www.corumbaonline.com.br\/news\/wp-json\/wp\/v2\/posts\/11730965\/revisions"}],"predecessor-version":[{"id":11730967,"href":"https:\/\/www.corumbaonline.com.br\/news\/wp-json\/wp\/v2\/posts\/11730965\/revisions\/11730967"}],"wp:featuredmedia":[{"embeddable":true,"href":"https:\/\/www.corumbaonline.com.br\/news\/wp-json\/wp\/v2\/media\/11730966"}],"wp:attachment":[{"href":"https:\/\/www.corumbaonline.com.br\/news\/wp-json\/wp\/v2\/media?parent=11730965"}],"wp:term":[{"taxonomy":"category","embeddable":true,"href":"https:\/\/www.corumbaonline.com.br\/news\/wp-json\/wp\/v2\/categories?post=11730965"},{"taxonomy":"post_tag","embeddable":true,"href":"https:\/\/www.corumbaonline.com.br\/news\/wp-json\/wp\/v2\/tags?post=11730965"}],"curies":[{"name":"wp","href":"https:\/\/api.w.org\/{rel}","templated":true}]}}