{"id":11731799,"date":"2023-03-14T11:16:00","date_gmt":"2023-03-14T15:16:00","guid":{"rendered":"http:\/\/www.corumbaonline.com.br\/news\/?p=11731799"},"modified":"2023-03-14T15:08:38","modified_gmt":"2023-03-14T19:08:38","slug":"concurso-eu-uso-a-agua-de-maneira-responsavel-esta-com-inscricoes-abertas","status":"publish","type":"post","link":"https:\/\/www.corumbaonline.com.br\/news\/concurso-eu-uso-a-agua-de-maneira-responsavel-esta-com-inscricoes-abertas\/","title":{"rendered":"Concurso \u201cEu uso a \u00e1gua de maneira respons\u00e1vel\u201d est\u00e1 com inscri\u00e7\u00f5es abertas"},"content":{"rendered":"<p>Estudantes do ensino fundamental II do 7\u00b0 Ano das escolas estaduais de Corumb\u00e1 t\u00eam at\u00e9 a pr\u00f3xima quinta-feira, 16 de mar\u00e7o, para participar do concurso que vai premiar o v\u00eddeo mais criativo e com ideias sustent\u00e1veis sobre o Dia Mundial da \u00c1gua, celebrado no dia 22 de mar\u00e7o.<\/p>\n<p>A Campanha de Conscientiza\u00e7\u00e3o do Uso da \u00c1gua nas Resid\u00eancias dos Alunos das Escolas Estaduais, com o tema: \u201cEu uso a \u00e1gua de maneira respons\u00e1vel\u201d, \u00e9 realizado pela Prefeitura de Corumb\u00e1, por meio da Funda\u00e7\u00e3o de Meio Ambiente do Pantanal, em parceria com a Sanesul (Empresa de Saneamento de Mato Grosso do Sul) e Andorinha.<\/p>\n<p>Entre os pr\u00eamios, est\u00e3o: 01 bicicleta e 02 kits ecol\u00f3gicos. As turmas dos vencedores dos 3 primeiros lugares visitar\u00e3o a Sanesul para conhecer as instala\u00e7\u00f5es e equipamentos que servem para fazer as an\u00e1lises da qualidade de \u00e1gua e monitoramento das esta\u00e7\u00f5es de tratamento de esgoto dos munic\u00edpios.<\/p>\n<p>O objetivo do concurso \u00e9 estimular as boas pr\u00e1ticas e apresentar as propostas dos estudantes sobre o uso sustent\u00e1vel e racional da \u00e1gua e suas casas. O prazo para inscri\u00e7\u00f5es termina no dia 16 de mar\u00e7o, onde uma comiss\u00e3o julgadora ir\u00e1 escolher os vencedores dos 3 primeiros lugares. Outras informa\u00e7\u00f5es podem ser obtidas pelo telefone (67) 3907-5342 ou 3907-5385.<\/p>\n<p><strong><u>REGULAMENTO<\/u><\/strong><\/p>\n<p><strong><u>\u00a0<\/u><\/strong><\/p>\n<p>&#8220;O Dia Mundial da \u00c1gua \u00e9 comemorado em 22 de mar\u00e7o e apresenta como objetivo colocar em discuss\u00e3o assuntos importantes relacionados com esse recurso natural. Como sabemos, a vida no planeta s\u00f3 \u00e9 poss\u00edvel gra\u00e7as \u00e0 presen\u00e7a de \u00e1gua, desse modo, cuidar das fontes de \u00e1gua \u00e9 fundamental para a nossa sobreviv\u00eancia.&#8221;<\/p>\n<p><em>SANTOS, Vanessa Sardinha,\u00a0Brasil Escola.\u00a0<\/em><\/p>\n<p><strong>1 \u2013 DO CONCURSO<\/strong><\/p>\n<p>A Funda\u00e7\u00e3o de Meio Ambiente do Pantanal &#8211;\u00a0<strong>FMAP<\/strong>\u00a0realizar\u00e1 uma\u00a0<strong>CAMPANHA DE CONSCIENTIZA\u00c7\u00c3O DO USO DA \u00c1GUA NAS RESID\u00caNCIAS DOS ALUNOS DAS ESCOLAS ESTADUAIS.<\/strong><\/p>\n<p>Estudantes do ensino fundamental II do 7\u00b0 ano das Escolas Estaduais de Corumb\u00e1\/MS poder\u00e3o participar do concurso que vai premiar o v\u00eddeo mais criativo de pr\u00e1ticas sustent\u00e1veis em comemora\u00e7\u00e3o ao\u00a0<strong>DIA MUNDIAL DA \u00c1GUA<\/strong>, com o\u00a0<strong>TEMA #EU USO A \u00c1GUA DE MANEIRA RESPONS\u00c1VEL<\/strong>.<br \/>\nO concurso \u00e9 promovido pelo N\u00facleo de Educa\u00e7\u00e3o Ambiental da FMAP, em parceria com a SANESUL &#8211; Empresa de Saneamento de Mato Grosso do Sul.<\/p>\n<p><strong>2 &#8211; DA REALIZA\u00c7\u00c3O DO CONCURSO \u2013 DATA<\/strong><\/p>\n<ul>\n<li>O material dever\u00e1 ser enviado at\u00e9 o dia dezesseis de mar\u00e7o de dois mil e vinte tr\u00eas\u00a0<strong>(16\/03\/2023)<\/strong>\u00a0at\u00e9 \u00e0s<\/li>\n<li>No dia vinte de mar\u00e7o de dois mil e vinte e tr\u00eas\u00a0<strong>(20\/03\/2023)<\/strong>\u00a0at\u00e9 \u00e0s 13h30 ser\u00e1 divulgado o v\u00eddeo dos vencedores na p\u00e1gina do facebook da Funda\u00e7\u00e3o de Meio Ambiente do Pantanal<\/li>\n<li>No dia vinte e dois de mar\u00e7o\u00a0<strong>(22\/03\/2023)<\/strong>\u00a0os vencedores\u00a0<strong>(1\u00ba, 2\u00ba e 3\u00ba lugares)<\/strong>\u00a0visitar\u00e3o as instala\u00e7\u00f5es da\u00a0<strong>SANESUL<\/strong>\u00a0onde ser\u00e1 realizada a entrega das premia\u00e7\u00f5es.<\/li>\n<li>Os vencedores poder\u00e3o convidar alguns alunos das suas turmas para a visita.<\/li>\n<li><strong>Observa\u00e7\u00e3o:<\/strong>\u00a0o\u00a0<strong>1\u00ba lugar<\/strong>\u00a0poder\u00e1 levar\u00a0<strong>20 alunos<\/strong>, o\u00a0<strong>2\u00ba lugar<\/strong>:\u00a0<strong>15 alunos<\/strong>\u00a0e o\u00a0<strong>3\u00ba lugar<\/strong>:\u00a0<strong>10 alunos<\/strong>\u00a0(os alunos ser\u00e3o escolhidos por sorteio pela gest\u00e3o escolar).<\/li>\n<\/ul>\n<p><strong>3 \u2013 DAS INSTRU\u00c7\u00d5ES PARA PARTICIPA\u00c7\u00c3O &#8211; VIDEO<\/strong><\/p>\n<ul>\n<li>O Concurso ser\u00e1 aberto somente aos alunos regularmente matriculados no Ensino Fundamental II (7\u00ba ano) das Escolas P\u00fablicas Estaduais de Corumb\u00e1\/Ms<\/li>\n<li>O v\u00eddeo dever\u00e1 apresentar: pr\u00e1ticas sustent\u00e1veis voltadas para o uso da \u00e1gua dentro do lar, como por exemplo: reutiliza\u00e7\u00e3o, reaproveitamento, entre outros.<\/li>\n<li>Cada v\u00eddeo dever\u00e1 ser realizado por apenas um (01) aluno.<\/li>\n<li>A escola ficar\u00e1 respons\u00e1vel por\u00a0<em>pr\u00e9-selecionar<\/em>\u00a0os v\u00eddeos realizados e enviados oficialmente at\u00e9\u00a0<strong>(02) v\u00eddeos<\/strong>\u00a0por escola, com no\u00a0<strong><em><u>m\u00e1ximo 01 minuto de dura\u00e7\u00e3o.<\/u><\/em><\/strong><\/li>\n<li>O v\u00eddeo dever\u00e1 ser enviado impreterivelmente do<strong>\u00a0E-MAIL OFICIAL DA ESCOLA\u00a0<\/strong>para o seguinte e-mail:\u00a0<strong>fundacaodemeioambientecorumba@gmail.com;\u00a0<\/strong><em>Verificar e-mail de confirma\u00e7\u00e3o de recebimento, caso n\u00e3o receba entrar em contato pelo telefone (67) 3907-5342 ou (67) 3907-5385<\/em><\/li>\n<li>A escola dever\u00e1 mencionar no corpo do e-mail:<\/li>\n<li>Nome da escola participante;<\/li>\n<li>Nome e contato do respons\u00e1vel docente;<\/li>\n<li>Nome e contato do aluno participante;<\/li>\n<li>Tema do v\u00eddeo a ser apresentado.<\/li>\n<li>A escola dever\u00e1 enviar em anexo:\u00a0<strong>A AUTORIZA\u00c7\u00c3O DE DIREITO DE USO DE IMAGEM ASSINADO PELOS RESPONS\u00c1VEIS\u00a0<\/strong>para o e-mail da FMAP<strong>.<\/strong><\/li>\n<\/ul>\n<ul>\n<li>Ao filmar sua ideia cuide da nitidez da imagem, pois este item \u00e9 um ponto que poder\u00e1 desclassificar a escola participante;<\/li>\n<li>A criatividade, originalidade, aspectos lingu\u00edsticos e harmonia ser\u00e3o pontos a serem somados em favor da escola participante pela comiss\u00e3o julgadora.<\/li>\n<\/ul>\n<p><strong>4 \u2013 DO ENVIO DOS V\u00cdDEOS E COMISS\u00c3O JULGADORA<\/strong><\/p>\n<ul>\n<li>Os v\u00eddeos enviados pelas Escolas P\u00fablicas Estaduais ser\u00e3o analisados pela comiss\u00e3o julgadora; Nos casos dos v\u00eddeos que ultrapassarem o tempo estipulado de at\u00e9 01 minuto e n\u00e3o respeitar o n\u00famero exato de aluno, ser\u00e1 automaticamente desclassificado<\/li>\n<li>Os itens a serem analisados pela comiss\u00e3o julgadora ser\u00e3o: criatividade, originalidade, aspectos lingu\u00edsticos e harmonia.<\/li>\n<li>Ap\u00f3s an\u00e1lise criteriosa e classifica\u00e7\u00e3o (segundo o regulamento) dos v\u00eddeos, os\u00a0<strong>1\u00ba, 2\u00ba e 3\u00ba<\/strong>\u00a0lugares ser\u00e3o publicados na p\u00e1gina do facebook da Funda\u00e7\u00e3o de Meio Ambiente do Pantanal.<\/li>\n<\/ul>\n<p><strong>5 &#8211; DA PREMIA\u00c7\u00c3O<\/strong><\/p>\n<ul>\n<li>O pr\u00eamio para o aluno que conquistar o\u00a0<strong>1\u00ba<\/strong>\u00a0lugar ser\u00e1\u00a0<strong>UMA BICICLETA\u00a0<\/strong>e para os\u00a0<strong>2\u00ba e 3\u00ba<\/strong>\u00a0lugares ser\u00e1 um\u00a0<strong>KIT ECOL\u00d3GICO.<\/strong><\/li>\n<li>A Funda\u00e7\u00e3o de Meio Ambiente do Pantanal, em parceria com a Andorinha, disponibilizar\u00e1 um \u00f4nibus para a visita dos alunos at\u00e9 a Sanesul.<\/li>\n<li>Os v\u00eddeos premiados ser\u00e3o divulgados na\u00a0<strong>p\u00e1gina do facebook da Funda\u00e7\u00e3o de Meio Ambiente do Pantanal\u00a0<em>no dia 20\/03\/2023<\/em><\/strong><\/li>\n<\/ul>\n<p><strong>6 \u2013 DA COMISS\u00c3O JULGADORA<\/strong><\/p>\n<ul>\n<li>A comiss\u00e3o ser\u00e1 formada por pessoas dos seguintes \u00f3rg\u00e3os:<br \/>\n<strong>IBAMA<\/strong>\u00a0\u2013 Instituto Brasileiro do Meio Ambiente e Recursos Naturais Renov\u00e1veis<br \/>\n<strong>SANESUL<\/strong>\u00a0\u2013 Empresa de Saneamento de Mato Grosso do Sul<br \/>\n<strong>FMAP<\/strong>\u00a0\u2013 Funda\u00e7\u00e3o de Meio Ambiente do Pantanal.<\/li>\n<\/ul>\n<p><strong>7 &#8211; DAS DISPOSI\u00c7\u00d5ES GERAIS<\/strong><\/p>\n<ul>\n<li>O resultado ser\u00e1 anunciado e publicado\u00a0<strong>na p\u00e1gina do facebook da Funda\u00e7\u00e3o de Meio Ambiente do Pantanal (<\/strong><a href=\"https:\/\/www.facebook.com\/fundacaodemeioambientedopantanal\/\">https:\/\/www.facebook.com\/fundacaodemeioambientedopantanal\/<\/a><strong>)\u00a0<\/strong>e no site da Prefeitura Municipal de Corumb\u00e1\/MS.<\/li>\n<li>Casos omissos neste regulamento ser\u00e3o analisados pela pr\u00f3pria comiss\u00e3o.<\/li>\n<\/ul>\n","protected":false},"excerpt":{"rendered":"<p>Estudantes do ensino fundamental II do 7\u00b0 Ano das escolas estaduais de Corumb\u00e1 t\u00eam at\u00e9&#8230;<\/p>\n","protected":false},"author":70,"featured_media":11731800,"comment_status":"closed","ping_status":"closed","sticky":false,"template":"","format":"standard","meta":{"footnotes":""},"categories":[8,17],"tags":[],"class_list":["post-11731799","post","type-post","status-publish","format-standard","has-post-thumbnail","hentry","category-destaque","category-meio-ambiente"],"_links":{"self":[{"href":"https:\/\/www.corumbaonline.com.br\/news\/wp-json\/wp\/v2\/posts\/11731799","targetHints":{"allow":["GET"]}}],"collection":[{"href":"https:\/\/www.corumbaonline.com.br\/news\/wp-json\/wp\/v2\/posts"}],"about":[{"href":"https:\/\/www.corumbaonline.com.br\/news\/wp-json\/wp\/v2\/types\/post"}],"author":[{"embeddable":true,"href":"https:\/\/www.corumbaonline.com.br\/news\/wp-json\/wp\/v2\/users\/70"}],"replies":[{"embeddable":true,"href":"https:\/\/www.corumbaonline.com.br\/news\/wp-json\/wp\/v2\/comments?post=11731799"}],"version-history":[{"count":1,"href":"https:\/\/www.corumbaonline.com.br\/news\/wp-json\/wp\/v2\/posts\/11731799\/revisions"}],"predecessor-version":[{"id":11731801,"href":"https:\/\/www.corumbaonline.com.br\/news\/wp-json\/wp\/v2\/posts\/11731799\/revisions\/11731801"}],"wp:featuredmedia":[{"embeddable":true,"href":"https:\/\/www.corumbaonline.com.br\/news\/wp-json\/wp\/v2\/media\/11731800"}],"wp:attachment":[{"href":"https:\/\/www.corumbaonline.com.br\/news\/wp-json\/wp\/v2\/media?parent=11731799"}],"wp:term":[{"taxonomy":"category","embeddable":true,"href":"https:\/\/www.corumbaonline.com.br\/news\/wp-json\/wp\/v2\/categories?post=11731799"},{"taxonomy":"post_tag","embeddable":true,"href":"https:\/\/www.corumbaonline.com.br\/news\/wp-json\/wp\/v2\/tags?post=11731799"}],"curies":[{"name":"wp","href":"https:\/\/api.w.org\/{rel}","templated":true}]}}