{"id":11731805,"date":"2023-03-14T11:47:00","date_gmt":"2023-03-14T15:47:00","guid":{"rendered":"http:\/\/www.corumbaonline.com.br\/news\/?p=11731805"},"modified":"2023-03-14T15:10:44","modified_gmt":"2023-03-14T19:10:44","slug":"governo-de-ms-vai-pantanal-adentro-com-acoes-preventivas-contra-influenza-aviaria","status":"publish","type":"post","link":"https:\/\/www.corumbaonline.com.br\/news\/governo-de-ms-vai-pantanal-adentro-com-acoes-preventivas-contra-influenza-aviaria\/","title":{"rendered":"Governo de MS vai Pantanal adentro com a\u00e7\u00f5es preventivas contra influenza avi\u00e1ria"},"content":{"rendered":"<p>O sol pantaneiro escaldante aliado \u00e0 poeira t\u00edpica das estradas que levam as comunidades mais long\u00ednquas s\u00e3o barreiras hoje superadas para as equipes do Governo de Mato Grosso do Sul que est\u00e3o levando Pantanal adentro informa\u00e7\u00f5es e abrindo um importante di\u00e1logo com os moradores desses locais, os fortalecendo como aliados do Estado na manuten\u00e7\u00e3o da sanidade dos animais criados em solo sul-mato-grossense, em especial contra a influenza avi\u00e1ria.<\/p>\n<p>\u201cVoc\u00eas tinham conhecimento disso?\u201d, questionou o fiscal Claudio di Martino, integrante da comitiva da Iagro (Ag\u00eancia Estadual de Defesa Sanit\u00e1ria Animal e Vegetal), ao abrir conversa com moradores do Assentamento Taquaral, se referindo \u00e0 amea\u00e7a da influenza avi\u00e1ria ap\u00f3s registro recente de um caso em Cochabamba, na regi\u00e3o andina da Bol\u00edvia.<\/p>\n<p>O assentamento fica em Corumb\u00e1, a poucos quil\u00f4metros da faixa de fronteira seca com a Bol\u00edvia, sendo visto como estrat\u00e9gico para frear a entrada de doen\u00e7as que afetam a sanidade animal no Brasil. Assim, foi ali que as a\u00e7\u00f5es realizadas na regi\u00e3o pantaneira e de fronteira foram iniciadas pelos servidores da Iagro.<\/p>\n<p>Durante a conversa, v\u00e1rias informa\u00e7\u00f5es foram compartilhadas para identificar casos de influenza avi\u00e1ria, foi explicado como proceder caso perceba-se que algum animal est\u00e1 com caso suspeito da doen\u00e7a e todas as implica\u00e7\u00f5es que a chegada dessa zoonose pode trazer \u00e0 sa\u00fade e economia.<\/p>\n<figure id=\"attachment_428143\" class=\"wp-caption alignright\">\n<p><figure id=\"attachment_428143\" aria-describedby=\"caption-attachment-428143\" style=\"width: 375px\" class=\"wp-caption alignright\"><a href=\"http:\/\/www.ms.gov.br\/wp-content\/uploads\/sites\/150\/2023\/03\/Assentamento-Taquaral-em-Corumb%C3%A1-palestra-sobre-Selo-Arte-e-Influenza-Avi%C3%A1ria-e-entrega-de-material-educativo-Foto-Saul-Schramm-8.jpg\" rel=\"attachment wp-att-428143\"><img loading=\"lazy\" decoding=\"async\" class=\"wp-image-428143\" src=\"http:\/\/www.ms.gov.br\/wp-content\/uploads\/sites\/150\/2023\/03\/Assentamento-Taquaral-em-Corumb%C3%A1-palestra-sobre-Selo-Arte-e-Influenza-Avi%C3%A1ria-e-entrega-de-material-educativo-Foto-Saul-Schramm-8-1024x714.jpg\" alt=\"\" width=\"375\" height=\"261\" \/><\/a><figcaption id=\"caption-attachment-428143\" class=\"wp-caption-text\">Josefa gostou da visita e v\u00ea a\u00e7\u00f5es como positivas<\/figcaption><\/figure><\/figure>\n<p>Outros temas, como a implementa\u00e7\u00e3o do Selo Arte &#8211; destinado aos que produzem produtos de origem animal de forma artesanal sejam atestados com uma certifica\u00e7\u00e3o de qualidade &#8211; e o fim da vacina\u00e7\u00e3o contra a aftosa tamb\u00e9m foram abordados e discutidos com os moradores, que tiveram palavra aberta para fazer sugest\u00f5es aos t\u00e9cnicos da ag\u00eancia sanit\u00e1ria.<\/p>\n<p>\u201cNingu\u00e9m esperava que a Iagro ia vir, pois nunca houve uma palestra assim para o povo daqui. Achei muito interessante. Muitas pessoas achavam que era uma coisa, agora com a Iagro vindo, a gente v\u00ea que n\u00e3o \u00e9 o que a gente pensava. Foi bem esclarecedor e gostamos\u201d, frisa a produtora de queijo Josefa de F\u00e1tima Lima.<\/p>\n<p>Morando ali desde os cinco anos, hoje com 31 anos a assentada tem seu pr\u00f3prio lote onde cria gado leiteiro, que oferece a ela em m\u00e9dia 40 litros de leite por dia, oriundos de oito cabe\u00e7as. \u201cPassei minha vida toda aqui e meu lugar \u00e9 aqui, ent\u00e3o tenho que prezar por ele. Todos temos medo que doen\u00e7as venham para c\u00e1, mas acho que podemos evitar fazendo tudo certo\u201d.<\/p>\n<p>O Selo Arte \u00e9 destinado \u00e0queles que trabalham com produtos de origem animal de forma artesanal, e busca atestar a qualidade desses produtos atrav\u00e9s de uma certifica\u00e7\u00e3o. Essa medida \u00e9 de extrema import\u00e2ncia para garantir a seguran\u00e7a alimentar dos consumidores e valorizar os produtores que se dedicam \u00e0 produ\u00e7\u00e3o artesanal.<\/p>\n<p>A equipe tamb\u00e9m explicou sobre os procedimentos com o\u00a0 fim da vacina\u00e7\u00e3o contra a febre aftosa, uma medida que visa a melhoria da sa\u00fade animal e que pode contribuir para a abertura de novos mercados para os produtores brasileiros. Durante a reuni\u00e3o, os moradores tiveram a oportunidade de participar ativamente, fazendo sugest\u00f5es e trocando informa\u00e7\u00f5es com os t\u00e9cnicos da ag\u00eancia sanit\u00e1ria.<\/p>\n<p><strong>Material \u00e9 did\u00e1tico e de simples entendimento<\/strong><\/p>\n<p>Nada mais f\u00e1cil de entender do que um gibi. E justamente \u00e9 esse um dos formatos usados para cativar o p\u00fablico e sobre a import\u00e2ncia de se prevenir quanto a influenza avi\u00e1ria.<\/p>\n<div id=\"gallery-1\" class=\"gallery galleryid-428200 gallery-columns-3 gallery-size-medium\">\n<figure class=\"gallery-item\">\n<div class=\"gallery-icon landscape\"><a href=\"http:\/\/www.ms.gov.br\/wp-content\/uploads\/sites\/150\/2023\/03\/Assentamento-Taquaral-em-Corumb%C3%A1-palestra-sobre-Selo-Arte-e-Influenza-Avi%C3%A1ria-e-entrega-de-material-educativo-Foto-Saul-Schramm-4.jpg\"><img loading=\"lazy\" decoding=\"async\" class=\"attachment-medium size-medium\" src=\"http:\/\/www.ms.gov.br\/wp-content\/uploads\/sites\/150\/2023\/03\/Assentamento-Taquaral-em-Corumb%C3%A1-palestra-sobre-Selo-Arte-e-Influenza-Avi%C3%A1ria-e-entrega-de-material-educativo-Foto-Saul-Schramm-4-300x200.jpg\" sizes=\"auto, (max-width: 300px) 100vw, 300px\" srcset=\"http:\/\/www.ms.gov.br\/wp-content\/uploads\/sites\/150\/2023\/03\/Assentamento-Taquaral-em-Corumb\u00e1-palestra-sobre-Selo-Arte-e-Influenza-Avi\u00e1ria-e-entrega-de-material-educativo-Foto-Saul-Schramm-4-300x200.jpg 300w, http:\/\/www.ms.gov.br\/wp-content\/uploads\/sites\/150\/2023\/03\/Assentamento-Taquaral-em-Corumb\u00e1-palestra-sobre-Selo-Arte-e-Influenza-Avi\u00e1ria-e-entrega-de-material-educativo-Foto-Saul-Schramm-4-768x512.jpg 768w, http:\/\/www.ms.gov.br\/wp-content\/uploads\/sites\/150\/2023\/03\/Assentamento-Taquaral-em-Corumb\u00e1-palestra-sobre-Selo-Arte-e-Influenza-Avi\u00e1ria-e-entrega-de-material-educativo-Foto-Saul-Schramm-4-1024x683.jpg 1024w, http:\/\/www.ms.gov.br\/wp-content\/uploads\/sites\/150\/2023\/03\/Assentamento-Taquaral-em-Corumb\u00e1-palestra-sobre-Selo-Arte-e-Influenza-Avi\u00e1ria-e-entrega-de-material-educativo-Foto-Saul-Schramm-4-350x232.jpg 350w\" alt=\"\" width=\"300\" height=\"200\" \/><\/a><\/div>\n<\/figure>\n<figure class=\"gallery-item\">\n<div class=\"gallery-icon landscape\"><a href=\"http:\/\/www.ms.gov.br\/wp-content\/uploads\/sites\/150\/2023\/03\/Assentamento-Taquaral-em-Corumb%C3%A1-palestra-sobre-Selo-Arte-e-Influenza-Avi%C3%A1ria-e-entrega-de-material-educativo-Foto-Saul-Schramm-3.jpg\"><img loading=\"lazy\" decoding=\"async\" class=\"attachment-medium size-medium\" src=\"http:\/\/www.ms.gov.br\/wp-content\/uploads\/sites\/150\/2023\/03\/Assentamento-Taquaral-em-Corumb%C3%A1-palestra-sobre-Selo-Arte-e-Influenza-Avi%C3%A1ria-e-entrega-de-material-educativo-Foto-Saul-Schramm-3-300x200.jpg\" sizes=\"auto, (max-width: 300px) 100vw, 300px\" srcset=\"http:\/\/www.ms.gov.br\/wp-content\/uploads\/sites\/150\/2023\/03\/Assentamento-Taquaral-em-Corumb\u00e1-palestra-sobre-Selo-Arte-e-Influenza-Avi\u00e1ria-e-entrega-de-material-educativo-Foto-Saul-Schramm-3-300x200.jpg 300w, http:\/\/www.ms.gov.br\/wp-content\/uploads\/sites\/150\/2023\/03\/Assentamento-Taquaral-em-Corumb\u00e1-palestra-sobre-Selo-Arte-e-Influenza-Avi\u00e1ria-e-entrega-de-material-educativo-Foto-Saul-Schramm-3-768x512.jpg 768w, http:\/\/www.ms.gov.br\/wp-content\/uploads\/sites\/150\/2023\/03\/Assentamento-Taquaral-em-Corumb\u00e1-palestra-sobre-Selo-Arte-e-Influenza-Avi\u00e1ria-e-entrega-de-material-educativo-Foto-Saul-Schramm-3-1024x683.jpg 1024w, http:\/\/www.ms.gov.br\/wp-content\/uploads\/sites\/150\/2023\/03\/Assentamento-Taquaral-em-Corumb\u00e1-palestra-sobre-Selo-Arte-e-Influenza-Avi\u00e1ria-e-entrega-de-material-educativo-Foto-Saul-Schramm-3-350x232.jpg 350w\" alt=\"\" width=\"300\" height=\"200\" \/><\/a><\/div>\n<\/figure>\n<figure class=\"gallery-item\">\n<div class=\"gallery-icon landscape\"><a href=\"http:\/\/www.ms.gov.br\/wp-content\/uploads\/sites\/150\/2023\/03\/Assentamento-Taquaral-em-Corumb%C3%A1-palestra-sobre-Selo-Arte-e-Influenza-Avi%C3%A1ria-e-entrega-de-material-educativo-Foto-Saul-Schramm-6.jpg\"><img loading=\"lazy\" decoding=\"async\" class=\"attachment-medium size-medium\" src=\"http:\/\/www.ms.gov.br\/wp-content\/uploads\/sites\/150\/2023\/03\/Assentamento-Taquaral-em-Corumb%C3%A1-palestra-sobre-Selo-Arte-e-Influenza-Avi%C3%A1ria-e-entrega-de-material-educativo-Foto-Saul-Schramm-6-300x200.jpg\" sizes=\"auto, (max-width: 300px) 100vw, 300px\" srcset=\"http:\/\/www.ms.gov.br\/wp-content\/uploads\/sites\/150\/2023\/03\/Assentamento-Taquaral-em-Corumb\u00e1-palestra-sobre-Selo-Arte-e-Influenza-Avi\u00e1ria-e-entrega-de-material-educativo-Foto-Saul-Schramm-6-300x200.jpg 300w, http:\/\/www.ms.gov.br\/wp-content\/uploads\/sites\/150\/2023\/03\/Assentamento-Taquaral-em-Corumb\u00e1-palestra-sobre-Selo-Arte-e-Influenza-Avi\u00e1ria-e-entrega-de-material-educativo-Foto-Saul-Schramm-6-768x512.jpg 768w, http:\/\/www.ms.gov.br\/wp-content\/uploads\/sites\/150\/2023\/03\/Assentamento-Taquaral-em-Corumb\u00e1-palestra-sobre-Selo-Arte-e-Influenza-Avi\u00e1ria-e-entrega-de-material-educativo-Foto-Saul-Schramm-6-1024x683.jpg 1024w, http:\/\/www.ms.gov.br\/wp-content\/uploads\/sites\/150\/2023\/03\/Assentamento-Taquaral-em-Corumb\u00e1-palestra-sobre-Selo-Arte-e-Influenza-Avi\u00e1ria-e-entrega-de-material-educativo-Foto-Saul-Schramm-6-350x232.jpg 350w\" alt=\"\" width=\"300\" height=\"200\" \/><\/a><\/div>\n<\/figure>\n<\/div>\n<p>Os materiais impressos entregues aos assentados e as explica\u00e7\u00f5es dos servidores ajudaram a todos na compreens\u00e3o de que o fluxo migrat\u00f3rio das aves dissemina o v\u00edrus entre elas, sendo assim importante que aves dom\u00e9sticas n\u00e3o interajam com as silvestres.<\/p>\n<p>\u201cEst\u00e1 na nossa porta e depende desse empenho comunit\u00e1rio\u201d, frisa o diretor-adjunto e fiscal da Iagro, Cristiano de Oliveira, completando que mesmo sendo raro, \u00e9 poss\u00edvel que haja cont\u00e1gio de ave para humanos em casos de contatos \u00edntimos entre os dois. O v\u00edrus n\u00e3o \u00e9 transmitido ao se alimentar de aves e tamb\u00e9m n\u00e3o h\u00e1 transmiss\u00e3o registrada de humano para humano.<\/p>\n<p>As visitas aos assentamentos e a fiscaliza\u00e7\u00e3o no posto de fronteira acontece h\u00e1 praticamente um m\u00eas, contudo vem sendo refor\u00e7ada, ganhando maior destaque agora. \u201cHoje vou dar parab\u00e9ns a voc\u00eas por virem aqui, estarem explicando as coisas para a gente\u201d, comenta outro assentado da Taquaral, Janilton Saraiva, acrescentando que a partir de agora vai comunicar \u00e0 Iagro sobre qualquer altera\u00e7\u00e3o verificada nos animais.<\/p>\n<figure id=\"attachment_428142\" class=\"wp-caption aligncenter\">\n<p><figure id=\"attachment_428142\" aria-describedby=\"caption-attachment-428142\" style=\"width: 1024px\" class=\"wp-caption aligncenter\"><a href=\"http:\/\/www.ms.gov.br\/wp-content\/uploads\/sites\/150\/2023\/03\/Assentamento-Taquaral-em-Corumb%C3%A1-palestra-sobre-Selo-Arte-e-Influenza-Avi%C3%A1ria-e-entrega-de-material-educativo-Foto-Saul-Schramm-7.jpg\" rel=\"attachment wp-att-428142\"><img loading=\"lazy\" decoding=\"async\" class=\"wp-image-428142 size-large\" src=\"http:\/\/www.ms.gov.br\/wp-content\/uploads\/sites\/150\/2023\/03\/Assentamento-Taquaral-em-Corumb%C3%A1-palestra-sobre-Selo-Arte-e-Influenza-Avi%C3%A1ria-e-entrega-de-material-educativo-Foto-Saul-Schramm-7-1024x654.jpg\" alt=\"\" width=\"1024\" height=\"654\" \/><\/a><figcaption id=\"caption-attachment-428142\" class=\"wp-caption-text\">Assentada lendo gibi criado para conscientizar a popula\u00e7\u00e3o sobre a gripe avi\u00e1ria<\/figcaption><\/figure><\/figure>\n<p>O grupo que visitou o Assentamento Taquaral nesta quarta e segue para a fazenda Novo Horizonte nesta quinta \u00e9 formado pelo diretor-adjunto da Iagro, Cristiano Moreira de Oliveira; pelo gerente de Controle e Opera\u00e7\u00f5es, Marco Aur\u00e9lio Guimar\u00e3es; pelo coordenador do N\u00facleo de Produtos Artesanais de Origem Animal, Wilson de Moraes Rodrigues Junior; pelo fiscal Claudio Di Martino; e pela assessora de comunica\u00e7\u00e3o Iza Olmos Rodrigues de Lima.<\/p>\n<p><strong>Quais as orienta\u00e7\u00f5es?<\/strong><\/p>\n<p>Os principais sinais da doen\u00e7a nos animais s\u00e3o dificuldade respirat\u00f3ria, corrimento nasal e ocular, incha\u00e7o de cabe\u00e7a, andar cambaleante, torcicolo e alta mortalidade. A transmiss\u00e3o ocorre por contato direto com aves contaminadas, mais especificamente com secre\u00e7\u00f5es. Evitar o contato com as aves, manuseio de animais doentes e a manuten\u00e7\u00e3o da limpeza do ambiente de cria\u00e7\u00e3o s\u00e3o medidas de preven\u00e7\u00e3o.<\/p>\n<p>O Brasil nunca registrou nenhum caso da doen\u00e7a. Para comunicar a Iagro em qualquer suspeita da doen\u00e7a, o contato \u00e9 o WhatsApp (67) 99961-9205, al\u00e9m da plataforma e-Sisbravet (Sistema Brasileiro de Vigil\u00e2ncia e Emerg\u00eancia Veterin\u00e1ria), via internet:\u00a0<a href=\"https:\/\/sistemasweb4.agricultura.gov.br\/sisbravet\/manterNotificacao!abrirFormInternet.action\">https:\/\/sistemasweb4.agricultura.gov.br\/sisbravet\/manterNotificacao!abrirFormInternet.action<\/a>.<\/p>\n<div id=\"gallery-2\" class=\"gallery galleryid-428200 gallery-columns-2 gallery-size-medium\">\n<figure class=\"gallery-item\">\n<div class=\"gallery-icon landscape\"><a href=\"http:\/\/www.ms.gov.br\/wp-content\/uploads\/sites\/150\/2023\/03\/Assentamento-Taquaral-em-Corumb%C3%A1-palestra-sobre-Selo-Arte-e-Influenza-Avi%C3%A1ria-Foto-Saul-Schramm.jpg\"><img loading=\"lazy\" decoding=\"async\" class=\"attachment-medium size-medium\" src=\"http:\/\/www.ms.gov.br\/wp-content\/uploads\/sites\/150\/2023\/03\/Assentamento-Taquaral-em-Corumb%C3%A1-palestra-sobre-Selo-Arte-e-Influenza-Avi%C3%A1ria-Foto-Saul-Schramm-300x185.jpg\" sizes=\"auto, (max-width: 300px) 100vw, 300px\" srcset=\"http:\/\/www.ms.gov.br\/wp-content\/uploads\/sites\/150\/2023\/03\/Assentamento-Taquaral-em-Corumb\u00e1-palestra-sobre-Selo-Arte-e-Influenza-Avi\u00e1ria-Foto-Saul-Schramm-300x185.jpg 300w, http:\/\/www.ms.gov.br\/wp-content\/uploads\/sites\/150\/2023\/03\/Assentamento-Taquaral-em-Corumb\u00e1-palestra-sobre-Selo-Arte-e-Influenza-Avi\u00e1ria-Foto-Saul-Schramm-768x474.jpg 768w, http:\/\/www.ms.gov.br\/wp-content\/uploads\/sites\/150\/2023\/03\/Assentamento-Taquaral-em-Corumb\u00e1-palestra-sobre-Selo-Arte-e-Influenza-Avi\u00e1ria-Foto-Saul-Schramm-1024x633.jpg 1024w, http:\/\/www.ms.gov.br\/wp-content\/uploads\/sites\/150\/2023\/03\/Assentamento-Taquaral-em-Corumb\u00e1-palestra-sobre-Selo-Arte-e-Influenza-Avi\u00e1ria-Foto-Saul-Schramm-350x216.jpg 350w\" alt=\"\" width=\"300\" height=\"185\" \/><\/a><\/div>\n<\/figure>\n<figure class=\"gallery-item\">\n<div class=\"gallery-icon landscape\"><a href=\"http:\/\/www.ms.gov.br\/wp-content\/uploads\/sites\/150\/2023\/03\/Assentamento-Taquaral-em-Corumb%C3%A1-palestra-sobre-Selo-Arte-e-Influenza-Avi%C3%A1ria-e-entrega-de-material-educativo-Foto-Saul-Schramm-1.jpg\"><img loading=\"lazy\" decoding=\"async\" class=\"attachment-medium size-medium\" src=\"http:\/\/www.ms.gov.br\/wp-content\/uploads\/sites\/150\/2023\/03\/Assentamento-Taquaral-em-Corumb%C3%A1-palestra-sobre-Selo-Arte-e-Influenza-Avi%C3%A1ria-e-entrega-de-material-educativo-Foto-Saul-Schramm-1-300x191.jpg\" sizes=\"auto, (max-width: 300px) 100vw, 300px\" srcset=\"http:\/\/www.ms.gov.br\/wp-content\/uploads\/sites\/150\/2023\/03\/Assentamento-Taquaral-em-Corumb\u00e1-palestra-sobre-Selo-Arte-e-Influenza-Avi\u00e1ria-e-entrega-de-material-educativo-Foto-Saul-Schramm-1-300x191.jpg 300w, http:\/\/www.ms.gov.br\/wp-content\/uploads\/sites\/150\/2023\/03\/Assentamento-Taquaral-em-Corumb\u00e1-palestra-sobre-Selo-Arte-e-Influenza-Avi\u00e1ria-e-entrega-de-material-educativo-Foto-Saul-Schramm-1-768x489.jpg 768w, http:\/\/www.ms.gov.br\/wp-content\/uploads\/sites\/150\/2023\/03\/Assentamento-Taquaral-em-Corumb\u00e1-palestra-sobre-Selo-Arte-e-Influenza-Avi\u00e1ria-e-entrega-de-material-educativo-Foto-Saul-Schramm-1-1024x652.jpg 1024w, http:\/\/www.ms.gov.br\/wp-content\/uploads\/sites\/150\/2023\/03\/Assentamento-Taquaral-em-Corumb\u00e1-palestra-sobre-Selo-Arte-e-Influenza-Avi\u00e1ria-e-entrega-de-material-educativo-Foto-Saul-Schramm-1-350x223.jpg 350w\" alt=\"\" width=\"300\" height=\"191\" \/><\/a><\/div>\n<\/figure>\n<\/div>\n","protected":false},"excerpt":{"rendered":"<p>O sol pantaneiro escaldante aliado \u00e0 poeira t\u00edpica das estradas que levam as comunidades mais&#8230;<\/p>\n","protected":false},"author":13,"featured_media":11731806,"comment_status":"closed","ping_status":"closed","sticky":false,"template":"","format":"standard","meta":{"footnotes":""},"categories":[2,8],"tags":[],"class_list":["post-11731805","post","type-post","status-publish","format-standard","has-post-thumbnail","hentry","category-agropecuaria","category-destaque"],"_links":{"self":[{"href":"https:\/\/www.corumbaonline.com.br\/news\/wp-json\/wp\/v2\/posts\/11731805","targetHints":{"allow":["GET"]}}],"collection":[{"href":"https:\/\/www.corumbaonline.com.br\/news\/wp-json\/wp\/v2\/posts"}],"about":[{"href":"https:\/\/www.corumbaonline.com.br\/news\/wp-json\/wp\/v2\/types\/post"}],"author":[{"embeddable":true,"href":"https:\/\/www.corumbaonline.com.br\/news\/wp-json\/wp\/v2\/users\/13"}],"replies":[{"embeddable":true,"href":"https:\/\/www.corumbaonline.com.br\/news\/wp-json\/wp\/v2\/comments?post=11731805"}],"version-history":[{"count":2,"href":"https:\/\/www.corumbaonline.com.br\/news\/wp-json\/wp\/v2\/posts\/11731805\/revisions"}],"predecessor-version":[{"id":11731808,"href":"https:\/\/www.corumbaonline.com.br\/news\/wp-json\/wp\/v2\/posts\/11731805\/revisions\/11731808"}],"wp:featuredmedia":[{"embeddable":true,"href":"https:\/\/www.corumbaonline.com.br\/news\/wp-json\/wp\/v2\/media\/11731806"}],"wp:attachment":[{"href":"https:\/\/www.corumbaonline.com.br\/news\/wp-json\/wp\/v2\/media?parent=11731805"}],"wp:term":[{"taxonomy":"category","embeddable":true,"href":"https:\/\/www.corumbaonline.com.br\/news\/wp-json\/wp\/v2\/categories?post=11731805"},{"taxonomy":"post_tag","embeddable":true,"href":"https:\/\/www.corumbaonline.com.br\/news\/wp-json\/wp\/v2\/tags?post=11731805"}],"curies":[{"name":"wp","href":"https:\/\/api.w.org\/{rel}","templated":true}]}}