{"id":11731815,"date":"2023-03-15T08:17:00","date_gmt":"2023-03-15T12:17:00","guid":{"rendered":"http:\/\/www.corumbaonline.com.br\/news\/?p=11731815"},"modified":"2023-03-15T08:21:03","modified_gmt":"2023-03-15T12:21:03","slug":"prefeitura-cumpre-lei-federal-e-taxa-do-lixo-comeca-a-ser-cobrada-em-maio","status":"publish","type":"post","link":"https:\/\/www.corumbaonline.com.br\/news\/prefeitura-cumpre-lei-federal-e-taxa-do-lixo-comeca-a-ser-cobrada-em-maio\/","title":{"rendered":"Prefeitura cumpre Lei Federal e \u201cTaxa do Lixo\u201d come\u00e7a a ser cobrada em maio"},"content":{"rendered":"<p>Estabelecida pela Lei Federal N\u00ba 14.026 \u2013 conhecida como o \u201cMarco do Saneamento B\u00e1sico\u201d \u2013 a Taxa de Coleta, Remo\u00e7\u00e3o, Transporte, Tratamento e Destina\u00e7\u00e3o Final de Res\u00edduos S\u00f3lidos (TRS) come\u00e7ar\u00e1 a ser cobrada em Corumb\u00e1 no pr\u00f3ximo m\u00eas de maio. A medida foi institu\u00edda pela Lei Complementar N\u00ba 317, aprovada pela C\u00e2mara de Vereadores e sancionada pelo prefeito Marcelo Iunes em dezembro de 2022.<\/p>\n<p>Em Mato Grosso do Sul, 50 munic\u00edpios j\u00e1 fazem essa cobran\u00e7a. A TRS \u00e9 um valor anual que ser\u00e1 arrecadado, de forma parcelada, junto \u00e0 fatura de \u00e1gua, conforme conv\u00eanio firmado com a Sanesul. Para as unidades geradoras de res\u00edduos que n\u00e3o possuem liga\u00e7\u00e3o de \u00e1gua, no exerc\u00edcio de 2023, a cobran\u00e7a ser\u00e1 realizada atrav\u00e9s de boleto gerado na Central de Atendimento ao Cidad\u00e3o (CAC), sendo disponibilizado para o pr\u00f3ximo exerc\u00edcio junto ao IPTU 2024.<\/p>\n<p>\u201cA cobran\u00e7a de TRS \u00e9 uma determina\u00e7\u00e3o Federal. Temos que seguir, que fazer a cobran\u00e7a sob pena de puni\u00e7\u00f5es severas para o Munic\u00edpio\u201d, esclareceu o secret\u00e1rio municipal de Infraestrutura e Servi\u00e7os P\u00fablicos, Ricardo Campos Ametlla, que complementou: \u201cImportante ressaltar tamb\u00e9m que a Sanesul ser\u00e1 t\u00e3o somente um meio de arrecada\u00e7\u00e3o da Taxa. A responsabilidade do servi\u00e7o e d\u00favidas dever\u00e3o ser direcionadas \u00e0 Prefeitura\u201d.<\/p>\n<p>Antes da cobran\u00e7a, a Prefeitura de Corumb\u00e1 deve publicar um Decreto regulamentando a TRS, institu\u00edda pela Lei Complementar n\u00ba 317\/2022. Fica disponibilizado link para acesso dos mun\u00edcipes, caso queiram contestar, questionar, alterar sua forma de cobran\u00e7a ou solicitar seu direito aos benef\u00edcios previstos na Lei da TRS, pelo portal digital\u00a0<em><strong><a href=\"https:\/\/app.sistematrs.com.br\/solicitacao\/ms\/corumba\">https:\/\/app.sistematrs.com.br\/solicitacao\/ms\/corumba<\/a><\/strong><\/em>. A Prefeitura vai oferecer pontos de apoio e orienta\u00e7\u00e3o aos mun\u00edcipes com dificuldade no preenchimento das solicita\u00e7\u00f5es ou acesso \u00e0 internet.<\/p>\n<p><strong>VEJA QUEM TEM DIREITO AOS BENEF\u00cdCIOS:<\/strong><\/p>\n<p><strong>BENEF\u00cdCIO DE TAXA SOCIAL<\/strong><\/p>\n<p>Para aquelas fam\u00edlias que comprovem atendimento cumulativo das seguintes condicionantes:<\/p>\n<p>I &#8211; Unidade geradora de res\u00edduos classificada como unifamiliar;<\/p>\n<p>II &#8211; Comprovar renda familiar menor ou igual a 1 (um) sal\u00e1rio m\u00ednimo;<\/p>\n<p>III &#8211; Consumidor monof\u00e1sico de energia el\u00e9trica com consumo m\u00e9dio mensal de at\u00e9 100 kWh\/m\u00eas e\/ou consumo mensal de \u00e1gua at\u00e9 20 m\u00b3\/m\u00eas; e<\/p>\n<p>IV &#8211; Estar adimplente com a TRS (sem contas atrasadas).<\/p>\n<p>Documento necess\u00e1rio para a solicita\u00e7\u00e3o:<\/p>\n<p>1 &#8211; Documento com foto;<\/p>\n<p>2 &#8211; \u00daltima conta de \u00e1gua;<\/p>\n<p>3 &#8211; \u00daltima conta de energia;<\/p>\n<p>4 &#8211; Comprovante do Cadastro \u00danico (Cad\u00danico) &#8211; Folha resumo (V7); e<\/p>\n<p>5 &#8211; Comprovante da inscri\u00e7\u00e3o imobili\u00e1ria.<\/p>\n<p><strong>BENEF\u00cdCIO DA ISEN\u00c7\u00c3O<\/strong><\/p>\n<p>Os inscritos no Cadastro \u00danico (CAD\u00danico) para Programas Sociais do Governo Federal, o cidad\u00e3o(\u00e3) deve estar em situa\u00e7\u00e3o de extrema vulnerabilidade financeira, cuja renda familiar per capita mensal seja igual ou inferior a R$ 105,00.<\/p>\n<p>Documento necess\u00e1rio para a solicita\u00e7\u00e3o:<\/p>\n<p>1 &#8211; Documento com foto;<\/p>\n<p>2 &#8211; \u00daltima conta de \u00e1gua;<\/p>\n<p>3 &#8211; Comprovante do Cadastro \u00danico (Cad\u00danico) &#8211; Folha resumo (V7); e<\/p>\n<p>4 &#8211; Comprovante da inscri\u00e7\u00e3o imobili\u00e1ria.<\/p>\n<p>Lembrando que custo dos servi\u00e7os de limpeza de logradouros p\u00fablicos, varri\u00e7\u00e3o, capina, limpeza e desobstru\u00e7\u00e3o de bueiros, bocas de lobo, valas e valetas, galerias de \u00e1guas pluviais e c\u00f3rregos e de outras atividades assemelhadas da limpeza urbana, N\u00c3O integram o valor da TRS.<\/p>\n<p>Refor\u00e7a-se que a Sanesul \u00e9 apenas o meio de cobran\u00e7a da TRS, a RESPONSABILIDADE DO SERVI\u00c7OS E ESCLARECIMENTOS DE D\u00daVIDAS dever\u00e3o ser direcionadas a Prefeitura Municipal de Corumb\u00e1 ou pelo portal digital.<\/p>\n","protected":false},"excerpt":{"rendered":"<p>Estabelecida pela Lei Federal N\u00ba 14.026 \u2013 conhecida como o \u201cMarco do Saneamento B\u00e1sico\u201d \u2013&#8230;<\/p>\n","protected":false},"author":70,"featured_media":11731816,"comment_status":"closed","ping_status":"closed","sticky":false,"template":"","format":"standard","meta":{"footnotes":""},"categories":[8,9],"tags":[],"class_list":["post-11731815","post","type-post","status-publish","format-standard","has-post-thumbnail","hentry","category-destaque","category-economia"],"_links":{"self":[{"href":"https:\/\/www.corumbaonline.com.br\/news\/wp-json\/wp\/v2\/posts\/11731815","targetHints":{"allow":["GET"]}}],"collection":[{"href":"https:\/\/www.corumbaonline.com.br\/news\/wp-json\/wp\/v2\/posts"}],"about":[{"href":"https:\/\/www.corumbaonline.com.br\/news\/wp-json\/wp\/v2\/types\/post"}],"author":[{"embeddable":true,"href":"https:\/\/www.corumbaonline.com.br\/news\/wp-json\/wp\/v2\/users\/70"}],"replies":[{"embeddable":true,"href":"https:\/\/www.corumbaonline.com.br\/news\/wp-json\/wp\/v2\/comments?post=11731815"}],"version-history":[{"count":1,"href":"https:\/\/www.corumbaonline.com.br\/news\/wp-json\/wp\/v2\/posts\/11731815\/revisions"}],"predecessor-version":[{"id":11731817,"href":"https:\/\/www.corumbaonline.com.br\/news\/wp-json\/wp\/v2\/posts\/11731815\/revisions\/11731817"}],"wp:featuredmedia":[{"embeddable":true,"href":"https:\/\/www.corumbaonline.com.br\/news\/wp-json\/wp\/v2\/media\/11731816"}],"wp:attachment":[{"href":"https:\/\/www.corumbaonline.com.br\/news\/wp-json\/wp\/v2\/media?parent=11731815"}],"wp:term":[{"taxonomy":"category","embeddable":true,"href":"https:\/\/www.corumbaonline.com.br\/news\/wp-json\/wp\/v2\/categories?post=11731815"},{"taxonomy":"post_tag","embeddable":true,"href":"https:\/\/www.corumbaonline.com.br\/news\/wp-json\/wp\/v2\/tags?post=11731815"}],"curies":[{"name":"wp","href":"https:\/\/api.w.org\/{rel}","templated":true}]}}