{"id":11731892,"date":"2023-03-17T14:00:00","date_gmt":"2023-03-17T18:00:00","guid":{"rendered":"http:\/\/www.corumbaonline.com.br\/news\/?p=11731892"},"modified":"2023-03-17T17:24:00","modified_gmt":"2023-03-17T21:24:00","slug":"alems-lamenta-morte-do-deputado-amarildo-cruz","status":"publish","type":"post","link":"https:\/\/www.corumbaonline.com.br\/news\/alems-lamenta-morte-do-deputado-amarildo-cruz\/","title":{"rendered":"ALEMS lamenta morte do deputado Amarildo Cruz"},"content":{"rendered":"<p>A Assembleia Legislativa de Mato Grosso do Sul (ALEMS) manifesta grande pesar pelo falecimento do deputado estadual Amarildo Cruz (PT), nesta sexta-feira (17), aos 60 anos, em Campo Grande. Sens\u00edvel \u00e0s causas sociais e combativo por um pa\u00eds mais democr\u00e1tico e menos desigual, sua morte foi lamentada pelos outros 23 deputados e deputadas da 12\u00aa Legislatura.<\/p>\n<p>Amarildo Valdo da Cruz nasceu em 29 de julho de 1962, em Presidente Epit\u00e1cio (SP). Mudou-se para Mato Grosso do Sul aos 18 anos, em 1981, quando foi aprovado em concurso p\u00fablico para o cargo de fiscal\u00a0tribut\u00e1rio estadual. Formado em Direito, com p\u00f3s-gradua\u00e7\u00e3o em Gest\u00e3o P\u00fablica, filiou-se ao PT em 1984, partido em que j\u00e1 exerceu os cargos de presidente e tesoureiro do Diret\u00f3rio Estadual. Tamb\u00e9m foi presidente e secret\u00e1rio geral do Sindicato dos Agentes Tribut\u00e1rios Estaduais de Mato Grosso do Sul, atual Sindifiscal\/MS.<\/p>\n<figure class=\"image\"><a href=\"https:\/\/www.al.ms.gov.br\/upload\/News\/2023\/03\/2023_03_16_12_43_35_f28c6544-99d8-4290-8e61-253fb6db4e34.jpg\" data-toggle=\"lightbox\"><img loading=\"lazy\" decoding=\"async\" src=\"https:\/\/www.al.ms.gov.br\/upload\/News\/2023\/03\/2023_03_16_12_43_35_f28c6544-99d8-4290-8e61-253fb6db4e34.jpg\" alt=\"\" width=\"500\" height=\"333\" \/><\/a><figcaption>Amarildo em sua \u00faltima participa\u00e7\u00e3o em sess\u00e3o na ALEMS. Foto: Luciana Nassar<\/figcaption><\/figure>\n<p>Por seu vasto conhecimento, foi coordenador geral tribut\u00e1rio e financeiro da Secretaria Estadual da Fazenda, criando o Pr\u00e1tico, iniciativa pioneira que trouxe um novo padr\u00e3o de atendimento ao cidad\u00e3o, mais r\u00e1pido e eficiente, reunindo v\u00e1rios \u00f3rg\u00e3os p\u00fablicos no mesmo lugar.<\/p>\n<p>Foi tamb\u00e9m superintendente da Central de Compras do Estado, onde implantou o registro de pre\u00e7os e o preg\u00e3o eletr\u00f4nico. Em 2003 e 2006 foi presidente da Ag\u00eancia Estadual de Habita\u00e7\u00e3o (Agehab). Durante sua gest\u00e3o, o \u00f3rg\u00e3o foi informatizado e ao seu comando mais de 40 mil a\u00e7\u00f5es na \u00e1rea da habita\u00e7\u00e3o foram feitas, dentre elas a constru\u00e7\u00e3o, reforma e quita\u00e7\u00e3o de im\u00f3veis, gerando mais de 200 mil empregos diretos.<\/p>\n<p>Assumiu o posto de deputado estadual na Assembleia Legislativa de Mato Grosso do Sul por cinco vezes. Foi eleito pela primeira vez em 2006, com quase 18 mil votos. Em 2010, concorreu \u00e0 reelei\u00e7\u00e3o, ficando como 2\u00ba suplente em sua coliga\u00e7\u00e3o. Em 2012\u00a0assumiu a superintend\u00eancia do Instituto Brasileiro do Meio Ambiente\u00a0e dos Recursos Naturais Renov\u00e1veis em Mato Grosso do Sul (Ibama-MS).<\/p>\n<p>Em 2013, retornou ao Parlamento Estadual, tendo como destaque em sua atua\u00e7\u00e3o a presid\u00eancia da Comiss\u00e3o Parlamentar de Inqu\u00e9rito (CPI) da Sa\u00fade, a qual investigou irregularidades nos recursos repassados pelo Sistema \u00danico de Sa\u00fade (SUS), para unidades hospitalares de 11 munic\u00edpios de Mato Grosso do Sul \u2013\u00a0<a href=\"https:\/\/al.ms.gov.br\/Paginas\/29\/cpis\">saiba mais aqui<\/a>.<\/p>\n<p>Com 20.585 votos\u00a0foi reeleito para o terceiro mandato na ALEMS, em 2014. Em 2016, foi escolhido para presidir a comiss\u00e3o que acompanhou o acordo final da indeniza\u00e7\u00e3o aos munic\u00edpios afetados pela usina hidrel\u00e9trica de Porto Primavera, em Rosana (SP), instalada pela Companhia Energ\u00e9tica do Estado de S\u00e3o Paulo (Cesp) e na mesma Legislatura tomou posse como 2\u00ba secret\u00e1rio da Mesa Diretora.<\/p>\n<p>Em 2020, foi\u00a0<a href=\"https:\/\/www.educacaofiscal.ms.gov.br\/ha-39-anos-na-sefaz-ms-amarildo-cruz-se-despede-e-assume-como-deputado-estadual\/#:~:text=CONCURSO%20DE%20MASCOTE-,H%C3%A1%2039%20anos%20na%20Sefaz%2DMS%2C%20Amarildo%20Cruz%20se%20despede,e%20assume%20como%20Deputado%20Estadual&amp;text=Respons%C3%A1vel%20pela%20Unidade%20de%20Educa%C3%A7%C3%A3o,de%20Mato%20Grosso%20do%20Sul.\">chefe da Unidade de Educa\u00e7\u00e3o Fiscal<\/a>\u00a0da Secretaria de Estado de Fazenda de Mato Grosso do Sul, onde implementou o Programa Nota Premiada MS, que, al\u00e9m de combater a sonega\u00e7\u00e3o de impostos no com\u00e9rcio, tamb\u00e9m incentiva a cidadania fiscal.\u00a0Como primeiro suplente do PT, em 1\u00ba de junho de 2021 assumiu pela quarta vez como deputado estadual, ap\u00f3s o falecimento do deputado estadual Cabo Almi em decorr\u00eancia da Covid-19.<\/p>\n<p>Em 2022, foi reeleito para seu quinto mandato, com 17.249 votos, participando da atual 12\u00aa Legislatura como l\u00edder da Bancada do PT, antes de ser internado por infec\u00e7\u00e3o respirat\u00f3ria e consequente miocardite, no \u00faltimo dia 14 de mar\u00e7o de 2023. Hoje (17), teve paradas card\u00edacas e n\u00e3o resistiu.<\/p>\n<p><strong>Bandeiras<\/strong><\/p>\n<p>Militante pela paz, pela diversidade e\u00a0toler\u00e2ncia,\u00a0<a href=\"https:\/\/www.youtube.com\/watch?v=DoE_hYQ7F1Q\">em seu \u00faltimo discurso na tribuna<\/a>\u00a0o deputado defendeu a liberdade,\u00a0a n\u00e3o banaliza\u00e7\u00e3o do mal, do \u00f3dio e das\u00a0<em>fake news e\u00a0<\/em>no fim da manh\u00e3\u00a0ainda recebeu\u00a0<a href=\"https:\/\/al.ms.gov.br\/Noticias\/133504\/estudantes-de-escola-bilingue-tem-aula-pratica-sobre-parlamento\">alunos em visita ao Parlamento<\/a>. Atuante e um dos principais nomes do\u00a0movimento negro no Estado, sempre apoiou a\u00e7\u00f5es de combate ao racismo e \u00e0 discrimina\u00e7\u00e3o, com destaque \u00e0s reinvindica\u00e7\u00f5es para a cria\u00e7\u00e3o da Delegacia Especializada em Crimes de Racismo e da Promotoria de Combate ao Racismo, al\u00e9m de ter sido autor\u00a0da\u00a0<a href=\"http:\/\/aacpdappls.net.ms.gov.br\/appls\/legislacao\/secoge\/govato.nsf\/1b758e65922af3e904256b220050342a\/fe9c2343a02429470425751c0047504e?OpenDocument&amp;Highlight=2,3.594\">Lei Estadual 3.594\/2008<\/a>, que instituiu reserva de 20% das vagas em concursos p\u00fablicos estaduais para negros aprovados e 3% para ind\u00edgenas, como medida de promo\u00e7\u00e3o da igualdade de oportunidades no mercado de trabalho.<\/p>\n<figure class=\"image\"><a href=\"https:\/\/www.al.ms.gov.br\/upload\/News\/2023\/03\/2023_03_16_12_44_26_1e7b8448-3d1e-4de1-b740-02463a96309a.jpg\" data-toggle=\"lightbox\"><img loading=\"lazy\" decoding=\"async\" src=\"https:\/\/www.al.ms.gov.br\/upload\/News\/2023\/03\/2023_03_16_12_44_26_1e7b8448-3d1e-4de1-b740-02463a96309a.jpg\" alt=\"\" width=\"500\" height=\"333\" \/><\/a><figcaption>Defensor da igualdade racial, discursava contra o racismo. Foto: Wagner Guimar\u00e3es<\/figcaption><\/figure>\n<p>Criou no Legislativo a entrega do\u00a0<a href=\"https:\/\/al.ms.gov.br\/Noticias\/128093\/bconsciencia-negra-b-entrega-trofeu-zumbi-dos-palmares-reforca-combate-ao-racismo\">Pr\u00eamio Zumbi dos Palmares<\/a>, com o reconhecimento a personalidades que lutam contra o racismo e foi\u00a0autor da maior parte das leis criadas em \u00e2mbito estadual pelo fim do preconceito e valoriza\u00e7\u00e3o do negro e do pardo, reunidas na\u00a0<a href=\"https:\/\/www.al.ms.gov.br\/Paginas\/771\/alems-antirracista\">p\u00e1gina multim\u00eddia ALEMS Antirracista<\/a>, em que voc\u00ea tamb\u00e9m encontra entrevista especial de Amarildo como \u00fanico deputado negro na 11\u00aa Legislatura.<\/p>\n<p>Dentre a legisla\u00e7\u00e3o, est\u00e1 a\u00a0<a href=\"http:\/\/aacpdappls.net.ms.gov.br\/appls\/legislacao\/secoge\/govato.nsf\/448b683bce4ca84704256c0b00651e9d\/2d69f8215d775059042582ad0043a565?OpenDocument&amp;Highlight=2,racismo\" target=\"_blank\" rel=\"noopener\">Lei Estadual 5.216\/2018<\/a>, que disp\u00f5e sobre o Cadastro Estadual dos condenados por racismo ou inj\u00faria racial no Estado\u00a0de Mato Grosso do Sul e d\u00e1 outras provid\u00eancias.<\/p>\n<p>Para o Meio Ambiente, criou a Frente Parlamentar em Defesa do Meio Ambiente e o movimento &#8220;Meio Ambiente Limpo, Planeta Vivo&#8221;.\u00a0Prop\u00f4s projetos de leis para as normas sustent\u00e1veis para o cultivo da cana-de-a\u00e7\u00facar; a Pol\u00edtica Estadual de Gest\u00e3o e Prote\u00e7\u00e3o da Bacia do Rio Paraguai;\u00a0a suspens\u00e3o das concess\u00f5es de licen\u00e7as de desmatamento e disciplina produ\u00e7\u00e3o, transporte, comercializa\u00e7\u00e3o e utiliza\u00e7\u00e3o de carv\u00e3o; a amplia\u00e7\u00e3o dos crit\u00e9rios de distribui\u00e7\u00e3o do ICMS Ecol\u00f3gico entre os munic\u00edpios de Mato Grosso do Sul.<\/p>\n<p>O destaque ambiental foi\u00a0a aprova\u00e7\u00e3o da\u00a0<a href=\"http:\/\/aacpdappls.net.ms.gov.br\/appls\/legislacao\/secoge\/govato.nsf\/1b758e65922af3e904256b220050342a\/ce41549cdcbf48d4042582ce00459233?OpenDocument&amp;Highlight=2,5.237\">Lei Estadual 5.237\/2017<\/a>, que criou o chamado\u00a0Complexo dos Poderes, com o Programa de Preserva\u00e7\u00e3o, Prote\u00e7\u00e3o e Recupera\u00e7\u00e3o Ambiental, estabelecendo normas gerais sobre a fauna, flora e belezas naturais do Parque dos Poderes, Parque do Prosa e do Parque das Na\u00e7\u00f5es Ind\u00edgenas, assim como determinando exig\u00eancias \u00e0s edifica\u00e7\u00f5es. A norma tamb\u00e9m\u00a0pro\u00edbe a supress\u00e3o vegetal das \u00e1reas que o comp\u00f5e, por iniciativa proposta posteriormente e apensada a esta lei, por proposi\u00e7\u00e3o do deputado Paulo Corr\u00eaa (PSDB) e coautoria de outros 14 deputados &#8211;\u00a0saiba na p\u00e1gina especial\u00a0<a href=\"https:\/\/al.ms.gov.br\/Paginas\/779\/alems-sustentavel\">ALEMS Sustent\u00e1vel<\/a>.<\/p>\n<p>Sempre defensor do fortalecimento dos servidores e do servi\u00e7o p\u00fablico, Amarildo Cruz era um estadista. Lutou por\u00a0<a href=\"https:\/\/al.ms.gov.br\/Noticias\/110840\/deputado-amarildo-cruz-cobra-plano-de-reajuste-e-reposicao-salarial-aos-servidores-publico\">diversas categorias<\/a>, discursou em prol\u00a0<a href=\"https:\/\/al.ms.gov.br\/Noticias\/123270\/greve-revela-o-desmonte-da-seguridade-social-no-brasil-afirma-amarildo\">da Seguridade Social<\/a>, da cria\u00e7\u00e3o do\u00a0<a href=\"https:\/\/al.ms.gov.br\/Noticias\/112971\/amarildo-cruz-propoe-criacao-de-restaurante-popular-para-acabar-com-a-fome-em-ms\">restaurante popular<\/a>\u00a0e combate \u00e0 fome, pela redu\u00e7\u00e3o de impostos e melhor gest\u00e3o, entre\u00a0<a href=\"https:\/\/al.ms.gov.br\/Home\/SearchNews?SearchString=amarildo\">outros assuntos<\/a>. Na\u00a0<a href=\"https:\/\/al.ms.gov.br\/Noticias\/64310\/projeto-de-emenda-aprovado-destinara-1-da-receita-estadual-ao-fundo-de-habitacao\">habita\u00e7\u00e3o prop\u00f4s PEC<\/a>\u00a0que destina, anualmente, 1% da receita l\u00edquida estadual ao Fundo de Habita\u00e7\u00e3o de Interesse Social de Mato Grosso do Sul. Na Sa\u00fade, foram diversas emendas parlamentares aos 79 munic\u00edpios, com investimentos para a compra de equipamentos, medicamentos, ambul\u00e2ncias, aparelhos de ultrassonografia, cadeiras de roda e outros materiais para Unidades B\u00e1sicas de Sa\u00fade e hospitais.<\/p>\n<p>Amarildo Cruz deixa tr\u00eas filhos e companheira. Veja v\u00eddeo de homenagem feito pela TV Assembleia\u00a0<ins><a href=\"https:\/\/youtu.be\/q9HafI8Ky5Y\" target=\"_blank\" rel=\"noopener\">clicando aqui<\/a><\/ins>\u00a0e ou\u00e7a aqui a homenagem da\u00a0<a href=\"https:\/\/al.ms.gov.br\/RadioAssembleia\/Audios?idMenu=601\">Radio ALEMS<\/a>.<\/p>\n","protected":false},"excerpt":{"rendered":"<p>A Assembleia Legislativa de Mato Grosso do Sul (ALEMS) manifesta grande pesar pelo falecimento do&#8230;<\/p>\n","protected":false},"author":12,"featured_media":11731893,"comment_status":"closed","ping_status":"closed","sticky":false,"template":"","format":"standard","meta":{"footnotes":""},"categories":[8,19],"tags":[],"class_list":["post-11731892","post","type-post","status-publish","format-standard","has-post-thumbnail","hentry","category-destaque","category-politica"],"_links":{"self":[{"href":"https:\/\/www.corumbaonline.com.br\/news\/wp-json\/wp\/v2\/posts\/11731892","targetHints":{"allow":["GET"]}}],"collection":[{"href":"https:\/\/www.corumbaonline.com.br\/news\/wp-json\/wp\/v2\/posts"}],"about":[{"href":"https:\/\/www.corumbaonline.com.br\/news\/wp-json\/wp\/v2\/types\/post"}],"author":[{"embeddable":true,"href":"https:\/\/www.corumbaonline.com.br\/news\/wp-json\/wp\/v2\/users\/12"}],"replies":[{"embeddable":true,"href":"https:\/\/www.corumbaonline.com.br\/news\/wp-json\/wp\/v2\/comments?post=11731892"}],"version-history":[{"count":1,"href":"https:\/\/www.corumbaonline.com.br\/news\/wp-json\/wp\/v2\/posts\/11731892\/revisions"}],"predecessor-version":[{"id":11731894,"href":"https:\/\/www.corumbaonline.com.br\/news\/wp-json\/wp\/v2\/posts\/11731892\/revisions\/11731894"}],"wp:featuredmedia":[{"embeddable":true,"href":"https:\/\/www.corumbaonline.com.br\/news\/wp-json\/wp\/v2\/media\/11731893"}],"wp:attachment":[{"href":"https:\/\/www.corumbaonline.com.br\/news\/wp-json\/wp\/v2\/media?parent=11731892"}],"wp:term":[{"taxonomy":"category","embeddable":true,"href":"https:\/\/www.corumbaonline.com.br\/news\/wp-json\/wp\/v2\/categories?post=11731892"},{"taxonomy":"post_tag","embeddable":true,"href":"https:\/\/www.corumbaonline.com.br\/news\/wp-json\/wp\/v2\/tags?post=11731892"}],"curies":[{"name":"wp","href":"https:\/\/api.w.org\/{rel}","templated":true}]}}