{"id":11731895,"date":"2023-03-17T17:26:33","date_gmt":"2023-03-17T21:26:33","guid":{"rendered":"http:\/\/www.corumbaonline.com.br\/news\/?p=11731895"},"modified":"2023-03-17T17:26:34","modified_gmt":"2023-03-17T21:26:34","slug":"prefeito-lamenta-falecimento-do-deputado-estadual-amarildo-cruz","status":"publish","type":"post","link":"https:\/\/www.corumbaonline.com.br\/news\/prefeito-lamenta-falecimento-do-deputado-estadual-amarildo-cruz\/","title":{"rendered":"Prefeito lamenta falecimento do deputado estadual Amarildo Cruz"},"content":{"rendered":"<p>O prefeito Marcelo Iunes lamentou o falecimento do deputado-estadual Amarildo Cruz, ocorrido na manh\u00e3 desta sexta-feira, 17, em Campo Grande. O chefe do Executivo municipal destacou a aten\u00e7\u00e3o do deputado com a regi\u00e3o pantaneira e os muitos servi\u00e7os prestados \u00e0 popula\u00e7\u00e3o sul-mato-grossense. O prefeito prestou sua solidariedade aos familiares e amigos de Amarildo.<\/p>\n<p>Natural de Presidente Epit\u00e1cio (SP), cidade pr\u00f3xima ao munic\u00edpio de Bataguassu (MS) e localizada \u00e0s margens do Rio Paran\u00e1, regi\u00e3o em que passou sua inf\u00e2ncia, Amarildo Cruz mudou-se para Mato Grosso do Sul aos 18 anos, em 1981, quando foi aprovado em concurso p\u00fablico de Fiscal Tribut\u00e1rio Estadual em Mato Grosso do Sul. Formou-se em Direito, cursou Ci\u00eancias Cont\u00e1beis, p\u00f3s-graduou-se em Gest\u00e3o P\u00fablica e especializou-se em Ci\u00eancia do Direito.<\/p>\n<p>Filiado ao Partido dos Trabalhadores desde 1984, ocupou os cargos de presidente e tesoureiro no Diret\u00f3rio Estadual do Partido. Defensor das causas sociais, sempre trabalhou pelo fortalecimento dos servidores e do servi\u00e7o p\u00fablico. Foi um dos fundadores do Sindicato dos Agentes Tribut\u00e1rios Estaduais de Mato Grosso do Sul, atual Sindifiscal\/MS, onde foi secret\u00e1rio geral e presidente. Buscou a uni\u00e3o da categoria, conseguiu avan\u00e7os significativos e contribuiu em momentos importantes da hist\u00f3ria do sindicato.<\/p>\n<p>No governo, exerceu cargos estrat\u00e9gicos, deixando a marca da compet\u00eancia. Como coordenador geral tribut\u00e1rio e financeiro da Secretaria de Fazenda ajudou a reduzir a evas\u00e3o fiscal e garantir o aumento da arrecada\u00e7\u00e3o. Criou o PR\u00c1TICO, iniciativa pioneira que trouxe um novo padr\u00e3o de atendimento ao cidad\u00e3o, mais r\u00e1pido e eficiente, reunindo v\u00e1rios \u00f3rg\u00e3os p\u00fablicos no mesmo lugar.<\/p>\n<p>Tamb\u00e9m foi superintendente da Central de Compras do Estado. No cargo, implantou o registro de pre\u00e7os e o preg\u00e3o eletr\u00f4nico. Entre 2003 e 2006, foi presidente da Ag\u00eancia Estadual de Habita\u00e7\u00e3o &#8211; Agehab. Durante sua gest\u00e3o, o \u00f3rg\u00e3o foi equipado e informatizado, al\u00e9m disso, foram definidas novas regras para a concess\u00e3o da casa pr\u00f3pria. Comandou mais de 40 mil a\u00e7\u00f5es na \u00e1rea da habita\u00e7\u00e3o, dentre elas constru\u00e7\u00e3o, reforma e quita\u00e7\u00e3o de im\u00f3veis, gerando mais de 200 mil empregos diretos.<\/p>\n<p>Em 2006, afastou-se da Agehab para concorrer, pela segunda vez, \u00e0s elei\u00e7\u00f5es no cargo de deputado estadual. Conquistou uma cadeira na Assembleia Legislativa com quase 18 mil votos. Em 2010, concorreu \u00e0 reelei\u00e7\u00e3o, ficando como 2\u00ba suplente em sua coliga\u00e7\u00e3o. E, 2012 assumiu a superintend\u00eancia do Instituto Brasileiro do Meio Ambiente\u00a0 e dos Recursos Naturais Renov\u00e1veis em Mato Grosso do Sul (Ibama-MS). J\u00e1 em 2013, retornou ao Parlamento Estadual e entre outras coisas integrou a Comiss\u00e3o Parlamentar de Inqu\u00e9rito (CPI) da Sa\u00fade da Casa de Leis como presidente, a qual investigou irregularidades nos recursos repassados pelo Sistema \u00danico de Sa\u00fade (SUS), para unidades hospitalares de 11 munic\u00edpios de Mato Grosso do Sul. O resultado de meses de trabalho trazem desdobramentos positivos at\u00e9 hoje para o Estado.<\/p>\n<p>Em 2014, foi reeleito para o terceiro mandato com 20.585 votos. Em 2016, foi escolhido para presidir a comiss\u00e3o que acompanha o acordo final da indeniza\u00e7\u00e3o aos munic\u00edpios afetados pela usina hidrel\u00e9trica de Porto Primavera, em Rosana (SP), instalada pela Companhia Energ\u00e9tica do Estado de S\u00e3o Paulo (Cesp).<\/p>\n<p>Ainda neste mandato, apresentou diversas indica\u00e7\u00f5es e projetos de lei que visam a melhoria da qualidade de vida da popula\u00e7\u00e3o sul-mato-grossense, dentre elas, sancionadas pelo Governo do Estado, a Lei n\u00ba 4.967, que autoriza o Poder Executivo a criar pol\u00edtica estadual de incentivo \u00e0 gera\u00e7\u00e3o e ao aproveitamento da energia solar; a Lei n\u00ba 4.936, que declara a rapadura artesanal e o Festival Anual da Rapadura de Furnas do Dion\u00edsio como patrim\u00f4nio hist\u00f3rico e cultural; a lei 4.908\/16 que institui o dia 8 de setembro como Dia de Conscientiza\u00e7\u00e3o, Mobiliza\u00e7\u00e3o e Combate \u00e0 Hansen\u00edase; Lei 5.035\/17 que amplia ao Legislativo Estadual a abertura de processos de tombamento de patrim\u00f4nios art\u00edsticos, hist\u00f3ricos, culturais.<\/p>\n<p>Em 2017, tomou posse como 2\u00ba secret\u00e1rio da Mesa Diretora da 10\u00aa Legislatura da Assembleia Legislativa. Primeiro suplente do PT, em 1\u00ba de junho de 2021 assumiu novamente como deputado estadual, ap\u00f3s falecimento do deputado estadual Cabo Almi em decorr\u00eancia da Covid-19.<\/p>\n<p><strong>Atua\u00e7\u00e3o Parlamentar<\/strong><\/p>\n<p>No parlamento estadual, Amarildo Cruz prioriza tem\u00e1ticas que considera importantes:<\/p>\n<p>Meio Ambiente<\/p>\n<p>Criou a Frente Parlamentar em Defesa do Meio Ambiente e o movimento &#8220;Meio Ambiente Limpo, Planeta Vivo&#8221;. Prop\u00f4s projetos de lei que estabelecem normas para o cultivo da cana-de-a\u00e7\u00facar; a Pol\u00edtica Estadual de Gest\u00e3o e Prote\u00e7\u00e3o da Bacia do Rio Paraguai; a suspens\u00e3o das concess\u00f5es de licen\u00e7as de desmatamento e disciplina produ\u00e7\u00e3o, transporte, comercializa\u00e7\u00e3o e utiliza\u00e7\u00e3o de carv\u00e3o; a amplia\u00e7\u00e3o dos crit\u00e9rios de distribui\u00e7\u00e3o do ICMS Ecol\u00f3gico entre os munic\u00edpios de Mato Grosso do Sul e o \u00faltimo que est\u00e1 em tramita\u00e7\u00e3o, que cria o Complexo de Preserva\u00e7\u00e3o, Prote\u00e7\u00e3o e Recupera\u00e7\u00e3o Ambiental dos Poderes, abrangendo os parques dos Poderes, Na\u00e7\u00f5es Ind\u00edgenas e Estadual do Prosa.<\/p>\n<p>Igualdade Racial<\/p>\n<p>Apoia as a\u00e7\u00f5es do movimento negro e dos setoriais que lutam pelo combate ao racismo, al\u00e9m de acompanhar o processo de titula\u00e7\u00e3o de terras quilombolas que se estende h\u00e1 anos no Estado.<\/p>\n<p>Sugeriu a cria\u00e7\u00e3o da Delegacia Especializada em Crimes de Racismo e da Promotoria de Combate ao Racismo, cobrou a aplica\u00e7\u00e3o da Lei Federal n\u00ba 10.639\/03 que obriga o ensino da hist\u00f3ria e culturas afro-brasileira e africana em todas as escolas, obteve a aprova\u00e7\u00e3o da lei n\u00b0 3.594\/08, que institui reserva de 10% das vagas em concursos p\u00fablicos estaduais para negros aprovados, posteriormente ampliada para 20% e apresentou o projeto de lei que cria o cadastro de condenados por crime de racismo em Mato Grosso do Sul.<\/p>\n<p>Habita\u00e7\u00e3o<\/p>\n<p>Destaca-se a Emenda Constitucional 44 que destina, anualmente, 1% da receita l\u00edquida estadual ao Fundo de Habita\u00e7\u00e3o de Interesse Social de Mato Grosso do Sul, para a constru\u00e7\u00e3o de, no m\u00ednimo, 14 mil casas por ano, al\u00e9m do projeto de sele\u00e7\u00e3o e classifica\u00e7\u00e3o das fam\u00edlias beneficiadas pelos programas habitacionais p\u00fablicos ou subsidiados no Estado.<\/p>\n<p>Sa\u00fade<\/p>\n<p>Atua fortemente na \u00e1rea da sa\u00fade, destinando emendas parlamentares aos munic\u00edpios para que invistam na compra de equipamentos, medicamentos, ambul\u00e2ncias, aparelhos de ultrassonografia, cadeiras de roda e outros materiais para Unidades B\u00e1sicas de Sa\u00fade e Hospitais.<\/p>\n<p>Servidor P\u00fablico<\/p>\n<p>Atua fortemente no apoio \u00e0 organiza\u00e7\u00e3o e fortalecimento dos servidores p\u00fablicos estaduais em todas as esferas.<\/p>\n<p>Em 2015 conseguiu instituir no calend\u00e1rio c\u00edvico de Mato Grosso do Sul, no dia 30 de setembro, o Dia do Agente Tribut\u00e1rio Estadual, que mais tarde, por sua forte a\u00e7\u00e3o parlamentar, passou a chamar-se Fiscal Tribut\u00e1rio Estadual. Tamb\u00e9m instituiu no dia 28 de agosto, o Dia Estadual dos Banc\u00e1rios e Financi\u00e1rios.<\/p>\n","protected":false},"excerpt":{"rendered":"<p>O prefeito Marcelo Iunes lamentou o falecimento do deputado-estadual Amarildo Cruz, ocorrido na manh\u00e3 desta&#8230;<\/p>\n","protected":false},"author":70,"featured_media":11731896,"comment_status":"closed","ping_status":"closed","sticky":false,"template":"","format":"standard","meta":{"footnotes":""},"categories":[8,19],"tags":[],"class_list":["post-11731895","post","type-post","status-publish","format-standard","has-post-thumbnail","hentry","category-destaque","category-politica"],"_links":{"self":[{"href":"https:\/\/www.corumbaonline.com.br\/news\/wp-json\/wp\/v2\/posts\/11731895","targetHints":{"allow":["GET"]}}],"collection":[{"href":"https:\/\/www.corumbaonline.com.br\/news\/wp-json\/wp\/v2\/posts"}],"about":[{"href":"https:\/\/www.corumbaonline.com.br\/news\/wp-json\/wp\/v2\/types\/post"}],"author":[{"embeddable":true,"href":"https:\/\/www.corumbaonline.com.br\/news\/wp-json\/wp\/v2\/users\/70"}],"replies":[{"embeddable":true,"href":"https:\/\/www.corumbaonline.com.br\/news\/wp-json\/wp\/v2\/comments?post=11731895"}],"version-history":[{"count":1,"href":"https:\/\/www.corumbaonline.com.br\/news\/wp-json\/wp\/v2\/posts\/11731895\/revisions"}],"predecessor-version":[{"id":11731897,"href":"https:\/\/www.corumbaonline.com.br\/news\/wp-json\/wp\/v2\/posts\/11731895\/revisions\/11731897"}],"wp:featuredmedia":[{"embeddable":true,"href":"https:\/\/www.corumbaonline.com.br\/news\/wp-json\/wp\/v2\/media\/11731896"}],"wp:attachment":[{"href":"https:\/\/www.corumbaonline.com.br\/news\/wp-json\/wp\/v2\/media?parent=11731895"}],"wp:term":[{"taxonomy":"category","embeddable":true,"href":"https:\/\/www.corumbaonline.com.br\/news\/wp-json\/wp\/v2\/categories?post=11731895"},{"taxonomy":"post_tag","embeddable":true,"href":"https:\/\/www.corumbaonline.com.br\/news\/wp-json\/wp\/v2\/tags?post=11731895"}],"curies":[{"name":"wp","href":"https:\/\/api.w.org\/{rel}","templated":true}]}}