{"id":11731905,"date":"2023-03-18T09:20:00","date_gmt":"2023-03-18T13:20:00","guid":{"rendered":"http:\/\/www.corumbaonline.com.br\/news\/?p=11731905"},"modified":"2023-03-18T09:47:11","modified_gmt":"2023-03-18T13:47:11","slug":"legado-de-amarildo-cruz-e-exaltado-em-cortejo-de-despedida-emocionada-na-alems","status":"publish","type":"post","link":"https:\/\/www.corumbaonline.com.br\/news\/legado-de-amarildo-cruz-e-exaltado-em-cortejo-de-despedida-emocionada-na-alems\/","title":{"rendered":"Legado de Amarildo Cruz \u00e9 exaltado em cortejo de despedida emocionada na ALEMS"},"content":{"rendered":"<p>Acompanhados por diversos apoiadores, autoridades, servidores e familiares, a Assembleia Legislativa de Mato Grosso do Sul (ALEMS)\u00a0e os sul-mato-grossenses se despedem do deputado Amarildo Cruz (PT) na manh\u00e3 deste s\u00e1bado (17). Seu corpo foi velado desde a noite da sexta-feira (16), no sagu\u00e3o da sede do Legislativo em Campo Grande, e agora segue para o enterro na cidade natal do parlamentar, Presidente Epit\u00e1cio (SP).<\/p>\n<p>Em nome dos deputados da 12\u00aa Legislatura, Junior Mochi (MDB) relembrou do amigo. \u201cO Amarildo foi um extraordin\u00e1rio parlamentar, um cidad\u00e3o combativo, mas sensato, equilibrado, que buscava o consenso. Iniciei junto no Parlamento com ele. Lembrei que j\u00e1 percorremos o estado juntos por duas vezes em audi\u00eancias p\u00fablicas e na CPI da Sa\u00fade. Ele deixa um legado muito grande, uma refer\u00eancia como ser humano, como amigo, pessoa que sempre procurou com suas atitudes levar o bem. Nesse momento, mesmo com toda a tristeza, \u00e9 preciso relembrar a vida e agradecer a Deus pelo privil\u00e9gio da sua presen\u00e7a. Ele com certeza ter\u00e1 um lugar entre os justos\u201d, disse Mochi.<\/p>\n<p>A despedida final foi acompanhada pelo o governador Eduardo Riedel (PSDB). \u201cPessoa que sempre priorizou pelo di\u00e1logo, consenso, defendendo aqueles que mais precisam e fazia com que prest\u00e1ssemos aten\u00e7\u00e3o nas pol\u00edticas p\u00fablicas para atend\u00ea-los de fato. Ele vai deixar muitas saudades, primeiro pela sua defesa ao social, segundo pela sua capacidade de construir pontes, naquilo que ele defendia, pol\u00edtica p\u00fablica na pr\u00e1tica, \u00e0s pessoas que tinham esperan\u00e7a nele de dias melhores. Vai fazer muita falta, como canal de voz ativa na Assembleia. Deixa todo um protagonismo que tinha e conversamos muito no \u00faltimo dia antes dele internar, sobre projetos animados. Vai fazer falta insubstitu\u00edvel \u00e0 fam\u00edlia, eu pe\u00e7o a Deus que os conforte\u201d, rogou.<\/p>\n<p>Antigo colega de Parlamento, agora membro do Executivo, o secret\u00e1rio de Estado da Casa Civil, Eduardo Rocha (MDB) falou da sensibilidade de Amarildo. \u201cA paix\u00e3o e a garra pelas pessoas que est\u00e3o l\u00e1 na ponta, l\u00e1 estava o Amarildo. Um homem honrado e correto, muito trabalhador. Uma morte repentina que nos pega de tristeza. Mato Grosso do Sul vai lembrar daquele Amarildo combativo, mas muito respeitoso. Tinha amizade com todo mundo, lutava pela sua corrente partid\u00e1ria, mas sabia fazer a boa pol\u00edtica\u201d, considerou.<\/p>\n<figure id=\"attachment_11731893\" aria-describedby=\"caption-attachment-11731893\" style=\"width: 300px\" class=\"wp-caption alignleft\"><img loading=\"lazy\" decoding=\"async\" class=\"size-medium wp-image-11731893\" src=\"https:\/\/www.corumbaonline.com.br\/news\/wp-content\/uploads\/2023\/03\/foto118673-300x200.jpg\" alt=\"\" width=\"300\" height=\"200\" srcset=\"https:\/\/www.corumbaonline.com.br\/news\/wp-content\/uploads\/2023\/03\/foto118673-300x200.jpg 300w, https:\/\/www.corumbaonline.com.br\/news\/wp-content\/uploads\/2023\/03\/foto118673-600x400.jpg 600w, https:\/\/www.corumbaonline.com.br\/news\/wp-content\/uploads\/2023\/03\/foto118673.jpg 740w\" sizes=\"auto, (max-width: 300px) 100vw, 300px\" \/><figcaption id=\"caption-attachment-11731893\" class=\"wp-caption-text\">Combativo pelas causas sociais, Amarildo Cruz ocupou o cargo de deputado estadual por cinco vezes (Foto: Luciana Nassar\/Arquivo ALEMS)<\/figcaption><\/figure>\n<p>Em homenagem da\u00a0<a href=\"https:\/\/www.youtube.com\/watch?v=PuO4Uc8fQQY&amp;list=PLicL-pXqjmbynswqA3aDziMg5eUKL3X-f&amp;index=2\" target=\"_blank\" rel=\"noopener\">TV\u00a0<\/a><a href=\"https:\/\/www.youtube.com\/watch?v=PuO4Uc8fQQY&amp;list=PLicL-pXqjmbynswqA3aDziMg5eUKL3X-f&amp;index=2\" target=\"_blank\" rel=\"noopener\">ALEMS<\/a>, Amarildo falou sobre sua paix\u00e3o pelo of\u00edcio parlamentar. &#8220;Eu sempre me doei muito, porque eu sempre encarei com muita responsabilidade o exerc\u00edcio da representatividade.\u00a0Uma coisa \u00e9 voc\u00ea trabalhar em uma fun\u00e7\u00e3o, todas s\u00e3o dignas e extremamente importantes, mas a quest\u00e3o da representatividade eu levo isso muito a s\u00e9rio. \u00c9 muito forte quando a pessoa vai numa urna e tem 200 op\u00e7\u00f5es e diz: &#8216;vou escolher aquela&#8217;. Ao mesmo tempo em que ela est\u00e1 te elegendo, ela est\u00e1 te dando uma responsabilidade imensa de fazer o melhor.\u00a0E entregar o melhor de mim \u00e9 o m\u00ednimo que eu posso fazer\u201d.<\/p>\n<p>H\u00e1 um m\u00eas ele refor\u00e7ou quais bandeiras iria defender no\u00a0<a href=\"https:\/\/www.youtube.com\/watch?v=XcN-fYdQvI0&amp;list=PLicL-pXqjmbynswqA3aDziMg5eUKL3X-f&amp;index=15\" target=\"_blank\" rel=\"noopener\">quinto mandato<\/a>\u00a0e no Programa Vida P\u00fablica ele\u00a0<a href=\"https:\/\/www.youtube.com\/watch?v=jAY1MJ73u5g\" target=\"_blank\" rel=\"noopener\">contou sobre sua hist\u00f3ria de vida<\/a>.\u00a0<a href=\"https:\/\/www.youtube.com\/watch?v=DoE_hYQ7F1Q\" target=\"_blank\" rel=\"noopener\">Em seu \u00faltimo discurso na tribuna<\/a>, dia 14 de mar\u00e7o,\u00a0o deputado defendeu a liberdade,\u00a0a n\u00e3o banaliza\u00e7\u00e3o do mal, do \u00f3dio e das\u00a0<em>fake news.\u00a0<\/em>Na noite do mesmo dia, o parlamentar foi internado no Proncor, em Campo Grande, falecendo dia 17, ap\u00f3s tr\u00eas paradas card\u00edacas durante toda hospitaliza\u00e7\u00e3o. O mandato que amplificou a voz de negros, quilombolas, ind\u00edgenas e trabalhadores, silenciou<em>.\u00a0<\/em>Na nota oficial de luto, o Site ALEMS\u00a0<a href=\"https:\/\/al.ms.gov.br\/Noticias\/133541\/bluto-b-alems-lamenta-morte-do-deputado-amarildo-cruz\">reuniu parte do vasto trabalho<\/a>\u00a0de Amarildo por Mato Grosso do Sul.<\/p>\n","protected":false},"excerpt":{"rendered":"<p>Acompanhados por diversos apoiadores, autoridades, servidores e familiares, a Assembleia Legislativa de Mato Grosso do&#8230;<\/p>\n","protected":false},"author":12,"featured_media":11731906,"comment_status":"closed","ping_status":"closed","sticky":false,"template":"","format":"standard","meta":{"footnotes":""},"categories":[8,19],"tags":[],"class_list":["post-11731905","post","type-post","status-publish","format-standard","has-post-thumbnail","hentry","category-destaque","category-politica"],"_links":{"self":[{"href":"https:\/\/www.corumbaonline.com.br\/news\/wp-json\/wp\/v2\/posts\/11731905","targetHints":{"allow":["GET"]}}],"collection":[{"href":"https:\/\/www.corumbaonline.com.br\/news\/wp-json\/wp\/v2\/posts"}],"about":[{"href":"https:\/\/www.corumbaonline.com.br\/news\/wp-json\/wp\/v2\/types\/post"}],"author":[{"embeddable":true,"href":"https:\/\/www.corumbaonline.com.br\/news\/wp-json\/wp\/v2\/users\/12"}],"replies":[{"embeddable":true,"href":"https:\/\/www.corumbaonline.com.br\/news\/wp-json\/wp\/v2\/comments?post=11731905"}],"version-history":[{"count":1,"href":"https:\/\/www.corumbaonline.com.br\/news\/wp-json\/wp\/v2\/posts\/11731905\/revisions"}],"predecessor-version":[{"id":11731907,"href":"https:\/\/www.corumbaonline.com.br\/news\/wp-json\/wp\/v2\/posts\/11731905\/revisions\/11731907"}],"wp:featuredmedia":[{"embeddable":true,"href":"https:\/\/www.corumbaonline.com.br\/news\/wp-json\/wp\/v2\/media\/11731906"}],"wp:attachment":[{"href":"https:\/\/www.corumbaonline.com.br\/news\/wp-json\/wp\/v2\/media?parent=11731905"}],"wp:term":[{"taxonomy":"category","embeddable":true,"href":"https:\/\/www.corumbaonline.com.br\/news\/wp-json\/wp\/v2\/categories?post=11731905"},{"taxonomy":"post_tag","embeddable":true,"href":"https:\/\/www.corumbaonline.com.br\/news\/wp-json\/wp\/v2\/tags?post=11731905"}],"curies":[{"name":"wp","href":"https:\/\/api.w.org\/{rel}","templated":true}]}}