{"id":11731916,"date":"2023-03-19T10:58:33","date_gmt":"2023-03-19T14:58:33","guid":{"rendered":"http:\/\/www.corumbaonline.com.br\/news\/?p=11731916"},"modified":"2023-03-19T10:58:35","modified_gmt":"2023-03-19T14:58:35","slug":"juntos-governos-federal-e-estadual-iniciam-construcao-de-solucao-para-questao-fundiaria-indigena-em-ms","status":"publish","type":"post","link":"https:\/\/www.corumbaonline.com.br\/news\/juntos-governos-federal-e-estadual-iniciam-construcao-de-solucao-para-questao-fundiaria-indigena-em-ms\/","title":{"rendered":"Juntos, Governos federal e estadual iniciam constru\u00e7\u00e3o de solu\u00e7\u00e3o para quest\u00e3o fundi\u00e1ria ind\u00edgena em MS"},"content":{"rendered":"<p>Liderados pela ministra dos Povos Ind\u00edgenas, S\u00f4nia Guajajara, e pelo governador Eduardo Riedel, Governos federal e estadual deram in\u00edcio neste s\u00e1bado (18) a um di\u00e1logo para solucionar problemas dos povos origin\u00e1rios e avan\u00e7aram na constru\u00e7\u00e3o de uma alternativa para evitar conflitos fundi\u00e1rios. A solu\u00e7\u00e3o que est\u00e1 sendo constru\u00edda passa pela aquisi\u00e7\u00e3o de terras tituladas. O Minist\u00e9rio do Planejamento e Or\u00e7amento, comandado por Simone Tebet, j\u00e1 sinalizou a inten\u00e7\u00e3o de destinar recursos financeiros para este fim.<\/p>\n<p>S\u00f4nia Guajajara veio a Mato Grosso do Sul ver a situa\u00e7\u00e3o da popula\u00e7\u00e3o ind\u00edgena em Rio Brilhante (a 150 km de Campo Grande), palco de ocupa\u00e7\u00e3o h\u00e1 menos de um m\u00eas, e seguiu para uma reuni\u00e3o de trabalho, em Campo Grande, com o governador Eduardo Riedel e secret\u00e1rios de Estado, ministros, deputados federais e estadual, lideran\u00e7as ind\u00edgenas e o presidente da Famasul (Federa\u00e7\u00e3o da Agricultura e Pecu\u00e1ria de MS), Marcelo Bertoni.<\/p>\n<figure id=\"attachment_428910\" class=\"wp-caption alignleft\">\n<p><figure id=\"attachment_428910\" aria-describedby=\"caption-attachment-428910\" style=\"width: 300px\" class=\"wp-caption alignleft\"><a href=\"http:\/\/www.ms.gov.br\/wp-content\/uploads\/sites\/150\/2023\/03\/20230318183817__16A4821.jpg\" rel=\"attachment wp-att-428910\"><img loading=\"lazy\" decoding=\"async\" class=\"wp-image-428910 size-medium\" src=\"http:\/\/www.ms.gov.br\/wp-content\/uploads\/sites\/150\/2023\/03\/20230318183817__16A4821-300x200.jpg\" sizes=\"auto, (max-width: 300px) 100vw, 300px\" srcset=\"http:\/\/www.ms.gov.br\/wp-content\/uploads\/sites\/150\/2023\/03\/20230318183817__16A4821-300x200.jpg 300w, http:\/\/www.ms.gov.br\/wp-content\/uploads\/sites\/150\/2023\/03\/20230318183817__16A4821-768x512.jpg 768w, http:\/\/www.ms.gov.br\/wp-content\/uploads\/sites\/150\/2023\/03\/20230318183817__16A4821-1024x683.jpg 1024w, http:\/\/www.ms.gov.br\/wp-content\/uploads\/sites\/150\/2023\/03\/20230318183817__16A4821-350x232.jpg 350w\" alt=\"\" width=\"300\" height=\"200\" \/><\/a><figcaption id=\"caption-attachment-428910\" class=\"wp-caption-text\">Reuni\u00e3o foi marcada pela converg\u00eancia de ideias<\/figcaption><\/figure><\/figure>\n<p>Eduardo Riedel destacou a boa vontade da ministra e do Governo Federal na constru\u00e7\u00e3o de uma solu\u00e7\u00e3o. \u201cMato Grosso do Sul vai perseguir esse caminho que passa pela aquisi\u00e7\u00e3o de algumas \u00e1reas espec\u00edficas. \u00c9 um caminho que n\u00e3o \u00e9 de hoje, \u00e9 uma constru\u00e7\u00e3o de muitos anos e que a ministra traz aqui como uma possibilidade que tenha realmente a conclus\u00e3o dos conflitos\u201d, disse.<\/p>\n<p>S\u00f4nia Guajajara assumiu o compromisso de trabalhar em conjunto para solucionar a inseguran\u00e7a jur\u00eddica em torno da propriedade das terras. \u201cEstamos dispostos a retomar espa\u00e7o de di\u00e1logo para que a gente possa avan\u00e7ar na demarca\u00e7\u00e3o de terras ind\u00edgenas no Brasil e em Mato Grosso do Sul e, para isso, \u00e9 importante estabelecer esse di\u00e1logo com o Governo do Estado, com a inst\u00e2ncia representativa dos produtores para que a gente possa encontrar uma alternativa comum. O Governo Federal traz esse compromisso de firmar esse pacto aqui no Estado de tirar essa situa\u00e7\u00e3o de inseguran\u00e7a jur\u00eddica, essa situa\u00e7\u00e3o de vulnerabilidade em que se encontram os povos ind\u00edgenas hoje. Tivemos essa tarde de conversa muito produtiva\u201d, disse.<\/p>\n<p><strong>Conflitos<\/strong><\/p>\n<p>Riedel afirmou tamb\u00e9m que o Governo do Estado n\u00e3o vai tolerar confrontos por terras em Mato Grosso do Sul. \u201cA pol\u00edcia vai agir para n\u00e3o ter conflito. N\u00e3o vamos permitir confronto em territ\u00f3rio sul-mato-grossense. N\u00e3o podemos permitir esse tipo de situa\u00e7\u00e3o aqui no Estado\u201d.<\/p>\n<p>Representando a ministra Simone Tebet, o assessor especial do Minist\u00e9rio do Planejamento e Or\u00e7amento (MPO) Jo\u00e3o Vilaverde declarou ser um dia hist\u00f3rico de entendimento. \u201cHoje est\u00e1 sendo um dia hist\u00f3rico porque vejo uma sinergia de todos os lados. E isso s\u00f3 \u00e9 poss\u00edvel porque \u00e9 esse o Governo Federal que temos hoje e porque \u00e9 esse o Governo do Estado que temos. Se n\u00e3o fossem esses governantes (Lula e Riedel), n\u00e3o ter\u00edamos esse di\u00e1logo e n\u00e3o poder\u00edamos encontrar esse caminho\u201d, destacou.<\/p>\n<p>Participaram da reuni\u00e3o no Imasul (Instituto de Meio Ambiente de Mato Grosso do Sul) ainda os secret\u00e1rios Pedro Arlei Caravina (Governo e Gest\u00e3o Estrat\u00e9gica), Eduardo Riedel (Casa Civil), Patr\u00edcia Cozolino (Assist\u00eancia Social e Direitos Humanos), Antonio Carlos Videira (Seguran\u00e7a P\u00fablica) e Jaime Verruck (Semagro), a secret\u00e1ria-adjunta da Setescc, Viviane Luiza da Silva, os deputados federais Vander Loubet, Geraldo Resende e Camila Jara, o deputado estadual Pedro Pedrossian Neto, al\u00e9m de diversos representantes da comitiva interministerial do Governo Federal, entre outras lideran\u00e7as.<\/p>\n<div id=\"gallery-1\" class=\"gallery galleryid-428915 gallery-columns-3 gallery-size-full\">\n<figure class=\"gallery-item\">\n<div class=\"gallery-icon landscape\"><a href=\"http:\/\/www.ms.gov.br\/20230318183320__16a4808\/\"><img loading=\"lazy\" decoding=\"async\" class=\"attachment-full size-full\" src=\"http:\/\/www.ms.gov.br\/wp-content\/uploads\/sites\/150\/2023\/03\/20230318183320__16A4808.jpg\" sizes=\"auto, (max-width: 6720px) 100vw, 6720px\" srcset=\"http:\/\/www.ms.gov.br\/wp-content\/uploads\/sites\/150\/2023\/03\/20230318183320__16A4808.jpg 6720w, http:\/\/www.ms.gov.br\/wp-content\/uploads\/sites\/150\/2023\/03\/20230318183320__16A4808-300x200.jpg 300w, http:\/\/www.ms.gov.br\/wp-content\/uploads\/sites\/150\/2023\/03\/20230318183320__16A4808-768x512.jpg 768w, http:\/\/www.ms.gov.br\/wp-content\/uploads\/sites\/150\/2023\/03\/20230318183320__16A4808-1024x683.jpg 1024w, http:\/\/www.ms.gov.br\/wp-content\/uploads\/sites\/150\/2023\/03\/20230318183320__16A4808-350x232.jpg 350w\" alt=\"\" width=\"6720\" height=\"4480\" \/><\/a><\/div>\n<\/figure>\n<figure class=\"gallery-item\">\n<div class=\"gallery-icon landscape\"><a href=\"http:\/\/www.ms.gov.br\/20230318184552__16a4894\/\"><img loading=\"lazy\" decoding=\"async\" class=\"attachment-full size-full\" src=\"http:\/\/www.ms.gov.br\/wp-content\/uploads\/sites\/150\/2023\/03\/20230318184552__16A4894.jpg\" sizes=\"auto, (max-width: 6720px) 100vw, 6720px\" srcset=\"http:\/\/www.ms.gov.br\/wp-content\/uploads\/sites\/150\/2023\/03\/20230318184552__16A4894.jpg 6720w, http:\/\/www.ms.gov.br\/wp-content\/uploads\/sites\/150\/2023\/03\/20230318184552__16A4894-300x200.jpg 300w, http:\/\/www.ms.gov.br\/wp-content\/uploads\/sites\/150\/2023\/03\/20230318184552__16A4894-768x512.jpg 768w, http:\/\/www.ms.gov.br\/wp-content\/uploads\/sites\/150\/2023\/03\/20230318184552__16A4894-1024x683.jpg 1024w, http:\/\/www.ms.gov.br\/wp-content\/uploads\/sites\/150\/2023\/03\/20230318184552__16A4894-350x232.jpg 350w\" alt=\"\" width=\"6720\" height=\"4480\" \/><\/a><\/div>\n<\/figure>\n<figure class=\"gallery-item\">\n<div class=\"gallery-icon landscape\"><a href=\"http:\/\/www.ms.gov.br\/20230318184758__16a4917\/\"><img loading=\"lazy\" decoding=\"async\" class=\"attachment-full size-full\" src=\"http:\/\/www.ms.gov.br\/wp-content\/uploads\/sites\/150\/2023\/03\/20230318184758__16A4917.jpg\" sizes=\"auto, (max-width: 5715px) 100vw, 5715px\" srcset=\"http:\/\/www.ms.gov.br\/wp-content\/uploads\/sites\/150\/2023\/03\/20230318184758__16A4917.jpg 5715w, http:\/\/www.ms.gov.br\/wp-content\/uploads\/sites\/150\/2023\/03\/20230318184758__16A4917-300x196.jpg 300w, http:\/\/www.ms.gov.br\/wp-content\/uploads\/sites\/150\/2023\/03\/20230318184758__16A4917-768x502.jpg 768w, http:\/\/www.ms.gov.br\/wp-content\/uploads\/sites\/150\/2023\/03\/20230318184758__16A4917-1024x670.jpg 1024w, http:\/\/www.ms.gov.br\/wp-content\/uploads\/sites\/150\/2023\/03\/20230318184758__16A4917-350x229.jpg 350w\" alt=\"\" width=\"5715\" height=\"3737\" \/><\/a><\/div>\n<\/figure>\n<\/div>\n","protected":false},"excerpt":{"rendered":"<p>Liderados pela ministra dos Povos Ind\u00edgenas, S\u00f4nia Guajajara, e pelo governador Eduardo Riedel, Governos federal&#8230;<\/p>\n","protected":false},"author":13,"featured_media":11731917,"comment_status":"closed","ping_status":"closed","sticky":false,"template":"","format":"standard","meta":{"footnotes":""},"categories":[8,19],"tags":[],"class_list":["post-11731916","post","type-post","status-publish","format-standard","has-post-thumbnail","hentry","category-destaque","category-politica"],"_links":{"self":[{"href":"https:\/\/www.corumbaonline.com.br\/news\/wp-json\/wp\/v2\/posts\/11731916","targetHints":{"allow":["GET"]}}],"collection":[{"href":"https:\/\/www.corumbaonline.com.br\/news\/wp-json\/wp\/v2\/posts"}],"about":[{"href":"https:\/\/www.corumbaonline.com.br\/news\/wp-json\/wp\/v2\/types\/post"}],"author":[{"embeddable":true,"href":"https:\/\/www.corumbaonline.com.br\/news\/wp-json\/wp\/v2\/users\/13"}],"replies":[{"embeddable":true,"href":"https:\/\/www.corumbaonline.com.br\/news\/wp-json\/wp\/v2\/comments?post=11731916"}],"version-history":[{"count":1,"href":"https:\/\/www.corumbaonline.com.br\/news\/wp-json\/wp\/v2\/posts\/11731916\/revisions"}],"predecessor-version":[{"id":11731918,"href":"https:\/\/www.corumbaonline.com.br\/news\/wp-json\/wp\/v2\/posts\/11731916\/revisions\/11731918"}],"wp:featuredmedia":[{"embeddable":true,"href":"https:\/\/www.corumbaonline.com.br\/news\/wp-json\/wp\/v2\/media\/11731917"}],"wp:attachment":[{"href":"https:\/\/www.corumbaonline.com.br\/news\/wp-json\/wp\/v2\/media?parent=11731916"}],"wp:term":[{"taxonomy":"category","embeddable":true,"href":"https:\/\/www.corumbaonline.com.br\/news\/wp-json\/wp\/v2\/categories?post=11731916"},{"taxonomy":"post_tag","embeddable":true,"href":"https:\/\/www.corumbaonline.com.br\/news\/wp-json\/wp\/v2\/tags?post=11731916"}],"curies":[{"name":"wp","href":"https:\/\/api.w.org\/{rel}","templated":true}]}}