{"id":11732344,"date":"2023-04-05T10:18:00","date_gmt":"2023-04-05T14:18:00","guid":{"rendered":"http:\/\/www.corumbaonline.com.br\/news\/?p=11732344"},"modified":"2023-04-05T11:36:39","modified_gmt":"2023-04-05T15:36:39","slug":"apos-periodo-chuvoso-drenagem-avanca-na-america-e-vai-beneficiar-todo-centro","status":"publish","type":"post","link":"https:\/\/www.corumbaonline.com.br\/news\/apos-periodo-chuvoso-drenagem-avanca-na-america-e-vai-beneficiar-todo-centro\/","title":{"rendered":"Ap\u00f3s per\u00edodo chuvoso, drenagem avan\u00e7a na Am\u00e9rica e vai beneficiar todo Centro"},"content":{"rendered":"<p>xecutada com recursos pr\u00f3prios da Prefeitura, a obra de macrodrenagem no Centro da cidade avan\u00e7aram nesta semana. Sem chuvas por pouco mais de uma semana, foi poss\u00edvel fazer a pavimenta\u00e7\u00e3o de metade da rua Am\u00e9rica, onde os blocos de concreto de 4 metros quadrados de \u00e1rea j\u00e1 foram colocados.<\/p>\n<p>Mesmo curta, a estiagem permitiu ainda que as manilhas fossem instaladas no prosseguimento da via, chegando at\u00e9 a rua Firmo de Mattos. Por causa das obras, o acesso na Firmo de Mattos, no trecho entre a Cuiab\u00e1 e a Colombo, e na Am\u00e9rica, entre a Luiz Feitosa e a Major Gama, est\u00e3o restritos.<\/p>\n<p>\u201cSomente na regi\u00e3o do Centro, estamos aplicando recursos pr\u00f3prios do Munic\u00edpio, na ordem de R$ 3,8 milh\u00f5es para solucionar de vez os problemas de alagamento na regi\u00e3o, principalmente na rua Cabral e na Porto Carreiro\u201d, afirmou o prefeito de Corumb\u00e1, Marcelo Iunes.<\/p>\n<p>No Centro, as obras tiveram in\u00edcio na rua Luiz Feitosa e seguiram pela rua Am\u00e9rica. Conforme o cronograma de execu\u00e7\u00e3o da Secretaria de Infraestrutura e Servi\u00e7os P\u00fablicos, a implanta\u00e7\u00e3o da macrodrenagem vai seguir pela rua Firmo de Matos, chegando at\u00e9 a rua Cabral.<\/p>\n<p>Com a amplia\u00e7\u00e3o dessa rede de macrodrenagem, al\u00e9m de outros dispositivos para melhorar o escoamento da \u00e1gua das chuvas \u2013 de altas precipita\u00e7\u00f5es -, a Prefeitura acredita que os problemas de alagamento nas ruas Frei Mariano, Firmo de Matos, Joaquim Murtinho, Sete de Setembro e Quinze de Novembro ser\u00e3o finalmente solucionados.<\/p>\n","protected":false},"excerpt":{"rendered":"<p>xecutada com recursos pr\u00f3prios da Prefeitura, a obra de macrodrenagem no Centro da cidade avan\u00e7aram&#8230;<\/p>\n","protected":false},"author":70,"featured_media":11732345,"comment_status":"closed","ping_status":"closed","sticky":false,"template":"","format":"standard","meta":{"footnotes":""},"categories":[8,14],"tags":[],"class_list":["post-11732344","post","type-post","status-publish","format-standard","has-post-thumbnail","hentry","category-destaque","category-geral"],"_links":{"self":[{"href":"https:\/\/www.corumbaonline.com.br\/news\/wp-json\/wp\/v2\/posts\/11732344","targetHints":{"allow":["GET"]}}],"collection":[{"href":"https:\/\/www.corumbaonline.com.br\/news\/wp-json\/wp\/v2\/posts"}],"about":[{"href":"https:\/\/www.corumbaonline.com.br\/news\/wp-json\/wp\/v2\/types\/post"}],"author":[{"embeddable":true,"href":"https:\/\/www.corumbaonline.com.br\/news\/wp-json\/wp\/v2\/users\/70"}],"replies":[{"embeddable":true,"href":"https:\/\/www.corumbaonline.com.br\/news\/wp-json\/wp\/v2\/comments?post=11732344"}],"version-history":[{"count":1,"href":"https:\/\/www.corumbaonline.com.br\/news\/wp-json\/wp\/v2\/posts\/11732344\/revisions"}],"predecessor-version":[{"id":11732346,"href":"https:\/\/www.corumbaonline.com.br\/news\/wp-json\/wp\/v2\/posts\/11732344\/revisions\/11732346"}],"wp:featuredmedia":[{"embeddable":true,"href":"https:\/\/www.corumbaonline.com.br\/news\/wp-json\/wp\/v2\/media\/11732345"}],"wp:attachment":[{"href":"https:\/\/www.corumbaonline.com.br\/news\/wp-json\/wp\/v2\/media?parent=11732344"}],"wp:term":[{"taxonomy":"category","embeddable":true,"href":"https:\/\/www.corumbaonline.com.br\/news\/wp-json\/wp\/v2\/categories?post=11732344"},{"taxonomy":"post_tag","embeddable":true,"href":"https:\/\/www.corumbaonline.com.br\/news\/wp-json\/wp\/v2\/tags?post=11732344"}],"curies":[{"name":"wp","href":"https:\/\/api.w.org\/{rel}","templated":true}]}}