{"id":11732365,"date":"2023-04-06T08:25:00","date_gmt":"2023-04-06T12:25:00","guid":{"rendered":"http:\/\/www.corumbaonline.com.br\/news\/?p=11732365"},"modified":"2023-04-06T10:31:54","modified_gmt":"2023-04-06T14:31:54","slug":"expectativa-de-grande-movimento-e-alta-ocupacao-nos-principais-pontos-turisticos-do-estado-neste-feriado","status":"publish","type":"post","link":"https:\/\/www.corumbaonline.com.br\/news\/expectativa-de-grande-movimento-e-alta-ocupacao-nos-principais-pontos-turisticos-do-estado-neste-feriado\/","title":{"rendered":"Expectativa de grande movimento e alta ocupa\u00e7\u00e3o nos principais pontos tur\u00edsticos do Estado neste feriado"},"content":{"rendered":"<p>Celeiro de grandes belezas naturais, Mato Grosso do Sul est\u00e1 preparado para receber muitos turistas neste feriado da Semana Santa. A expectativa \u00e9 de grande movimenta\u00e7\u00e3o e alta ocupa\u00e7\u00e3o dos hot\u00e9is nas principais cidades tur\u00edsticas do Estado. A data coincide com a temporada de pesca que est\u00e1 em pleno movimento e com o retorno de balne\u00e1rios e atra\u00e7\u00f5es que estavam fechadas devido o tempo.<\/p>\n<p>Em Bonito, principal ponto tur\u00edstico do Estado, a previs\u00e3o \u00e9 que haja ocupa\u00e7\u00e3o de 90% da rede hoteleira da cidade e grande fluxo nos balne\u00e1rios e passeios dispon\u00edveis. Todos estar\u00e3o abertos, em pleno funcionamento. Refer\u00eancia no ecoturismo, a cidade recebe visitante do Estado, do Brasil e at\u00e9 de outros pa\u00edses.<\/p>\n<p>\u201cExpectativa muito boa, porque todos os balne\u00e1rios est\u00e3o funcionando, a previs\u00e3o \u00e9 de tempo bom e a cidade est\u00e1 preparada para receber os turistas neste feriado, assim como o bom movimento que teve nos feriados anteriores. Depois faremos um balan\u00e7o sobre o n\u00famero de turistas que tivemos neste per\u00edodo\u201d, afirmou Elias de Oliveira Francisco, diretor da Secretaria Municipal de Turismo de Bonito.<\/p>\n<figure id=\"attachment_430200\" class=\"wp-caption alignnone\">\n<p><figure id=\"attachment_430200\" aria-describedby=\"caption-attachment-430200\" style=\"width: 1024px\" class=\"wp-caption alignnone\"><a href=\"http:\/\/agenciadenoticias.ms.gov.br\/wp-content\/uploads\/sites\/152\/2023\/03\/foto-bonito-e1680037725574.jpg\"><img loading=\"lazy\" decoding=\"async\" class=\"wp-image-430200 size-large\" src=\"http:\/\/agenciadenoticias.ms.gov.br\/wp-content\/uploads\/sites\/152\/2023\/03\/foto-bonito-e1680037725574-1024x567.jpg\" sizes=\"auto, (max-width: 1024px) 100vw, 1024px\" srcset=\"http:\/\/agenciadenoticias.ms.gov.br\/wp-content\/uploads\/sites\/152\/2023\/03\/foto-bonito-e1680037725574-1024x567.jpg 1024w, http:\/\/agenciadenoticias.ms.gov.br\/wp-content\/uploads\/sites\/152\/2023\/03\/foto-bonito-e1680037725574-300x166.jpg 300w, http:\/\/agenciadenoticias.ms.gov.br\/wp-content\/uploads\/sites\/152\/2023\/03\/foto-bonito-e1680037725574-768x425.jpg 768w, http:\/\/agenciadenoticias.ms.gov.br\/wp-content\/uploads\/sites\/152\/2023\/03\/foto-bonito-e1680037725574-350x194.jpg 350w, http:\/\/agenciadenoticias.ms.gov.br\/wp-content\/uploads\/sites\/152\/2023\/03\/foto-bonito-e1680037725574.jpg 1084w\" alt=\"\" width=\"1024\" height=\"567\" \/><\/a><figcaption id=\"caption-attachment-430200\" class=\"wp-caption-text\">Passeios e atrativos de Bonito estar\u00e3o em pleno funcionamento<\/figcaption><\/figure><\/figure>\n<p>Gabriel Calderon, gerente do Hotel Sesc Bonito, que \u00e9 presidente do Contur (Conselho Municipal de Turismo), destacou que todo setor est\u00e1 muito confiante no resultado deste feriado. \u201cBonito \u00e9 uma cidade de lazer, que recebe muitas fam\u00edlias. Todos atrativos est\u00e3o operando e o n\u00edvel dos rios est\u00e3o \u00f3timos, as chuvas deixaram eles cheios e cristalinos. A previs\u00e3o ainda \u00e9 de tempo bom, que n\u00e3o vai comprometer\u201d.<\/p>\n<figure id=\"attachment_420604\" class=\"wp-caption alignright\">\n<p><figure id=\"attachment_420604\" aria-describedby=\"caption-attachment-420604\" style=\"width: 300px\" class=\"wp-caption alignright\"><a href=\"http:\/\/agenciadenoticias.ms.gov.br\/wp-content\/uploads\/sites\/152\/2023\/01\/Bonito-pontos-turisticos.jpg\"><img loading=\"lazy\" decoding=\"async\" class=\"wp-image-420604 size-medium\" src=\"http:\/\/agenciadenoticias.ms.gov.br\/wp-content\/uploads\/sites\/152\/2023\/01\/Bonito-pontos-turisticos-300x166.jpg\" sizes=\"auto, (max-width: 300px) 100vw, 300px\" srcset=\"http:\/\/agenciadenoticias.ms.gov.br\/wp-content\/uploads\/sites\/152\/2023\/01\/Bonito-pontos-turisticos-300x166.jpg 300w, http:\/\/agenciadenoticias.ms.gov.br\/wp-content\/uploads\/sites\/152\/2023\/01\/Bonito-pontos-turisticos.jpg 768w, http:\/\/agenciadenoticias.ms.gov.br\/wp-content\/uploads\/sites\/152\/2023\/01\/Bonito-pontos-turisticos-350x194.jpg 350w\" alt=\"\" width=\"300\" height=\"166\" \/><\/a><figcaption id=\"caption-attachment-420604\" class=\"wp-caption-text\">Balne\u00e1rios v\u00e3o receber grande fluxo de turistas (Foto: VisitMS)<\/figcaption><\/figure><\/figure>\n<p>Com alta lota\u00e7\u00e3o na cidade, Calderon recomendou que o turismo j\u00e1 venha com seu roteiro e programa\u00e7\u00e3o definida, n\u00e3o deixando para \u00faltima hora a marca\u00e7\u00e3o de hospedagem e at\u00e9 entrada nos balne\u00e1rios. \u201cTanto os hot\u00e9is, como os atrativos tem sua capacidade limitada, precisa se programar antes\u201d.<\/p>\n<p>Gerente do Hotel \u00c1guas de Bonito, Geov\u00e2nia Oliveira, contou que a unidade j\u00e1 est\u00e1 com 100% de lota\u00e7\u00e3o. \u201cFaz 15 dias que todas as vagas ficaram reservadas, s\u00f3 tenho vagas agora para o feriado de maio. Um grupo de estrangeiros inclusive est\u00e1 saindo no s\u00e1bado e outro chegando no domingo. Espero que todos possam descansar e aproveitar a estadia\u201d.<\/p>\n<p><strong>Pantanal<\/strong><\/p>\n<p>Rota do Pantanal de Mato Grosso do Sul, Corumb\u00e1 vai receber uma grande quantidade de turistas neste feriado, muitos atr\u00e1s da pr\u00e1tica de pesca, que retornou em mar\u00e7o ap\u00f3s o per\u00edodo de Piracema. A cidade recebe muita gente neste feriado, ajudando a impulsionar a economia e o turismo local.<\/p>\n<p>Segundo levantamento feito pelo Observat\u00f3rio de Turismo da Funda\u00e7\u00e3o de Turismo do Pantanal a expectativa \u00e9 que a rede hoteleira da cidade chegue a 70% de ocupa\u00e7\u00e3o nos meios urbanos. Neste feriado tamb\u00e9m se espera a chegada de muitos visitantes que se deslocam para Corumb\u00e1 e ficam na casa de amigos e parentes. De acordo com o instituto este fluxo fica not\u00e1vel pelo aumento do movimento nos restaurantes.<\/p>\n<figure id=\"attachment_406028\" class=\"wp-caption alignnone\">\n<p><figure id=\"attachment_406028\" aria-describedby=\"caption-attachment-406028\" style=\"width: 1024px\" class=\"wp-caption alignnone\"><a href=\"http:\/\/agenciadenoticias.ms.gov.br\/wp-content\/uploads\/sites\/152\/2022\/05\/Corumb%C3%A1-Fto-Bruno-Rezende-05.jpg\"><img loading=\"lazy\" decoding=\"async\" class=\"wp-image-406028 size-large\" src=\"http:\/\/agenciadenoticias.ms.gov.br\/wp-content\/uploads\/sites\/152\/2022\/05\/Corumb%C3%A1-Fto-Bruno-Rezende-05-1024x567.jpg\" alt=\"\" width=\"1024\" height=\"567\" \/><\/a><figcaption id=\"caption-attachment-406028\" class=\"wp-caption-text\">Embarca\u00e7\u00f5es em Corumb\u00e1 com lota\u00e7\u00e3o alta para pesca (Foto: Bruno Rezende)<\/figcaption><\/figure><\/figure>\n<p>Ademilson Esquivel, empres\u00e1rio do Turismo de Pesca em Corumb\u00e1, ressaltou que todos os seus barcos j\u00e1 est\u00e3o reservados para turistas neste feriado. Ele ponderou que os agendamentos tinham sido feitos at\u00e9 um ano antes. \u201cAqui se faz a programa\u00e7\u00e3o para este feriado com muita anteced\u00eancia. A temporada de pesca tem esta din\u00e2mica. N\u00e3o apenas no meu caso, mas de todo setor\u201d.<\/p>\n<figure id=\"attachment_396415\" class=\"wp-caption alignright\">\n<p><figure id=\"attachment_396415\" aria-describedby=\"caption-attachment-396415\" style=\"width: 300px\" class=\"wp-caption alignright\"><a href=\"http:\/\/agenciadenoticias.ms.gov.br\/wp-content\/uploads\/sites\/152\/2022\/03\/Bruno-Wendling-foto-Chico-Ribeiro.jpg\"><img loading=\"lazy\" decoding=\"async\" class=\"wp-image-396415 size-medium\" src=\"http:\/\/agenciadenoticias.ms.gov.br\/wp-content\/uploads\/sites\/152\/2022\/03\/Bruno-Wendling-foto-Chico-Ribeiro-300x166.jpg\" sizes=\"auto, (max-width: 300px) 100vw, 300px\" srcset=\"http:\/\/agenciadenoticias.ms.gov.br\/wp-content\/uploads\/sites\/152\/2022\/03\/Bruno-Wendling-foto-Chico-Ribeiro-300x166.jpg 300w, http:\/\/agenciadenoticias.ms.gov.br\/wp-content\/uploads\/sites\/152\/2022\/03\/Bruno-Wendling-foto-Chico-Ribeiro.jpg 768w, http:\/\/agenciadenoticias.ms.gov.br\/wp-content\/uploads\/sites\/152\/2022\/03\/Bruno-Wendling-foto-Chico-Ribeiro-350x194.jpg 350w\" alt=\"\" width=\"300\" height=\"166\" \/><\/a><figcaption id=\"caption-attachment-396415\" class=\"wp-caption-text\">Diretor-presidente da Fundtur, Bruno Wendling (Foto: Chico Ribeiro)<\/figcaption><\/figure><\/figure>\n<p>O diretor-presidente da Fundtur (Funda\u00e7\u00e3o de Turismo do Mato Grosso do Sul), Bruno Wendling, destacou que a expectativa positiva do turismo no Estado, reflete a retomada do setor ap\u00f3s a pandemia. \u201cTeremos neste feriado alta taxa de ocupa\u00e7\u00e3o principalmente na regi\u00e3o de Bonito e Serra da Bodoquena. Na regi\u00e3o do Pantanal tamb\u00e9m vai seguir este caminho, porque a pesca esportiva est\u00e1 muito alta, independente at\u00e9 do feriado\u201d.<\/p>\n<p>Ele ponderou que outras cidades tamb\u00e9m v\u00e3o receber muitos turistas. \u201cOutros munic\u00edpios tamb\u00e9m s\u00e3o procurados, como Rio Verde, Costa Rica e Ponta Por\u00e3. Vamos acompanhar (movimento) e esperamos que todos tenham um \u00f3timo feriado, o clima est\u00e1 bem legal, com poucas chuvas, e as atividades em pleno funcionamento\u201d.<\/p>\n","protected":false},"excerpt":{"rendered":"<p>Celeiro de grandes belezas naturais, Mato Grosso do Sul est\u00e1 preparado para receber muitos turistas&#8230;<\/p>\n","protected":false},"author":13,"featured_media":11732366,"comment_status":"closed","ping_status":"closed","sticky":false,"template":"","format":"standard","meta":{"footnotes":""},"categories":[8,23],"tags":[],"class_list":["post-11732365","post","type-post","status-publish","format-standard","has-post-thumbnail","hentry","category-destaque","category-turismo"],"_links":{"self":[{"href":"https:\/\/www.corumbaonline.com.br\/news\/wp-json\/wp\/v2\/posts\/11732365","targetHints":{"allow":["GET"]}}],"collection":[{"href":"https:\/\/www.corumbaonline.com.br\/news\/wp-json\/wp\/v2\/posts"}],"about":[{"href":"https:\/\/www.corumbaonline.com.br\/news\/wp-json\/wp\/v2\/types\/post"}],"author":[{"embeddable":true,"href":"https:\/\/www.corumbaonline.com.br\/news\/wp-json\/wp\/v2\/users\/13"}],"replies":[{"embeddable":true,"href":"https:\/\/www.corumbaonline.com.br\/news\/wp-json\/wp\/v2\/comments?post=11732365"}],"version-history":[{"count":1,"href":"https:\/\/www.corumbaonline.com.br\/news\/wp-json\/wp\/v2\/posts\/11732365\/revisions"}],"predecessor-version":[{"id":11732367,"href":"https:\/\/www.corumbaonline.com.br\/news\/wp-json\/wp\/v2\/posts\/11732365\/revisions\/11732367"}],"wp:featuredmedia":[{"embeddable":true,"href":"https:\/\/www.corumbaonline.com.br\/news\/wp-json\/wp\/v2\/media\/11732366"}],"wp:attachment":[{"href":"https:\/\/www.corumbaonline.com.br\/news\/wp-json\/wp\/v2\/media?parent=11732365"}],"wp:term":[{"taxonomy":"category","embeddable":true,"href":"https:\/\/www.corumbaonline.com.br\/news\/wp-json\/wp\/v2\/categories?post=11732365"},{"taxonomy":"post_tag","embeddable":true,"href":"https:\/\/www.corumbaonline.com.br\/news\/wp-json\/wp\/v2\/tags?post=11732365"}],"curies":[{"name":"wp","href":"https:\/\/api.w.org\/{rel}","templated":true}]}}