{"id":11732374,"date":"2023-04-06T09:11:00","date_gmt":"2023-04-06T13:11:00","guid":{"rendered":"http:\/\/www.corumbaonline.com.br\/news\/?p=11732374"},"modified":"2023-04-06T10:44:38","modified_gmt":"2023-04-06T14:44:38","slug":"publicada-portaria-que-proibe-vacinacao-contra-febre-aftosa-em-ms","status":"publish","type":"post","link":"https:\/\/www.corumbaonline.com.br\/news\/publicada-portaria-que-proibe-vacinacao-contra-febre-aftosa-em-ms\/","title":{"rendered":"Publicada portaria que pro\u00edbe vacina\u00e7\u00e3o contra febre aftosa em MS"},"content":{"rendered":"<p>A Ag\u00eancia Estadual de Defesa Sanit\u00e1ria Animal e Vegetal (Iagro) publicou nesta quarta-feira (05) a\u00a0<a href=\"https:\/\/www.spdo.ms.gov.br\/diariodoe\/Index\/PaginaDocumento\/47805\/?Pagina=39\">PORTARIA\/IAGRO\/MS N\u00ba. 3.700 DE 03 DE ABRIL DE 2023<\/a><strong>,<\/strong>\u00a0que pro\u00edbe o uso de vacinas contra a febre aftosa no Estado. A medida segue as diretrizes do Programa Nacional de Vigil\u00e2ncia para a Febre Aftosa (PNEFA), do Minist\u00e9rio da Agricultura e Pecu\u00e1ria (MAPA), que visa tornar o Brasil livre da doen\u00e7a sem vacina\u00e7\u00e3o.<\/p>\n<p>De acordo com a portaria, a vacina contra febre aftosa poder\u00e1 ser utilizada somente mediante autoriza\u00e7\u00e3o do Departamento de Sa\u00fade Animal<strong>,<\/strong>\u00a0da Secretaria de Defesa Agropecu\u00e1ria do MAPA, em casos excepcionais. Os estabelecimentos comerciais que ainda possuem estoque de vacina contra febre aftosa poder\u00e3o comercializ\u00e1-las at\u00e9 30 de junho de 2023 para outras Unidades da Federa\u00e7\u00e3o<strong>,<\/strong>\u00a0onde houver a vacina\u00e7\u00e3o regular contra a febre aftosa de bovinos e bubalinos.<\/p>\n<p>Os estabelecimentos comerciais j\u00e1 podem solicitar a Iagro o recolhimento da vacina para destrui\u00e7\u00e3o e ap\u00f3s 1\u00ba de agosto de 2023, fica proibido o armazenamento da vacina no Estado. Os estabelecimentos que n\u00e3o seguirem os prazos estabelecidos pela portaria estar\u00e3o sujeitos \u00e0s san\u00e7\u00f5es previstas na legisla\u00e7\u00e3o vigente.<\/p>\n<p>A proibi\u00e7\u00e3o da vacina\u00e7\u00e3o contra febre aftosa no Estado faz parte do processo de reconhecimento internacional do Brasil como pa\u00eds livre da doen\u00e7a sem vacina\u00e7\u00e3o<strong>,<\/strong>\u00a0pela Organiza\u00e7\u00e3o Mundial de Sa\u00fade Animal (OIE). Segundo o diretor-presidente da Iagro, Daniel Ingold, essa condi\u00e7\u00e3o ir\u00e1 ampliar as oportunidades de mercado para os produtos pecu\u00e1rios brasileiros, especialmente para pa\u00edses que exigem maior rigor sanit\u00e1rio.<\/p>\n<p>Ingold ressalta que a proibi\u00e7\u00e3o da vacina\u00e7\u00e3o n\u00e3o significa o relaxamento das medidas de vigil\u00e2ncia e preven\u00e7\u00e3o contra a febre aftosa. Para garantir a sa\u00fade dos animais e evitar a propaga\u00e7\u00e3o de doen\u00e7as, os produtores devem manter as informa\u00e7\u00f5es do rebanho sempre atualizadas e informar imediatamente qualquer suspeita de doen\u00e7a a Iagro.<\/p>\n<p>A Portaria\/IAGRO\/MS n\u00ba. 3.700 entra em vigor a partir de 03 de abril de 2023.<\/p>\n","protected":false},"excerpt":{"rendered":"<p>A Ag\u00eancia Estadual de Defesa Sanit\u00e1ria Animal e Vegetal (Iagro) publicou nesta quarta-feira (05) a\u00a0PORTARIA\/IAGRO\/MS&#8230;<\/p>\n","protected":false},"author":13,"featured_media":11732375,"comment_status":"closed","ping_status":"closed","sticky":false,"template":"","format":"standard","meta":{"footnotes":""},"categories":[2],"tags":[],"class_list":["post-11732374","post","type-post","status-publish","format-standard","has-post-thumbnail","hentry","category-agropecuaria"],"_links":{"self":[{"href":"https:\/\/www.corumbaonline.com.br\/news\/wp-json\/wp\/v2\/posts\/11732374","targetHints":{"allow":["GET"]}}],"collection":[{"href":"https:\/\/www.corumbaonline.com.br\/news\/wp-json\/wp\/v2\/posts"}],"about":[{"href":"https:\/\/www.corumbaonline.com.br\/news\/wp-json\/wp\/v2\/types\/post"}],"author":[{"embeddable":true,"href":"https:\/\/www.corumbaonline.com.br\/news\/wp-json\/wp\/v2\/users\/13"}],"replies":[{"embeddable":true,"href":"https:\/\/www.corumbaonline.com.br\/news\/wp-json\/wp\/v2\/comments?post=11732374"}],"version-history":[{"count":1,"href":"https:\/\/www.corumbaonline.com.br\/news\/wp-json\/wp\/v2\/posts\/11732374\/revisions"}],"predecessor-version":[{"id":11732376,"href":"https:\/\/www.corumbaonline.com.br\/news\/wp-json\/wp\/v2\/posts\/11732374\/revisions\/11732376"}],"wp:featuredmedia":[{"embeddable":true,"href":"https:\/\/www.corumbaonline.com.br\/news\/wp-json\/wp\/v2\/media\/11732375"}],"wp:attachment":[{"href":"https:\/\/www.corumbaonline.com.br\/news\/wp-json\/wp\/v2\/media?parent=11732374"}],"wp:term":[{"taxonomy":"category","embeddable":true,"href":"https:\/\/www.corumbaonline.com.br\/news\/wp-json\/wp\/v2\/categories?post=11732374"},{"taxonomy":"post_tag","embeddable":true,"href":"https:\/\/www.corumbaonline.com.br\/news\/wp-json\/wp\/v2\/tags?post=11732374"}],"curies":[{"name":"wp","href":"https:\/\/api.w.org\/{rel}","templated":true}]}}