{"id":11732389,"date":"2023-04-06T09:40:00","date_gmt":"2023-04-06T13:40:00","guid":{"rendered":"http:\/\/www.corumbaonline.com.br\/news\/?p=11732389"},"modified":"2023-04-06T17:52:01","modified_gmt":"2023-04-06T21:52:01","slug":"prf-inicia-hoje-a-operacao-semana-santa","status":"publish","type":"post","link":"https:\/\/www.corumbaonline.com.br\/news\/prf-inicia-hoje-a-operacao-semana-santa\/","title":{"rendered":"PRF inicia hoje a Opera\u00e7\u00e3o Semana Santa"},"content":{"rendered":"<p>A Pol\u00edcia Rodovi\u00e1ria Federal (PRF) iniciou, nesta quinta-feira (6), a Opera\u00e7\u00e3o Semana Santa, voltada para garantir a seguran\u00e7a nas rodovias federais durante o feriado da P\u00e1scoa. A opera\u00e7\u00e3o vai at\u00e9 domingo (9) com a intensifica\u00e7\u00e3o das fiscaliza\u00e7\u00f5es nas rodovias para coibir infra\u00e7\u00f5es, crimes, al\u00e9m de a\u00e7\u00f5es educativas.<\/p>\n<p>Durante esse per\u00edodo o efetivo policial ser\u00e1 refor\u00e7ado para garantir a seguran\u00e7a vi\u00e1ria nos 26 estados e no Distrito Federal. O foco da fiscaliza\u00e7\u00e3o recair\u00e1 sobre o excesso de velocidade, respons\u00e1vel por 21.980 infra\u00e7\u00f5es no feriado de 2022.<\/p>\n<p>De acordo com a PRF, os policiais atuar\u00e3o com radares m\u00f3veis e tamb\u00e9m far\u00e3o campanhas educativas para conscientizar os motoristas e diminuir mortos e feridos nas estradas em rela\u00e7\u00e3o ao ano passado. A falta do cinto de seguran\u00e7a e a mistura \u00e1lcool e dire\u00e7\u00e3o tamb\u00e9m s\u00e3o alvos da opera\u00e7\u00e3o.<\/p>\n<p>As a\u00e7\u00f5es de fiscaliza\u00e7\u00e3o desenvolvidas pela PRF na Opera\u00e7\u00e3o Semana Santa est\u00e3o direcionadas ao combate ao excesso de velocidade. Motoristas insistem em desrespeitar os limites de velocidade e oferecem riscos a eles e aos outros usu\u00e1rios das rodovias. Por isso, o trabalho feito com radares m\u00f3veis e a\u00e7\u00f5es educativas evitam acidentes e preservam vidas\u201d, disse o diretor de Opera\u00e7\u00f5es da Pol\u00edcia Rodovi\u00e1ria Federal, Marcus Vin\u00edcius Silva.<\/p>\n","protected":false},"excerpt":{"rendered":"<p>A Pol\u00edcia Rodovi\u00e1ria Federal (PRF) iniciou, nesta quinta-feira (6), a Opera\u00e7\u00e3o Semana Santa, voltada para&#8230;<\/p>\n","protected":false},"author":4,"featured_media":11732390,"comment_status":"closed","ping_status":"closed","sticky":false,"template":"","format":"standard","meta":{"footnotes":""},"categories":[18],"tags":[],"class_list":["post-11732389","post","type-post","status-publish","format-standard","has-post-thumbnail","hentry","category-seguranca"],"_links":{"self":[{"href":"https:\/\/www.corumbaonline.com.br\/news\/wp-json\/wp\/v2\/posts\/11732389","targetHints":{"allow":["GET"]}}],"collection":[{"href":"https:\/\/www.corumbaonline.com.br\/news\/wp-json\/wp\/v2\/posts"}],"about":[{"href":"https:\/\/www.corumbaonline.com.br\/news\/wp-json\/wp\/v2\/types\/post"}],"author":[{"embeddable":true,"href":"https:\/\/www.corumbaonline.com.br\/news\/wp-json\/wp\/v2\/users\/4"}],"replies":[{"embeddable":true,"href":"https:\/\/www.corumbaonline.com.br\/news\/wp-json\/wp\/v2\/comments?post=11732389"}],"version-history":[{"count":1,"href":"https:\/\/www.corumbaonline.com.br\/news\/wp-json\/wp\/v2\/posts\/11732389\/revisions"}],"predecessor-version":[{"id":11732391,"href":"https:\/\/www.corumbaonline.com.br\/news\/wp-json\/wp\/v2\/posts\/11732389\/revisions\/11732391"}],"wp:featuredmedia":[{"embeddable":true,"href":"https:\/\/www.corumbaonline.com.br\/news\/wp-json\/wp\/v2\/media\/11732390"}],"wp:attachment":[{"href":"https:\/\/www.corumbaonline.com.br\/news\/wp-json\/wp\/v2\/media?parent=11732389"}],"wp:term":[{"taxonomy":"category","embeddable":true,"href":"https:\/\/www.corumbaonline.com.br\/news\/wp-json\/wp\/v2\/categories?post=11732389"},{"taxonomy":"post_tag","embeddable":true,"href":"https:\/\/www.corumbaonline.com.br\/news\/wp-json\/wp\/v2\/tags?post=11732389"}],"curies":[{"name":"wp","href":"https:\/\/api.w.org\/{rel}","templated":true}]}}