{"id":11732440,"date":"2023-04-10T09:11:00","date_gmt":"2023-04-10T13:11:00","guid":{"rendered":"http:\/\/www.corumbaonline.com.br\/news\/?p=11732440"},"modified":"2023-04-10T09:52:19","modified_gmt":"2023-04-10T13:52:19","slug":"farmacias-conveniadas-divulgam-relacao-de-medicamentos-distribuidos-gratuitamente-a-populacao","status":"publish","type":"post","link":"https:\/\/www.corumbaonline.com.br\/news\/farmacias-conveniadas-divulgam-relacao-de-medicamentos-distribuidos-gratuitamente-a-populacao\/","title":{"rendered":"Farm\u00e1cias conveniadas divulgam rela\u00e7\u00e3o de medicamentos distribu\u00eddos gratuitamente \u00e0 popula\u00e7\u00e3o"},"content":{"rendered":"<p>Em atendimento a solicita\u00e7\u00f5es da Comiss\u00e3o de Sa\u00fade e Assist\u00eancia Social da C\u00e2mara Municipal de Corumb\u00e1, as farm\u00e1cias de Corumb\u00e1 est\u00e3o encaminhando ao Poder Legislativo, a rela\u00e7\u00e3o dos medicamentos distribu\u00eddos gratuitamente \u00e0 popula\u00e7\u00e3o, para melhor atender os usu\u00e1rios do sistema de sa\u00fade p\u00fablica, que est\u00e3o encontrando dificuldades em encontrar rem\u00e9dios na Farm\u00e1cia Popular, mantida pela Prefeitura.<\/p>\n<p>Em mar\u00e7o, a Comiss\u00e3o de Sa\u00fade da C\u00e2mara, presidida pelo vereador Yussef Salla, encaminhou of\u00edcios \u00e0s farm\u00e1cias conveniadas ao Programa Farm\u00e1cia Popular do Brasil\u00a0de acordo com o listado na Portaria n\u00ba 3.677, publicada no Di\u00e1rio Oficial da Uni\u00e3o em 30\/09\/2022, Edi\u00e7\u00e3o 187 da se\u00e7\u00e3o 1 na p\u00e1gina 110. Os documentos foram assinados tamb\u00e9m pelos vereadores Luciano Costa e Nelson Dib Junior, primeiro e segundo membros respectivamente.<\/p>\n<p>Os of\u00edcios foram encaminhados \u00e0s Drogarias Ultra Popular e das farm\u00e1cias Associadas, Pague Menos e Mais Econ\u00f4mica, como forma de prestar maiores informa\u00e7\u00f5es \u00e0 popula\u00e7\u00e3o que tem enfrentado problemas com falta de medicamentos nas farm\u00e1cias municipais.<\/p>\n<p>Ainda em mar\u00e7o, respons\u00e1veis pelas drogarias Ultra Popular e Brasil Associadas encaminham documentos \u00e0 C\u00e2mara com a rela\u00e7\u00e3o dos medicamentos que est\u00e3o \u00e0 disposi\u00e7\u00e3o da popula\u00e7\u00e3o, de acordo com a portaria do Minist\u00e9rio da Sa\u00fade. Os documentos foram assinados por Paulo C\u00e9sar Delfino, Gerente Comercial da Drogatop Ltda ME (Ultra Popular), e Juarez de Miranda Fran\u00e7a Junior, representante legar da Farm\u00e1cias Associadas.<\/p>\n<p>Com o documento em m\u00e3os, a C\u00e2mara, por determina\u00e7\u00e3o de seu presidente, vereador Ubiratan Canhete de Campos Filho, Bira, determinou uma ampla divulga\u00e7\u00e3o em forma de utilidade p\u00fablica, dando ci\u00eancia aos usu\u00e1rios, sobre onde encontrar os medicamentos.<\/p>\n<p>FARM\u00c1CIA POPULAR<\/p>\n<p>O Programa Farm\u00e1cia Popular do Brasil (PFPB) \u00e9 um programa do Governo Federal que visa complementar a disponibiliza\u00e7\u00e3o de medicamentos utilizados na Aten\u00e7\u00e3o Prim\u00e1ria \u00e0 Sa\u00fade (APS), por meio de parceria com farm\u00e1cias e drogarias da rede privada.<\/p>\n<p>Dessa forma, al\u00e9m das Unidades B\u00e1sicas de Sa\u00fade e\/ou farm\u00e1cias municipais, o cidad\u00e3o poder\u00e1 obter medicamentos nas farm\u00e1cias e drogarias credenciadas ao programa que disponibiliza medicamentos gratuitos para o tratamento de diabetes, asma e hipertens\u00e3o e, de forma subsidiada para dislipidemia, rinite, doen\u00e7a de Parkinson, osteoporose, glaucoma, anticoncep\u00e7\u00e3o e fraldas geri\u00e1tricas. Nesses casos o Minist\u00e9rio da Sa\u00fade paga parte do valor dos medicamentos (at\u00e9 90% do valor de refer\u00eancia tabelado) e o cidad\u00e3o paga o restante, de acordo com o valor praticado pela farm\u00e1cia.<\/p>\n<p>DIVULGA\u00c7\u00c3O<\/p>\n<p>Al\u00e9m de divulgar a rela\u00e7\u00e3o dos medicamentos nos meios de comunica\u00e7\u00e3o, a C\u00e2mara, por meio da Comiss\u00e3o de Sa\u00fade, est\u00e1 cobrando tamb\u00e9m a divulga\u00e7\u00e3o dos rem\u00e9dios que est\u00e3o dispon\u00edveis, em cartazes anexados nas portas dos estabelecimentos, ou em locais de f\u00e1cil visualiza\u00e7\u00e3o por parte do p\u00fablico, conforme determina a\u00a0<u><em><strong><a href=\"http:\/\/corumba.superleis.com.br\/lei\/3674?type_view=consolidada\">Lei Municipal 2779<\/a><\/strong><\/em><\/u>, de 29 de junho de 2021,\u00a0que disp\u00f5e sobre a obrigatoriedade de divulgar em local vis\u00edvel e de f\u00e1cil acesso \u00e0 leitura, a rela\u00e7\u00e3o dos medicamentos disponibilizados de forma gratuita, daqueles que est\u00e3o em falta e o local onde encontr\u00e1-los na Rede P\u00fablica de Sa\u00fade de Corumb\u00e1.<\/p>\n<p>A Lei \u00e9 de autoria do vereador Alexandre Vasconcellos e a rela\u00e7\u00e3o deve estar fixada nas unidades de sa\u00fade e farm\u00e1cias do munic\u00edpio, inclusive com o local onde os rem\u00e9dios podem ser encontrados, bem como manter atualizado o estoque no site da Prefeitura de Corumb\u00e1.<\/p>\n<p>Al\u00e9m das farm\u00e1cias conveniadas, os usu\u00e1rios do sistema s\u00e3o atendidos tamb\u00e9m pelas farm\u00e1cias mantidas pelo Munic\u00edpio da Rua Am\u00e9rica, da UPA Guat\u00f3s, do Pronto Socorro, e da Unidade B\u00e1sica de Sa\u00fade da Fam\u00edlia Bonif\u00e1cio Tikayoshi Tiaen.<\/p>\n<p>Confira a portaria e a rela\u00e7\u00e3o dos medicamentos no link abaixo<\/p>\n<p><u><em><strong><a href=\"https:\/\/www.in.gov.br\/en\/web\/dou\/-\/portaria-gm\/ms-n-3.677-de-29-de-setembro-de-2022-433115825\">PORTARIA GM\/MS N\u00ba 3.677, DE 29 DE SETEMBRO DE 2022 &#8211; PORTARIA GM\/MS N\u00ba 3.677, DE 29 DE SETEMBRO DE 2022 &#8211; DOU &#8211; Imprensa Nacional (in.gov.br)<\/a><\/strong><\/em><\/u><\/p>\n","protected":false},"excerpt":{"rendered":"<p>Em atendimento a solicita\u00e7\u00f5es da Comiss\u00e3o de Sa\u00fade e Assist\u00eancia Social da C\u00e2mara Municipal de&#8230;<\/p>\n","protected":false},"author":21,"featured_media":11732441,"comment_status":"closed","ping_status":"closed","sticky":false,"template":"","format":"standard","meta":{"footnotes":""},"categories":[8,21],"tags":[],"class_list":["post-11732440","post","type-post","status-publish","format-standard","has-post-thumbnail","hentry","category-destaque","category-saude"],"_links":{"self":[{"href":"https:\/\/www.corumbaonline.com.br\/news\/wp-json\/wp\/v2\/posts\/11732440","targetHints":{"allow":["GET"]}}],"collection":[{"href":"https:\/\/www.corumbaonline.com.br\/news\/wp-json\/wp\/v2\/posts"}],"about":[{"href":"https:\/\/www.corumbaonline.com.br\/news\/wp-json\/wp\/v2\/types\/post"}],"author":[{"embeddable":true,"href":"https:\/\/www.corumbaonline.com.br\/news\/wp-json\/wp\/v2\/users\/21"}],"replies":[{"embeddable":true,"href":"https:\/\/www.corumbaonline.com.br\/news\/wp-json\/wp\/v2\/comments?post=11732440"}],"version-history":[{"count":1,"href":"https:\/\/www.corumbaonline.com.br\/news\/wp-json\/wp\/v2\/posts\/11732440\/revisions"}],"predecessor-version":[{"id":11732442,"href":"https:\/\/www.corumbaonline.com.br\/news\/wp-json\/wp\/v2\/posts\/11732440\/revisions\/11732442"}],"wp:featuredmedia":[{"embeddable":true,"href":"https:\/\/www.corumbaonline.com.br\/news\/wp-json\/wp\/v2\/media\/11732441"}],"wp:attachment":[{"href":"https:\/\/www.corumbaonline.com.br\/news\/wp-json\/wp\/v2\/media?parent=11732440"}],"wp:term":[{"taxonomy":"category","embeddable":true,"href":"https:\/\/www.corumbaonline.com.br\/news\/wp-json\/wp\/v2\/categories?post=11732440"},{"taxonomy":"post_tag","embeddable":true,"href":"https:\/\/www.corumbaonline.com.br\/news\/wp-json\/wp\/v2\/tags?post=11732440"}],"curies":[{"name":"wp","href":"https:\/\/api.w.org\/{rel}","templated":true}]}}