{"id":11734022,"date":"2023-06-06T08:08:00","date_gmt":"2023-06-06T12:08:00","guid":{"rendered":"http:\/\/www.corumbaonline.com.br\/news\/?p=11734022"},"modified":"2023-06-06T07:10:51","modified_gmt":"2023-06-06T11:10:51","slug":"alms-propostas-que-alteram-o-regimento-interno-estao-na-pauta-desta-terca-feira","status":"publish","type":"post","link":"https:\/\/www.corumbaonline.com.br\/news\/alms-propostas-que-alteram-o-regimento-interno-estao-na-pauta-desta-terca-feira\/","title":{"rendered":"ALMS: propostas que alteram o Regimento Interno est\u00e3o na pauta desta ter\u00e7a-feira"},"content":{"rendered":"<p>Os deputados devem votar nesta ter\u00e7a-feira (6), durante a sess\u00e3o ordin\u00e1ria da Assembleia Legislativa de Mato Grosso do Sul (ALEMS) quatro projetos, entre os quais dois disp\u00f5em sobre altera\u00e7\u00f5es no Regimento Interno do Parlamento (<a href=\"https:\/\/al.ms.gov.br\/upload\/Pdf\/2017_10_30_09_28_06_regimento_interno_27_10_2017.pdf\" target=\"_blank\" rel=\"noopener\">Resolu\u00e7\u00e3o 65\/2008<\/a>). As propostas est\u00e3o pautadas para primeira discuss\u00e3o, segunda discuss\u00e3o e reda\u00e7\u00e3o final. A sess\u00e3o tem in\u00edcio \u00e0s 9h e pode ser acompanhada presencialmente ou por meio dos canais de comunica\u00e7\u00e3o da Casa de Leis.<\/p>\n<p>Aprovado na semana passada, o\u00a0<a href=\"https:\/\/sgpl.consulta.al.ms.gov.br\/sgpl-publico\/#\/linha-tempo?idProposicao=314957\" target=\"_blank\" rel=\"noopener\">Projeto de Resolu\u00e7\u00e3o 07\/2023<\/a>\u00a0deve retornar ao plen\u00e1rio para ter a reda\u00e7\u00e3o final votada. Isso porque a proposta sofreu duas emendas. O projeto modifica o Regimento Interno da ALEMS, especificamente no que diz respeito ao nome a ser usado pelo parlamentar no registro de candidatura. A proposi\u00e7\u00e3o \u00e9 de autoria do deputado Jamilson Name (PSDB) e coautorias de outros parlamentares.<\/p>\n<p>Tamb\u00e9m relacionado a mudan\u00e7as no Regimento Interno, o\u00a0<a href=\"https:\/\/sgpl.consulta.al.ms.gov.br\/sgpl-publico\/#\/linha-tempo?idProposicao=284165\" target=\"_blank\" rel=\"noopener\">Projeto de Resolu\u00e7\u00e3o 03\/2023<\/a>, de autoria do deputado Junior Mochi (MDB) e outros parlamentares, est\u00e1 previsto para ser votado em primeira discuss\u00e3o. A proposta altera a Resolu\u00e7\u00e3o 65\/2008, desmembrando a Comiss\u00e3o de Educa\u00e7\u00e3o, Cultura, Desporto, Ci\u00eancia e Tecnologia em duas: Educa\u00e7\u00e3o, Cultura e Desporto; e Ci\u00eancia, Tecnologia e Inova\u00e7\u00e3o. Assim, o Parlamento passaria a ter 17 comiss\u00f5es permanentes.<\/p>\n<p>Em primeira discuss\u00e3o, est\u00e3o pautados os Projetos de Lei\u00a0<a href=\"https:\/\/sgpl.consulta.al.ms.gov.br\/sgpl-publico\/#\/linha-tempo?idProposicao=294470\" target=\"_blank\" rel=\"noopener\">80\/2023<\/a>\u00a0e\u00a0<a href=\"https:\/\/sgpl.consulta.al.ms.gov.br\/sgpl-publico\/#\/linha-tempo?idProposicao=315668\" target=\"_blank\" rel=\"noopener\">140\/2023<\/a>. O primeiro, de autoria da deputada Mara Caseiro (PSDB) disp\u00f5e sobre diretrizes para atendimento de pessoas com Atrofia Muscular Espinhal (AME). O outro projeto, do deputado Gerson Claro (PP), institui o Dia Estadual de Enfrentamento ao Tr\u00e1fico de Pessoas, e cria a Campanha Cora\u00e7\u00e3o Azul.<\/p>\n<p><strong>Servi\u00e7o<\/strong><\/p>\n<p>As\u00a0sess\u00f5es s\u00e3o\u00a0realizadas no Plen\u00e1rio J\u00falio Maia, a partir das 9h, e podem ser acompanhadas pela transmiss\u00e3o ao vivo dos canais oficiais da Casa de Leis:\u00a0<a href=\"https:\/\/al.ms.gov.br\/TvAssembleia\" target=\"_blank\" rel=\"noopener\">TV ALEMS<\/a>,\u00a0<a href=\"https:\/\/al.ms.gov.br\/RadioAssembleia\/Audios?idMenu=601\" target=\"_blank\" rel=\"noopener\">R\u00e1dio ALEMS<\/a>,\u00a0<a href=\"https:\/\/al.ms.gov.br\/\">Portal da ALEMS<\/a>,\u00a0<a href=\"https:\/\/www.youtube.com\/c\/assembleialegislativadems\" target=\"_blank\" rel=\"noopener\">Youtube<\/a>\u00a0e\u00a0<a href=\"https:\/\/www.facebook.com\/assembleiams\" target=\"_blank\" rel=\"noopener\">Facebook<\/a>. A pauta de vota\u00e7\u00e3o \u00e9 disponibilizada\u00a0<a href=\"https:\/\/al.ms.gov.br\/Ordemdodia\">por este link<\/a>.<\/p>\n","protected":false},"excerpt":{"rendered":"<p>Os deputados devem votar nesta ter\u00e7a-feira (6), durante a sess\u00e3o ordin\u00e1ria da Assembleia Legislativa de&#8230;<\/p>\n","protected":false},"author":12,"featured_media":0,"comment_status":"closed","ping_status":"closed","sticky":false,"template":"","format":"standard","meta":{"footnotes":""},"categories":[19],"tags":[],"class_list":["post-11734022","post","type-post","status-publish","format-standard","hentry","category-politica"],"_links":{"self":[{"href":"https:\/\/www.corumbaonline.com.br\/news\/wp-json\/wp\/v2\/posts\/11734022","targetHints":{"allow":["GET"]}}],"collection":[{"href":"https:\/\/www.corumbaonline.com.br\/news\/wp-json\/wp\/v2\/posts"}],"about":[{"href":"https:\/\/www.corumbaonline.com.br\/news\/wp-json\/wp\/v2\/types\/post"}],"author":[{"embeddable":true,"href":"https:\/\/www.corumbaonline.com.br\/news\/wp-json\/wp\/v2\/users\/12"}],"replies":[{"embeddable":true,"href":"https:\/\/www.corumbaonline.com.br\/news\/wp-json\/wp\/v2\/comments?post=11734022"}],"version-history":[{"count":1,"href":"https:\/\/www.corumbaonline.com.br\/news\/wp-json\/wp\/v2\/posts\/11734022\/revisions"}],"predecessor-version":[{"id":11734023,"href":"https:\/\/www.corumbaonline.com.br\/news\/wp-json\/wp\/v2\/posts\/11734022\/revisions\/11734023"}],"wp:attachment":[{"href":"https:\/\/www.corumbaonline.com.br\/news\/wp-json\/wp\/v2\/media?parent=11734022"}],"wp:term":[{"taxonomy":"category","embeddable":true,"href":"https:\/\/www.corumbaonline.com.br\/news\/wp-json\/wp\/v2\/categories?post=11734022"},{"taxonomy":"post_tag","embeddable":true,"href":"https:\/\/www.corumbaonline.com.br\/news\/wp-json\/wp\/v2\/tags?post=11734022"}],"curies":[{"name":"wp","href":"https:\/\/api.w.org\/{rel}","templated":true}]}}