{"id":11734053,"date":"2023-06-06T10:19:00","date_gmt":"2023-06-06T14:19:00","guid":{"rendered":"http:\/\/www.corumbaonline.com.br\/news\/?p=11734053"},"modified":"2023-06-06T11:03:45","modified_gmt":"2023-06-06T15:03:45","slug":"vereador-pede-providencia-sobre-paralizacao-de-aulas-no-taquari-por-falta-de-combustivel","status":"publish","type":"post","link":"https:\/\/www.corumbaonline.com.br\/news\/vereador-pede-providencia-sobre-paralizacao-de-aulas-no-taquari-por-falta-de-combustivel\/","title":{"rendered":"Vereador pede provid\u00eancia sobre paraliza\u00e7\u00e3o de aulas no Taquari por falta de combust\u00edvel"},"content":{"rendered":"<p>O vereador Luciano Costa est\u00e1 pedindo provid\u00eancias por parte da Prefeitura, em rela\u00e7\u00e3o \u00e0 paralisa\u00e7\u00e3o das aulas na Escola Municipal Rural de Educa\u00e7\u00e3o Integral Polo Sebasti\u00e3o Rolon, na regi\u00e3o do Taquari.<\/p>\n<p>Na sess\u00e3o ordin\u00e1ria de ontem, segunda-feira, 5, o vereador, por meio de requerimento, questionou o secret\u00e1rio de Educa\u00e7\u00e3o, Genilson Canavarro, sobre a situa\u00e7\u00e3o daquele estabelecimento de ensino que est\u00e1 sem aula h\u00e1 uma semana, devido \u00e0 falta de combust\u00edvel para atender o transporte das crian\u00e7as, principalmente.<\/p>\n<p>\u201cDepois de muito tempo, o pr\u00e9dio da escola foi inaugurado. No entanto, os professores foram enviados bem ap\u00f3s o in\u00edcio do ano letivo e, agora, est\u00e1 sem aula h\u00e1 mais de uma semana , por falta de combust\u00edvel\u201d, informou.<\/p>\n<p>\u201cSabemos que as escolas, principalmente das comunidades do alto e baixo Taquari, s\u00e3o de fam\u00edlias numerosas, que as crian\u00e7as necessitam de condi\u00e7\u00f5es b\u00e1sicas para estudar, assim como os professores. N\u00e3o podemos aceitar essa situa\u00e7\u00e3o, por isso estamos cobrando provid\u00eancias imediatas\u201d, completou.<\/p>\n","protected":false},"excerpt":{"rendered":"<p>O vereador Luciano Costa est\u00e1 pedindo provid\u00eancias por parte da Prefeitura, em rela\u00e7\u00e3o \u00e0 paralisa\u00e7\u00e3o&#8230;<\/p>\n","protected":false},"author":63,"featured_media":0,"comment_status":"closed","ping_status":"closed","sticky":false,"template":"","format":"standard","meta":{"footnotes":""},"categories":[19],"tags":[],"class_list":["post-11734053","post","type-post","status-publish","format-standard","hentry","category-politica"],"_links":{"self":[{"href":"https:\/\/www.corumbaonline.com.br\/news\/wp-json\/wp\/v2\/posts\/11734053","targetHints":{"allow":["GET"]}}],"collection":[{"href":"https:\/\/www.corumbaonline.com.br\/news\/wp-json\/wp\/v2\/posts"}],"about":[{"href":"https:\/\/www.corumbaonline.com.br\/news\/wp-json\/wp\/v2\/types\/post"}],"author":[{"embeddable":true,"href":"https:\/\/www.corumbaonline.com.br\/news\/wp-json\/wp\/v2\/users\/63"}],"replies":[{"embeddable":true,"href":"https:\/\/www.corumbaonline.com.br\/news\/wp-json\/wp\/v2\/comments?post=11734053"}],"version-history":[{"count":1,"href":"https:\/\/www.corumbaonline.com.br\/news\/wp-json\/wp\/v2\/posts\/11734053\/revisions"}],"predecessor-version":[{"id":11734055,"href":"https:\/\/www.corumbaonline.com.br\/news\/wp-json\/wp\/v2\/posts\/11734053\/revisions\/11734055"}],"wp:attachment":[{"href":"https:\/\/www.corumbaonline.com.br\/news\/wp-json\/wp\/v2\/media?parent=11734053"}],"wp:term":[{"taxonomy":"category","embeddable":true,"href":"https:\/\/www.corumbaonline.com.br\/news\/wp-json\/wp\/v2\/categories?post=11734053"},{"taxonomy":"post_tag","embeddable":true,"href":"https:\/\/www.corumbaonline.com.br\/news\/wp-json\/wp\/v2\/tags?post=11734053"}],"curies":[{"name":"wp","href":"https:\/\/api.w.org\/{rel}","templated":true}]}}