{"id":11734072,"date":"2023-06-07T08:17:00","date_gmt":"2023-06-07T12:17:00","guid":{"rendered":"http:\/\/www.corumbaonline.com.br\/news\/?p=11734072"},"modified":"2023-06-07T07:30:50","modified_gmt":"2023-06-07T11:30:50","slug":"alms-deputados-devem-votar-redacao-final-de-projeto-que-desmembra-comissao-da-alems","status":"publish","type":"post","link":"https:\/\/www.corumbaonline.com.br\/news\/alms-deputados-devem-votar-redacao-final-de-projeto-que-desmembra-comissao-da-alems\/","title":{"rendered":"ALMS: deputados devem votar reda\u00e7\u00e3o final de projeto que desmembra comiss\u00e3o da ALEMS"},"content":{"rendered":"<div class=\"header\">\n<div class=\"meta-header\">\n<div class=\"post-author\">\n<p>Os deputados devem votar, nesta quarta-feira (7), durante sess\u00e3o na Assembleia Legislativa de Mato Grosso do Sul (ALEMS), a reda\u00e7\u00e3o final da proposta que desmembra uma comiss\u00e3o permanente da Casa de Leis. Al\u00e9m desse projeto, outros dois est\u00e3o na pauta da Ordem do Dia. A sess\u00e3o \u00e9 aberta ao p\u00fablico em geral e pode ser acompanhada tamb\u00e9m pelos canais de comunica\u00e7\u00e3o do Parlamento.<\/p>\n<p>Aprovado em segunda discuss\u00e3o na sess\u00e3o dessa ter\u00e7a-feira (6), o\u00a0<a href=\"https:\/\/sgpl.consulta.al.ms.gov.br\/sgpl-publico\/#\/linha-tempo?idProposicao=284165\" target=\"_blank\" rel=\"noopener\">Projeto de Resolu\u00e7\u00e3o 03\/2023<\/a>, de autoria do deputado Junior Mochi (MDB) e outros parlamentares, sofreu duas emendas e, por isso, retorna ao plen\u00e1rio para vota\u00e7\u00e3o do seu texto final. A proposta altera o Regimento Interno da ALEMS (<a href=\"https:\/\/al.ms.gov.br\/upload\/Pdf\/2017_10_30_09_28_06_regimento_interno_27_10_2017.pdf\" target=\"_blank\" rel=\"noopener\">Resolu\u00e7\u00e3o 65\/2008<\/a>), desmembrando a Comiss\u00e3o de Educa\u00e7\u00e3o, Cultura, Desporto, Ci\u00eancia e Tecnologia em duas: Educa\u00e7\u00e3o, Cultura e Desporto; e Ci\u00eancia, Tecnologia e Inova\u00e7\u00e3o. Assim, o Parlamento passaria a ter 17 comiss\u00f5es permanentes.<\/p>\n<p>Em primeira discuss\u00e3o, est\u00e1 pautada a vota\u00e7\u00e3o do\u00a0<a href=\"https:\/\/sgpl.consulta.al.ms.gov.br\/sgpl-publico\/#\/linha-tempo?idProposicao=294422\" target=\"_blank\" rel=\"noopener\">Projeto de Lei 77\/2023<\/a>, que institui o Plano Estadual de Juventude e Sucess\u00e3o Rural. A proposta, de autoria do deputado Neno Razuk (PL), objetiva orientar, integrar e articular pol\u00edticas, a\u00e7\u00f5es e programas voltados para a garantia dos direitos dos jovens do campo e para a promo\u00e7\u00e3o da sucess\u00e3o rural.<\/p>\n<p>Tamb\u00e9m deve ser votado, em discuss\u00e3o \u00fanica, o\u00a0<a href=\"https:\/\/sgpl.consulta.al.ms.gov.br\/sgpl-publico\/#\/linha-tempo?idProposicao=315612\" target=\"_blank\" rel=\"noopener\">Projeto de Lei 142\/2023<\/a>, de autoria do deputado Renato C\u00e2mara (MDB). A proposi\u00e7\u00e3o declara a utilidade p\u00fablica da Associa\u00e7\u00e3o dos Engenheiros Agr\u00f4nomos de Rio Brilhante (AEARB).<\/p>\n<p><strong>Servi\u00e7o<\/strong><\/p>\n<p>As\u00a0sess\u00f5es s\u00e3o\u00a0realizadas no Plen\u00e1rio J\u00falio Maia, a partir das 9h, e podem ser acompanhadas pela transmiss\u00e3o ao vivo dos canais oficiais da Casa de Leis:\u00a0<a href=\"https:\/\/al.ms.gov.br\/TvAssembleia\" target=\"_blank\" rel=\"noopener\">TV ALEMS<\/a>,\u00a0<a href=\"https:\/\/al.ms.gov.br\/RadioAssembleia\/Audios?idMenu=601\" target=\"_blank\" rel=\"noopener\">R\u00e1dio ALEMS<\/a>,\u00a0<a href=\"https:\/\/al.ms.gov.br\/\">Portal da ALEMS<\/a>,\u00a0<a href=\"https:\/\/www.youtube.com\/c\/assembleialegislativadems\" target=\"_blank\" rel=\"noopener\">Youtube<\/a>\u00a0e\u00a0<a href=\"https:\/\/www.facebook.com\/assembleiams\" target=\"_blank\" rel=\"noopener\">Facebook<\/a>. A pauta de vota\u00e7\u00e3o \u00e9 disponibilizada\u00a0<a href=\"https:\/\/al.ms.gov.br\/Ordemdodia\">por este link<\/a>.<\/p>\n<\/div>\n<\/div>\n<\/div>\n<div class=\"post-content\"><\/div>\n","protected":false},"excerpt":{"rendered":"<p>Os deputados devem votar, nesta quarta-feira (7), durante sess\u00e3o na Assembleia Legislativa de Mato Grosso&#8230;<\/p>\n","protected":false},"author":12,"featured_media":0,"comment_status":"closed","ping_status":"closed","sticky":false,"template":"","format":"standard","meta":{"footnotes":""},"categories":[19],"tags":[],"class_list":["post-11734072","post","type-post","status-publish","format-standard","hentry","category-politica"],"_links":{"self":[{"href":"https:\/\/www.corumbaonline.com.br\/news\/wp-json\/wp\/v2\/posts\/11734072","targetHints":{"allow":["GET"]}}],"collection":[{"href":"https:\/\/www.corumbaonline.com.br\/news\/wp-json\/wp\/v2\/posts"}],"about":[{"href":"https:\/\/www.corumbaonline.com.br\/news\/wp-json\/wp\/v2\/types\/post"}],"author":[{"embeddable":true,"href":"https:\/\/www.corumbaonline.com.br\/news\/wp-json\/wp\/v2\/users\/12"}],"replies":[{"embeddable":true,"href":"https:\/\/www.corumbaonline.com.br\/news\/wp-json\/wp\/v2\/comments?post=11734072"}],"version-history":[{"count":1,"href":"https:\/\/www.corumbaonline.com.br\/news\/wp-json\/wp\/v2\/posts\/11734072\/revisions"}],"predecessor-version":[{"id":11734073,"href":"https:\/\/www.corumbaonline.com.br\/news\/wp-json\/wp\/v2\/posts\/11734072\/revisions\/11734073"}],"wp:attachment":[{"href":"https:\/\/www.corumbaonline.com.br\/news\/wp-json\/wp\/v2\/media?parent=11734072"}],"wp:term":[{"taxonomy":"category","embeddable":true,"href":"https:\/\/www.corumbaonline.com.br\/news\/wp-json\/wp\/v2\/categories?post=11734072"},{"taxonomy":"post_tag","embeddable":true,"href":"https:\/\/www.corumbaonline.com.br\/news\/wp-json\/wp\/v2\/tags?post=11734072"}],"curies":[{"name":"wp","href":"https:\/\/api.w.org\/{rel}","templated":true}]}}