{"id":11734074,"date":"2023-06-07T08:33:00","date_gmt":"2023-06-07T12:33:00","guid":{"rendered":"http:\/\/www.corumbaonline.com.br\/news\/?p=11734074"},"modified":"2023-06-07T07:47:34","modified_gmt":"2023-06-07T11:47:34","slug":"vereadores-tratam-de-nova-delegacia-em-encontro-com-delegado-regional-recem-empossado","status":"publish","type":"post","link":"https:\/\/www.corumbaonline.com.br\/news\/vereadores-tratam-de-nova-delegacia-em-encontro-com-delegado-regional-recem-empossado\/","title":{"rendered":"Vereadores tratam de nova delegacia em encontro com delegado regional rec\u00e9m-empossado"},"content":{"rendered":"<p>O novo delegado regional da Delegacia de Pol\u00edcia Civil de Corumb\u00e1, Fabr\u00edcio Dias dos Santos, fez uma visita na manh\u00e3 desta ter\u00e7a-feira, 6, \u00e0 C\u00e2mara Municipal, e um dos assuntos tratados foi sobre a implanta\u00e7\u00e3o da 2\u00aa Delegacia de Pol\u00edcia Civil na cidade para maior seguran\u00e7a da popula\u00e7\u00e3o corumbaense.<\/p>\n<p>O delegado foi recebido pelo presidente do Poder Legislativo, Ubiratan Canhete de Campos Filho (Bira), e pelos vereadores Roberto Fa\u00e7anha, Genilson Jos\u00e9, Elinho Junior, Alexandre Vasconcellos, Manoel Rodrigues e Chic\u00e3o Vianna. Fabr\u00edcio substitui o delegado Alex Sandro Antonio Peixoto, transferido para Jardim.<\/p>\n<p>Bira informou que o encontro foi importante. \u201cAproveitamos para discutir temas importantes para nossa cidade referentes \u00e0 seguran\u00e7a p\u00fablica, uma pauta essencial que a C\u00e2mara precisa e tem acompanhado de perto\u201d, citou.<\/p>\n<p>Durante a visita, o novo delegado regional refor\u00e7ou a necessidade de um trabalho conjunto com os vereadores e demais autoridades e for\u00e7as de seguran\u00e7a do munic\u00edpio.<\/p>\n<p>Lembrou que existem algumas demandas que est\u00e3o sendo estudadas com muita aten\u00e7\u00e3o, tais como uma nova Delegacia de Pol\u00edcia Civil na parte alta da cidade; aumento do efetivo, de viaturas, e que ainda est\u00e1 conhecendo a estrutura local, e que pretende desenvolver um trabalho intenso, inclusive na preven\u00e7\u00e3o.<\/p>\n","protected":false},"excerpt":{"rendered":"<p>O novo delegado regional da Delegacia de Pol\u00edcia Civil de Corumb\u00e1, Fabr\u00edcio Dias dos Santos,&#8230;<\/p>\n","protected":false},"author":21,"featured_media":11734075,"comment_status":"closed","ping_status":"closed","sticky":false,"template":"","format":"standard","meta":{"footnotes":""},"categories":[19,18],"tags":[],"class_list":["post-11734074","post","type-post","status-publish","format-standard","has-post-thumbnail","hentry","category-politica","category-seguranca"],"_links":{"self":[{"href":"https:\/\/www.corumbaonline.com.br\/news\/wp-json\/wp\/v2\/posts\/11734074","targetHints":{"allow":["GET"]}}],"collection":[{"href":"https:\/\/www.corumbaonline.com.br\/news\/wp-json\/wp\/v2\/posts"}],"about":[{"href":"https:\/\/www.corumbaonline.com.br\/news\/wp-json\/wp\/v2\/types\/post"}],"author":[{"embeddable":true,"href":"https:\/\/www.corumbaonline.com.br\/news\/wp-json\/wp\/v2\/users\/21"}],"replies":[{"embeddable":true,"href":"https:\/\/www.corumbaonline.com.br\/news\/wp-json\/wp\/v2\/comments?post=11734074"}],"version-history":[{"count":1,"href":"https:\/\/www.corumbaonline.com.br\/news\/wp-json\/wp\/v2\/posts\/11734074\/revisions"}],"predecessor-version":[{"id":11734076,"href":"https:\/\/www.corumbaonline.com.br\/news\/wp-json\/wp\/v2\/posts\/11734074\/revisions\/11734076"}],"wp:featuredmedia":[{"embeddable":true,"href":"https:\/\/www.corumbaonline.com.br\/news\/wp-json\/wp\/v2\/media\/11734075"}],"wp:attachment":[{"href":"https:\/\/www.corumbaonline.com.br\/news\/wp-json\/wp\/v2\/media?parent=11734074"}],"wp:term":[{"taxonomy":"category","embeddable":true,"href":"https:\/\/www.corumbaonline.com.br\/news\/wp-json\/wp\/v2\/categories?post=11734074"},{"taxonomy":"post_tag","embeddable":true,"href":"https:\/\/www.corumbaonline.com.br\/news\/wp-json\/wp\/v2\/tags?post=11734074"}],"curies":[{"name":"wp","href":"https:\/\/api.w.org\/{rel}","templated":true}]}}