{"id":11734867,"date":"2023-07-06T10:10:00","date_gmt":"2023-07-06T14:10:00","guid":{"rendered":"http:\/\/www.corumbaonline.com.br\/news\/?p=11734867"},"modified":"2023-07-06T10:55:45","modified_gmt":"2023-07-06T14:55:45","slug":"para-promover-integracao-e-turismo-no-pantanal-governo-faz-obra-de-acesso-ao-forte-coimbra","status":"publish","type":"post","link":"https:\/\/www.corumbaonline.com.br\/news\/para-promover-integracao-e-turismo-no-pantanal-governo-faz-obra-de-acesso-ao-forte-coimbra\/","title":{"rendered":"Para promover integra\u00e7\u00e3o e turismo no Pantanal, Governo faz obra de acesso ao Forte Coimbra"},"content":{"rendered":"<p>Integra\u00e7\u00e3o regional, desenvolvimento econ\u00f4mico e preserva\u00e7\u00e3o ambiental. Com estes conceitos bem definidos, o Governo do Estado est\u00e1 promovendo a obra de acesso ao Forte Coimbra, no cora\u00e7\u00e3o do Pantanal, em Corumb\u00e1, na rodovia MS-454. Os trabalhos j\u00e1 est\u00e3o com quase 40% das atividades prontas, em um investimento que chega a R$ 33 milh\u00f5es.<\/p>\n<p>A obra de revestimento prim\u00e1rio e drenagem vai ser feita em 26,5 km desta regi\u00e3o. As atividades come\u00e7aram em dezembro do ano passado e 10 km j\u00e1 foram finalizados. As m\u00e1quinas est\u00e3o na pista com uma s\u00e9rie de a\u00e7\u00f5es, entre elas limpeza de camada vegetal, terraplanagem, drenagem e obra de arte, al\u00e9m de implanta\u00e7\u00e3o de cercas.<\/p>\n<p>O objetivo \u00e9 ligar a estrada (MS-454), do entroncamento da BR-262, em Corumb\u00e1, at\u00e9 o famoso destacamento militar do Forte Coimbra, \u00e0s margens do Rio Paraguai. Os trabalhos neste momento se concentram no \u201clote 1\u201d, que fica no meio deste caminho. As melhorias na estrada v\u00e3o fortalecer o turismo, dar mais seguran\u00e7a para quem trafega no trecho e ajudar no escoamento da produ\u00e7\u00e3o. J\u00e1 a etapa final (que chega ao Forte) est\u00e1 na fase de projeto, sendo uma das prioridades do Estado.<\/p>\n<figure id=\"attachment_441678\" class=\"wp-caption alignnone\" aria-describedby=\"caption-attachment-441678\"><a href=\"https:\/\/agenciadenoticias.ms.gov.br\/wp-content\/uploads\/2023\/07\/MS-454-Foto-Saul-Schramm-12-scaled.jpg\"><img loading=\"lazy\" decoding=\"async\" class=\"wp-image-441678 size-large\" src=\"https:\/\/agenciadenoticias.ms.gov.br\/wp-content\/uploads\/2023\/07\/MS-454-Foto-Saul-Schramm-12-1024x636.jpg\" sizes=\"auto, (max-width: 1024px) 100vw, 1024px\" srcset=\"https:\/\/agenciadenoticias.ms.gov.br\/wp-content\/uploads\/2023\/07\/MS-454-Foto-Saul-Schramm-12-1024x636.jpg 1024w, https:\/\/agenciadenoticias.ms.gov.br\/wp-content\/uploads\/2023\/07\/MS-454-Foto-Saul-Schramm-12-300x186.jpg 300w, https:\/\/agenciadenoticias.ms.gov.br\/wp-content\/uploads\/2023\/07\/MS-454-Foto-Saul-Schramm-12-768x477.jpg 768w, https:\/\/agenciadenoticias.ms.gov.br\/wp-content\/uploads\/2023\/07\/MS-454-Foto-Saul-Schramm-12-1536x955.jpg 1536w, https:\/\/agenciadenoticias.ms.gov.br\/wp-content\/uploads\/2023\/07\/MS-454-Foto-Saul-Schramm-12-2048x1273.jpg 2048w, https:\/\/agenciadenoticias.ms.gov.br\/wp-content\/uploads\/2023\/07\/MS-454-Foto-Saul-Schramm-12-350x218.jpg 350w, https:\/\/agenciadenoticias.ms.gov.br\/wp-content\/uploads\/2023\/07\/MS-454-Foto-Saul-Schramm-12-scaled.jpg 1920w\" alt=\"MS 454 liga\u00e7\u00e3o ao Forte Coimbra Foto Saul Schramm\" width=\"1024\" height=\"636\" \/><\/a><figcaption id=\"caption-attachment-441678\" class=\"wp-caption-text\"><em>Obra de revestimento prim\u00e1rio na estrada de acesso ao Forte Coimbra<\/em><\/figcaption><\/figure>\n<figure id=\"attachment_441672\" class=\"wp-caption alignright\" aria-describedby=\"caption-attachment-441672\"><a href=\"https:\/\/agenciadenoticias.ms.gov.br\/wp-content\/uploads\/2023\/07\/MS-454-Foto-Saul-Schramm-6-scaled.jpg\"><img loading=\"lazy\" decoding=\"async\" class=\"wp-image-441672 size-medium\" src=\"https:\/\/agenciadenoticias.ms.gov.br\/wp-content\/uploads\/2023\/07\/MS-454-Foto-Saul-Schramm-6-300x194.jpg\" sizes=\"auto, (max-width: 300px) 100vw, 300px\" srcset=\"https:\/\/agenciadenoticias.ms.gov.br\/wp-content\/uploads\/2023\/07\/MS-454-Foto-Saul-Schramm-6-300x194.jpg 300w, https:\/\/agenciadenoticias.ms.gov.br\/wp-content\/uploads\/2023\/07\/MS-454-Foto-Saul-Schramm-6-1024x661.jpg 1024w, https:\/\/agenciadenoticias.ms.gov.br\/wp-content\/uploads\/2023\/07\/MS-454-Foto-Saul-Schramm-6-768x496.jpg 768w, https:\/\/agenciadenoticias.ms.gov.br\/wp-content\/uploads\/2023\/07\/MS-454-Foto-Saul-Schramm-6-1536x992.jpg 1536w, https:\/\/agenciadenoticias.ms.gov.br\/wp-content\/uploads\/2023\/07\/MS-454-Foto-Saul-Schramm-6-2048x1323.jpg 2048w, https:\/\/agenciadenoticias.ms.gov.br\/wp-content\/uploads\/2023\/07\/MS-454-Foto-Saul-Schramm-6-350x226.jpg 350w, https:\/\/agenciadenoticias.ms.gov.br\/wp-content\/uploads\/2023\/07\/MS-454-Foto-Saul-Schramm-6-scaled.jpg 1920w\" alt=\"MS 454 liga\u00e7\u00e3o ao Forte Coimbra Foto Saul Schramm\" width=\"300\" height=\"194\" \/><\/a><figcaption id=\"caption-attachment-441672\" class=\"wp-caption-text\"><em>Engenheiro Andr\u00e9 Luiz Andreasi<\/em><\/figcaption><\/figure>\n<p>\u201cUma obra de infraestrutura, de terraplanagem, implanta\u00e7\u00e3o de revestimento prim\u00e1rio e drenagem. Estamos com praticamente 40% da obra j\u00e1 conclu\u00edda. Ela vai dar mais mobilidade para as pessoas que vivem aqui na regi\u00e3o, teremos um ganho dos produtores rurais com o escoamento da produ\u00e7\u00e3o local, al\u00e9m de possibilitar melhor condi\u00e7\u00e3o de tr\u00e2nsito para todos\u201d, explicou Andr\u00e9 Luiz Andreasi, engenheiro respons\u00e1vel pela obra.<\/p>\n<p>Durante o percurso da estrada se encontram ao redor muitas propriedades rurais, tendo em maioria a cria\u00e7\u00e3o de gado, que \u00e9 t\u00edpico da pecu\u00e1ria pantaneira. Os trabalhos do Governo seguem em sintonia com log\u00edstica da regi\u00e3o, tendo por exemplo a forma\u00e7\u00e3o da pista com quatro metros de eleva\u00e7\u00e3o, j\u00e1 que na \u00e9poca de cheia as \u00e1guas sobem e alagam tudo em volta. Nas outras frentes segue a compacta\u00e7\u00e3o do aterro, umedecimento da pista e carga e descarga de material.<\/p>\n<p>Edmundo Ferreira trabalha h\u00e1 um ano em uma fazenda em frente a estrada. Ele destacou que a obra vai ajudar muito na locomo\u00e7\u00e3o e nas condi\u00e7\u00f5es da regi\u00e3o. \u201cSou boliviano de Puerto Suarez e cheguei aqui em novembro no Pantanal. A obra vai melhorar para quem precisa passar pela estrada todos os dias. Quando chove aqui n\u00e3o d\u00e1 pra andar e nem sair da fazenda\u201d, contou.<\/p>\n<figure id=\"attachment_441679\" class=\"wp-caption alignnone\" aria-describedby=\"caption-attachment-441679\"><a href=\"https:\/\/agenciadenoticias.ms.gov.br\/wp-content\/uploads\/2023\/07\/MS-454-Foto-Saul-Schramm-13-scaled.jpg\"><img loading=\"lazy\" decoding=\"async\" class=\"wp-image-441679 size-large\" src=\"https:\/\/agenciadenoticias.ms.gov.br\/wp-content\/uploads\/2023\/07\/MS-454-Foto-Saul-Schramm-13-1024x625.jpg\" sizes=\"auto, (max-width: 1024px) 100vw, 1024px\" srcset=\"https:\/\/agenciadenoticias.ms.gov.br\/wp-content\/uploads\/2023\/07\/MS-454-Foto-Saul-Schramm-13-1024x625.jpg 1024w, https:\/\/agenciadenoticias.ms.gov.br\/wp-content\/uploads\/2023\/07\/MS-454-Foto-Saul-Schramm-13-300x183.jpg 300w, https:\/\/agenciadenoticias.ms.gov.br\/wp-content\/uploads\/2023\/07\/MS-454-Foto-Saul-Schramm-13-768x469.jpg 768w, https:\/\/agenciadenoticias.ms.gov.br\/wp-content\/uploads\/2023\/07\/MS-454-Foto-Saul-Schramm-13-1536x938.jpg 1536w, https:\/\/agenciadenoticias.ms.gov.br\/wp-content\/uploads\/2023\/07\/MS-454-Foto-Saul-Schramm-13-2048x1250.jpg 2048w, https:\/\/agenciadenoticias.ms.gov.br\/wp-content\/uploads\/2023\/07\/MS-454-Foto-Saul-Schramm-13-350x214.jpg 350w, https:\/\/agenciadenoticias.ms.gov.br\/wp-content\/uploads\/2023\/07\/MS-454-Foto-Saul-Schramm-13-scaled.jpg 1920w\" alt=\"MS 454 liga\u00e7\u00e3o ao Forte Coimbra Foto Saul Schramm\" width=\"1024\" height=\"625\" \/><\/a><figcaption id=\"caption-attachment-441679\" class=\"wp-caption-text\"><em>Melhorias na rodovia MS-454 v\u00e3o contribuir no turismo da regi\u00e3o<\/em><\/figcaption><\/figure>\n<p><strong>Potencial econ\u00f4mico<\/strong><\/p>\n<p>O governador Eduardo Riedel sempre destaca que em Mato Grosso do Sul a preserva\u00e7\u00e3o do meio ambiente e o potencial econ\u00f4mico andam juntos, com um desenvolvimento sustent\u00e1vel. Esta marca da gest\u00e3o estadual estar\u00e1 presente na regi\u00e3o do Pantanal, com turismo contemplativo e integra\u00e7\u00e3o entre os povoados.<\/p>\n<p>Ao promover melhorias de acesso ao Forte Coimbra, a regi\u00e3o poder\u00e1 impulsionar o turismo local, com visitantes seguindo viagem de carro de Corumb\u00e1 at\u00e9 as margens do Rio Paraguai neste local, que \u00e9 sin\u00f4nimo de cultura e hist\u00f3ria do Estado. O destacamento militar tem grandes belezas naturais ao seu redor, al\u00e9m de dispor de um vilarejo com os moradores locais.<\/p>\n<p>\u201cEssa \u00e9 uma obra de acesso e integra\u00e7\u00e3o, feita para atender a comunidade e o turismo. \u00c9 um trabalho que respeita a natureza e desenvolve a regi\u00e3o. O Governo do Estado tem pensado as cidades junto com as lideran\u00e7a locais para atender esse tipo de demanda\u201d, destacou o secret\u00e1rio H\u00e9lio Peluffo, da Seilog (Secretaria Estadual de Infraestrutura e Log\u00edstica).<\/p>\n<p>A empresa que est\u00e1 tocando a obra no local conta com 100 funcion\u00e1rios neste projeto, sendo 70 diretos e 30 indiretos. Devido ao local in\u00f3spito e que chega a 100 km da cidade, no meio do Pantanal, os colaboradores passaram por cursos de primeiros socorros, para saberem agir em eventuais acidentes ou intercorr\u00eancias.<\/p>\n<div id=\"gallery-1\" class=\"gallery galleryid-441633 gallery-columns-3 gallery-size-full\">\n<figure class=\"gallery-item\">\n<div class=\"gallery-icon landscape\"><a href=\"https:\/\/agenciadenoticias.ms.gov.br\/ms-454-foto-saul-schramm-14\/\"><img loading=\"lazy\" decoding=\"async\" class=\"attachment-full size-full\" src=\"https:\/\/agenciadenoticias.ms.gov.br\/wp-content\/uploads\/2023\/07\/MS-454-Foto-Saul-Schramm-14-scaled.jpg\" sizes=\"auto, (max-width: 1920px) 100vw, 1920px\" srcset=\"https:\/\/agenciadenoticias.ms.gov.br\/wp-content\/uploads\/2023\/07\/MS-454-Foto-Saul-Schramm-14-scaled.jpg 1920w, https:\/\/agenciadenoticias.ms.gov.br\/wp-content\/uploads\/2023\/07\/MS-454-Foto-Saul-Schramm-14-300x196.jpg 300w, https:\/\/agenciadenoticias.ms.gov.br\/wp-content\/uploads\/2023\/07\/MS-454-Foto-Saul-Schramm-14-1024x668.jpg 1024w, https:\/\/agenciadenoticias.ms.gov.br\/wp-content\/uploads\/2023\/07\/MS-454-Foto-Saul-Schramm-14-768x501.jpg 768w, https:\/\/agenciadenoticias.ms.gov.br\/wp-content\/uploads\/2023\/07\/MS-454-Foto-Saul-Schramm-14-1536x1001.jpg 1536w, https:\/\/agenciadenoticias.ms.gov.br\/wp-content\/uploads\/2023\/07\/MS-454-Foto-Saul-Schramm-14-2048x1335.jpg 2048w, https:\/\/agenciadenoticias.ms.gov.br\/wp-content\/uploads\/2023\/07\/MS-454-Foto-Saul-Schramm-14-350x228.jpg 350w\" alt=\"MS 454 liga\u00e7\u00e3o ao Forte Coimbra Foto Saul Schramm\" width=\"1920\" height=\"1252\" \/><\/a><\/div>\n<\/figure>\n<figure class=\"gallery-item\">\n<div class=\"gallery-icon landscape\"><a href=\"https:\/\/agenciadenoticias.ms.gov.br\/ms-454-foto-saul-schramm-10\/\"><img loading=\"lazy\" decoding=\"async\" class=\"attachment-full size-full\" src=\"https:\/\/agenciadenoticias.ms.gov.br\/wp-content\/uploads\/2023\/07\/MS-454-Foto-Saul-Schramm-10-scaled.jpg\" sizes=\"auto, (max-width: 1920px) 100vw, 1920px\" srcset=\"https:\/\/agenciadenoticias.ms.gov.br\/wp-content\/uploads\/2023\/07\/MS-454-Foto-Saul-Schramm-10-scaled.jpg 1920w, https:\/\/agenciadenoticias.ms.gov.br\/wp-content\/uploads\/2023\/07\/MS-454-Foto-Saul-Schramm-10-300x204.jpg 300w, https:\/\/agenciadenoticias.ms.gov.br\/wp-content\/uploads\/2023\/07\/MS-454-Foto-Saul-Schramm-10-1024x697.jpg 1024w, https:\/\/agenciadenoticias.ms.gov.br\/wp-content\/uploads\/2023\/07\/MS-454-Foto-Saul-Schramm-10-768x523.jpg 768w, https:\/\/agenciadenoticias.ms.gov.br\/wp-content\/uploads\/2023\/07\/MS-454-Foto-Saul-Schramm-10-1536x1045.jpg 1536w, https:\/\/agenciadenoticias.ms.gov.br\/wp-content\/uploads\/2023\/07\/MS-454-Foto-Saul-Schramm-10-2048x1394.jpg 2048w, https:\/\/agenciadenoticias.ms.gov.br\/wp-content\/uploads\/2023\/07\/MS-454-Foto-Saul-Schramm-10-350x238.jpg 350w\" alt=\"MS 454 liga\u00e7\u00e3o ao Forte Coimbra Foto Saul Schramm\" width=\"1920\" height=\"1307\" \/><\/a><\/div>\n<\/figure>\n<figure class=\"gallery-item\">\n<div class=\"gallery-icon landscape\"><a href=\"https:\/\/agenciadenoticias.ms.gov.br\/ms-454-foto-saul-schramm-4\/\"><img loading=\"lazy\" decoding=\"async\" class=\"attachment-full size-full\" src=\"https:\/\/agenciadenoticias.ms.gov.br\/wp-content\/uploads\/2023\/07\/MS-454-Foto-Saul-Schramm-4-scaled.jpg\" sizes=\"auto, (max-width: 1920px) 100vw, 1920px\" srcset=\"https:\/\/agenciadenoticias.ms.gov.br\/wp-content\/uploads\/2023\/07\/MS-454-Foto-Saul-Schramm-4-scaled.jpg 1920w, https:\/\/agenciadenoticias.ms.gov.br\/wp-content\/uploads\/2023\/07\/MS-454-Foto-Saul-Schramm-4-300x187.jpg 300w, https:\/\/agenciadenoticias.ms.gov.br\/wp-content\/uploads\/2023\/07\/MS-454-Foto-Saul-Schramm-4-1024x638.jpg 1024w, https:\/\/agenciadenoticias.ms.gov.br\/wp-content\/uploads\/2023\/07\/MS-454-Foto-Saul-Schramm-4-768x479.jpg 768w, https:\/\/agenciadenoticias.ms.gov.br\/wp-content\/uploads\/2023\/07\/MS-454-Foto-Saul-Schramm-4-1536x957.jpg 1536w, https:\/\/agenciadenoticias.ms.gov.br\/wp-content\/uploads\/2023\/07\/MS-454-Foto-Saul-Schramm-4-2048x1276.jpg 2048w, https:\/\/agenciadenoticias.ms.gov.br\/wp-content\/uploads\/2023\/07\/MS-454-Foto-Saul-Schramm-4-350x218.jpg 350w\" alt=\"MS 454 liga\u00e7\u00e3o ao Forte Coimbra Foto Saul Schramm\" width=\"1920\" height=\"1196\" \/><\/a><\/div>\n<\/figure>\n<\/div>\n<p>Tamb\u00e9m existe um cuidado com o meio ambiente no canteiro de obras, tendo inclusive banheiros com coleta de dejetos, para n\u00e3o levar polui\u00e7\u00e3o ao local. Outras a\u00e7\u00f5es seguem no mesmo caminho.<\/p>\n<p>O prefeito de Corumb\u00e1, Marcelo Iunes, afirmou durante evento do PPA (Plano Plurianual) que as obras do Estado na infraestrutura das rodovias, estradas e pontes na regi\u00e3o do Pantanal s\u00e3o prioridades. \u201cV\u00e3o ajudar muito nos acessos e no fortalecimento do turismo, principalmente o de contempla\u00e7\u00e3o\u201d, destacou.<\/p>\n<p>A obra de acesso ao Forte Coimbra \u00e9 mais uma a\u00e7\u00e3o do Governo do Estado para levar prosperidade e inclus\u00e3o ao Pantanal, tendo todo o cuidado com o \u201cverde\u201d, com atividades sustent\u00e1veis. Os investimentos na regi\u00e3o v\u00e3o continuar para promover este desenvolvimento.<\/p>\n<figure id=\"attachment_441668\" class=\"wp-caption alignnone\" aria-describedby=\"caption-attachment-441668\"><a href=\"https:\/\/agenciadenoticias.ms.gov.br\/wp-content\/uploads\/2023\/07\/MS-454-Foto-Saul-Schramm-1-scaled.jpg\"><img loading=\"lazy\" decoding=\"async\" class=\"wp-image-441668 size-large\" src=\"https:\/\/agenciadenoticias.ms.gov.br\/wp-content\/uploads\/2023\/07\/MS-454-Foto-Saul-Schramm-1-1024x605.jpg\" sizes=\"auto, (max-width: 1024px) 100vw, 1024px\" srcset=\"https:\/\/agenciadenoticias.ms.gov.br\/wp-content\/uploads\/2023\/07\/MS-454-Foto-Saul-Schramm-1-1024x605.jpg 1024w, https:\/\/agenciadenoticias.ms.gov.br\/wp-content\/uploads\/2023\/07\/MS-454-Foto-Saul-Schramm-1-300x177.jpg 300w, https:\/\/agenciadenoticias.ms.gov.br\/wp-content\/uploads\/2023\/07\/MS-454-Foto-Saul-Schramm-1-768x454.jpg 768w, https:\/\/agenciadenoticias.ms.gov.br\/wp-content\/uploads\/2023\/07\/MS-454-Foto-Saul-Schramm-1-1536x907.jpg 1536w, https:\/\/agenciadenoticias.ms.gov.br\/wp-content\/uploads\/2023\/07\/MS-454-Foto-Saul-Schramm-1-2048x1210.jpg 2048w, https:\/\/agenciadenoticias.ms.gov.br\/wp-content\/uploads\/2023\/07\/MS-454-Foto-Saul-Schramm-1-350x207.jpg 350w, https:\/\/agenciadenoticias.ms.gov.br\/wp-content\/uploads\/2023\/07\/MS-454-Foto-Saul-Schramm-1-scaled.jpg 1920w\" alt=\"MS 454 liga\u00e7\u00e3o ao Forte Coimbra Foto Saul Schramm\" width=\"1024\" height=\"605\" \/><\/a><figcaption id=\"caption-attachment-441668\" class=\"wp-caption-text\"><em>Obras v\u00e3o melhorar o tr\u00e1fego na regi\u00e3o e ajudar no escoamento da produ\u00e7\u00e3o<\/em><\/figcaption><\/figure>\n","protected":false},"excerpt":{"rendered":"<p>Integra\u00e7\u00e3o regional, desenvolvimento econ\u00f4mico e preserva\u00e7\u00e3o ambiental. Com estes conceitos bem definidos, o Governo do&#8230;<\/p>\n","protected":false},"author":13,"featured_media":11734868,"comment_status":"closed","ping_status":"closed","sticky":false,"template":"","format":"standard","meta":{"footnotes":""},"categories":[23],"tags":[],"class_list":["post-11734867","post","type-post","status-publish","format-standard","has-post-thumbnail","hentry","category-turismo"],"_links":{"self":[{"href":"https:\/\/www.corumbaonline.com.br\/news\/wp-json\/wp\/v2\/posts\/11734867","targetHints":{"allow":["GET"]}}],"collection":[{"href":"https:\/\/www.corumbaonline.com.br\/news\/wp-json\/wp\/v2\/posts"}],"about":[{"href":"https:\/\/www.corumbaonline.com.br\/news\/wp-json\/wp\/v2\/types\/post"}],"author":[{"embeddable":true,"href":"https:\/\/www.corumbaonline.com.br\/news\/wp-json\/wp\/v2\/users\/13"}],"replies":[{"embeddable":true,"href":"https:\/\/www.corumbaonline.com.br\/news\/wp-json\/wp\/v2\/comments?post=11734867"}],"version-history":[{"count":1,"href":"https:\/\/www.corumbaonline.com.br\/news\/wp-json\/wp\/v2\/posts\/11734867\/revisions"}],"predecessor-version":[{"id":11734869,"href":"https:\/\/www.corumbaonline.com.br\/news\/wp-json\/wp\/v2\/posts\/11734867\/revisions\/11734869"}],"wp:featuredmedia":[{"embeddable":true,"href":"https:\/\/www.corumbaonline.com.br\/news\/wp-json\/wp\/v2\/media\/11734868"}],"wp:attachment":[{"href":"https:\/\/www.corumbaonline.com.br\/news\/wp-json\/wp\/v2\/media?parent=11734867"}],"wp:term":[{"taxonomy":"category","embeddable":true,"href":"https:\/\/www.corumbaonline.com.br\/news\/wp-json\/wp\/v2\/categories?post=11734867"},{"taxonomy":"post_tag","embeddable":true,"href":"https:\/\/www.corumbaonline.com.br\/news\/wp-json\/wp\/v2\/tags?post=11734867"}],"curies":[{"name":"wp","href":"https:\/\/api.w.org\/{rel}","templated":true}]}}