{"id":11741954,"date":"2023-12-12T08:32:00","date_gmt":"2023-12-12T12:32:00","guid":{"rendered":"https:\/\/www.corumbaonline.com.br\/news\/?p=11741954"},"modified":"2023-12-12T08:19:08","modified_gmt":"2023-12-12T12:19:08","slug":"camara-pode-votar-nesta-terca-bolsa-para-manter-jovem-no-ensino-medio","status":"publish","type":"post","link":"https:\/\/www.corumbaonline.com.br\/news\/camara-pode-votar-nesta-terca-bolsa-para-manter-jovem-no-ensino-medio\/","title":{"rendered":"C\u00e2mara pode votar nesta ter\u00e7a bolsa para manter jovem no ensino m\u00e9dio"},"content":{"rendered":"<p>O deputado federal Pedro Uczai (PT-SC)\u00a0apresentou, nesta segunda-feira (11), o relat\u00f3rio da proposta de cria\u00e7\u00e3o de bolsa para manter os jovens cursando e fazer com que eles concluam o ensino m\u00e9dio. O projeto de lei pode ir \u00e0 vota\u00e7\u00e3o pelo plen\u00e1rio da C\u00e2mara j\u00e1 nesta ter\u00e7a-feira (12).<img decoding=\"async\" src=\"https:\/\/agenciabrasil.ebc.com.br\/ebc.png?id=1571686&amp;o=node\" \/><img decoding=\"async\" src=\"https:\/\/agenciabrasil.ebc.com.br\/ebc.gif?id=1571686&amp;o=node\" \/><\/p>\n<p>O texto prev\u00ea o incentivo para os estudantes cadastrados no Cad\u00danico, que sejam contemplados pelo Bolsa Fam\u00edlia, ou para jovens de 19 a 24 anos matriculados na\u00a0Educa\u00e7\u00e3o de Jovens e Adultos (EJA). O esperado \u00e9 apoiar 2,5 milh\u00f5es de jovens com o programa.<\/p>\n<p>A cada ano, o jovem receber\u00e1 R$ 200 que poder\u00e3o ser sacados durante 10 meses para manuten\u00e7\u00e3o no ensino m\u00e9dio, totalizando R$ 2 mil. Na aprova\u00e7\u00e3o em cada ano, mais R$ 1 mil\u00a0ser\u00e3o depositados numa poupan\u00e7a, que poder\u00e3o ser sacados apenas com a conclus\u00e3o de todo ensino m\u00e9dio e a realiza\u00e7\u00e3o do Enem.<\/p>\n<p>O deputado Pedro Uczai diz que a expectativa \u00e9 reduzir a evas\u00e3o escolar em 8,5%.<\/p>\n<p>Para continuar no programa, os alunos ter\u00e3o que garantir a frequ\u00eancia m\u00ednima de 75% das aulas e conclu\u00edrem cada ano do ensino m\u00e9dio.<\/p>\n<p>O programa tem custo de R$ 7 bilh\u00f5es anuais. O governo corre para aprovar a proposta no Congresso para que os recursos possam ser repassados ainda este ano para as bolsas come\u00e7arem a serem pagas ano que v\u00eam.<\/p>\n","protected":false},"excerpt":{"rendered":"<p>O deputado federal Pedro Uczai (PT-SC)\u00a0apresentou, nesta segunda-feira (11), o relat\u00f3rio da proposta de cria\u00e7\u00e3o&#8230;<\/p>\n","protected":false},"author":4,"featured_media":0,"comment_status":"closed","ping_status":"closed","sticky":false,"template":"","format":"standard","meta":{"footnotes":""},"categories":[19],"tags":[188],"class_list":["post-11741954","post","type-post","status-publish","format-standard","hentry","category-politica","tag-politica"],"_links":{"self":[{"href":"https:\/\/www.corumbaonline.com.br\/news\/wp-json\/wp\/v2\/posts\/11741954","targetHints":{"allow":["GET"]}}],"collection":[{"href":"https:\/\/www.corumbaonline.com.br\/news\/wp-json\/wp\/v2\/posts"}],"about":[{"href":"https:\/\/www.corumbaonline.com.br\/news\/wp-json\/wp\/v2\/types\/post"}],"author":[{"embeddable":true,"href":"https:\/\/www.corumbaonline.com.br\/news\/wp-json\/wp\/v2\/users\/4"}],"replies":[{"embeddable":true,"href":"https:\/\/www.corumbaonline.com.br\/news\/wp-json\/wp\/v2\/comments?post=11741954"}],"version-history":[{"count":1,"href":"https:\/\/www.corumbaonline.com.br\/news\/wp-json\/wp\/v2\/posts\/11741954\/revisions"}],"predecessor-version":[{"id":11741956,"href":"https:\/\/www.corumbaonline.com.br\/news\/wp-json\/wp\/v2\/posts\/11741954\/revisions\/11741956"}],"wp:attachment":[{"href":"https:\/\/www.corumbaonline.com.br\/news\/wp-json\/wp\/v2\/media?parent=11741954"}],"wp:term":[{"taxonomy":"category","embeddable":true,"href":"https:\/\/www.corumbaonline.com.br\/news\/wp-json\/wp\/v2\/categories?post=11741954"},{"taxonomy":"post_tag","embeddable":true,"href":"https:\/\/www.corumbaonline.com.br\/news\/wp-json\/wp\/v2\/tags?post=11741954"}],"curies":[{"name":"wp","href":"https:\/\/api.w.org\/{rel}","templated":true}]}}