{"id":11741973,"date":"2023-12-12T09:43:00","date_gmt":"2023-12-12T13:43:00","guid":{"rendered":"https:\/\/www.corumbaonline.com.br\/news\/?p=11741973"},"modified":"2023-12-12T10:43:30","modified_gmt":"2023-12-12T14:43:30","slug":"profissionais-de-odontologia-sao-homenageados-na-camara-por-trabalho-desenvolvido-no-ceo","status":"publish","type":"post","link":"https:\/\/www.corumbaonline.com.br\/news\/profissionais-de-odontologia-sao-homenageados-na-camara-por-trabalho-desenvolvido-no-ceo\/","title":{"rendered":"Profissionais de odontologia s\u00e3o homenageados na C\u00e2mara, por trabalho desenvolvido no CEO"},"content":{"rendered":"<p>O trabalho desenvolvido por profissionais de odontologia no Centro de Especialidades Odontol\u00f3gicas (CEO), em benef\u00edcio da popula\u00e7\u00e3o corumbaense, mereceu uma justa homenagem da C\u00e2mara Municipal de Corumb\u00e1 que, ontem, segunda-feira, 11, realizou a entrega de Mo\u00e7\u00f5es de Congratula\u00e7\u00f5es a um grupo de cirurgi\u00f5es dentistas presentes \u00e0 sess\u00e3o ordin\u00e1ria da noite.<\/p>\n<p>A homenagem foi uma iniciativa do vereador Alexandre Vasconcellos e aprovada por unanimidade por todos os integrantes da Casa de Leis. Na oportunidade, o edil destacou a dedica\u00e7\u00e3o, comprometimento e profissionalismo no atendimento \u00e0 popula\u00e7\u00e3o corumbaense no CEO.<\/p>\n<p>\u201c\u00c9 uma homenagem a todos que realizam t\u00e3o importante trabalho, dando suporte ao atendimento odontol\u00f3gico nas Unidades B\u00e1sicas de Sa\u00fade da Fam\u00edlia, devolvendo o sorriso e a dignidade aos que mais precisam\u201d, afirmou.<\/p>\n<p>Raquel Bryk, Roberto Fa\u00e7anha, Samyr Sadeq Ramunieh (Qualhada), Manoel Rodrigues, Yussef Salla, Allex Dellas, Chic\u00e3o Vianna, Luciano Costa, Elinho Junior e Ubiratan Canhete de Campos Filhos (Bira), tamb\u00e9m destacaram a homenagem. Todos foram un\u00e2nimes em afirmar que \u201cs\u00e3o profissionais competentes e que realizam um trabalho extremamente importante para a popula\u00e7\u00e3o, principalmente aos mais necessitados\u201d, e que tudo isso justifica o trabalho desenvolvido pelos vereadores para aprimorar cada vez mais, o atendimento no CEO.<\/p>\n<p>Dirceu Migu\u00e9is Pinto Junior falou em nome dos homenageados. Agradeceu ao vereador Alexandre Vasconcellos e demais vereadores corumbaenses pela homenagem e se disse \u201cfeliz pelo reconhecimento do trabalho desenvolvido por todos da equipe no CEO\u201d.<\/p>\n<p>HOMENAGEADOS<\/p>\n<p>Foram 37 profissionais homenageados pela C\u00e2mara, entre cirurgi\u00f5es dentistas, auxiliares de sa\u00fade bucal e de servi\u00e7os diversos, bem como recepcionistas.<\/p>\n<p>Os homenageados s\u00e3o os cirurgi\u00f5es dentistas Ant\u00f4nio Tadeu da Costa de Oliveira, Bergson Louren\u00e7o de Rodrigues Aguiar, Camila Mateus Migu\u00e9is Pinto, Dirceu Migu\u00e9is Pinto, F\u00e1bio Carvalho Assad Carneiro, F\u00e1bio Lopes Mandu, Feher Faisal Samih Gharib, Fernanda Paloni Varanda Calabria, Jonh Kleber Vendramini Duran, Livia Pinheiro Sleiman, Marcelo Almeida Holanda, Marcelo Miranda Candia, Neder Mohamad Salla, Pedro Henrique Katurchi Mendes, Raphael Mesquita Ferreira Brito, Wagner Massruha, Glauce Santos de Mello e Eduardo Cury Braff.<\/p>\n<p>Recepcionistas Reginaldo C\u00e9lio Rachel e Alexandre Martinez Santana; assistentes de sa\u00fade bucal Tais Jara de Souza, Stefinny Sara Lima Soares, Wilma Helena C. dos Santos, Roseni Aparecida Martinez Santana, Arlete Rodrigues Vargas, Edsandra Rodrigues dos Santos, Joana Carvalho Fardino, Ellen Cristian Silva Santos, Regina C\u00e9lia Galv\u00e3o dos Santos, Rosiane Cristina Brand\u00e3o Quida Lima, Alzineli Campos da Silva Lemos, Aryelle Joeis de Arruda, Nayara Brites Vargas, Thays Brites de Souza e Silvana Santos da Silva; e as auxiliares de servi\u00e7os diversos Georgina Rojas da Concei\u00e7\u00e3o, Rosangela Pereira Garcia Castedo.<\/p>\n<p>MAIS HOMENAGENS<\/p>\n<p>Na mesma sess\u00e3o, a C\u00e2mara prestou homenagem com Mo\u00e7\u00e3o de Congratula\u00e7\u00e3o a Paulo Salles, pelo pioneirismo e sucesso no Podcast AlaVoti, uma iniciativa da vereadora Raquel Bryk, em reconhecimento ao trabalho desenvolvido pelo profissional, levando cultura e entretenimento da regi\u00e3o pantaneira para todo o Brasil e exterior.<\/p>\n","protected":false},"excerpt":{"rendered":"<p>O trabalho desenvolvido por profissionais de odontologia no Centro de Especialidades Odontol\u00f3gicas (CEO), em benef\u00edcio&#8230;<\/p>\n","protected":false},"author":63,"featured_media":11741975,"comment_status":"closed","ping_status":"closed","sticky":false,"template":"","format":"standard","meta":{"footnotes":""},"categories":[19],"tags":[188],"class_list":["post-11741973","post","type-post","status-publish","format-standard","has-post-thumbnail","hentry","category-politica","tag-politica"],"_links":{"self":[{"href":"https:\/\/www.corumbaonline.com.br\/news\/wp-json\/wp\/v2\/posts\/11741973","targetHints":{"allow":["GET"]}}],"collection":[{"href":"https:\/\/www.corumbaonline.com.br\/news\/wp-json\/wp\/v2\/posts"}],"about":[{"href":"https:\/\/www.corumbaonline.com.br\/news\/wp-json\/wp\/v2\/types\/post"}],"author":[{"embeddable":true,"href":"https:\/\/www.corumbaonline.com.br\/news\/wp-json\/wp\/v2\/users\/63"}],"replies":[{"embeddable":true,"href":"https:\/\/www.corumbaonline.com.br\/news\/wp-json\/wp\/v2\/comments?post=11741973"}],"version-history":[{"count":1,"href":"https:\/\/www.corumbaonline.com.br\/news\/wp-json\/wp\/v2\/posts\/11741973\/revisions"}],"predecessor-version":[{"id":11741976,"href":"https:\/\/www.corumbaonline.com.br\/news\/wp-json\/wp\/v2\/posts\/11741973\/revisions\/11741976"}],"wp:featuredmedia":[{"embeddable":true,"href":"https:\/\/www.corumbaonline.com.br\/news\/wp-json\/wp\/v2\/media\/11741975"}],"wp:attachment":[{"href":"https:\/\/www.corumbaonline.com.br\/news\/wp-json\/wp\/v2\/media?parent=11741973"}],"wp:term":[{"taxonomy":"category","embeddable":true,"href":"https:\/\/www.corumbaonline.com.br\/news\/wp-json\/wp\/v2\/categories?post=11741973"},{"taxonomy":"post_tag","embeddable":true,"href":"https:\/\/www.corumbaonline.com.br\/news\/wp-json\/wp\/v2\/tags?post=11741973"}],"curies":[{"name":"wp","href":"https:\/\/api.w.org\/{rel}","templated":true}]}}