{"id":11742032,"date":"2023-12-12T15:20:00","date_gmt":"2023-12-12T19:20:00","guid":{"rendered":"https:\/\/www.corumbaonline.com.br\/news\/?p=11742032"},"modified":"2023-12-12T18:06:38","modified_gmt":"2023-12-12T22:06:38","slug":"eu-amo-corumba-mirante-izulina-xavier-ganha-mais-um-atrativo-turistico","status":"publish","type":"post","link":"https:\/\/www.corumbaonline.com.br\/news\/eu-amo-corumba-mirante-izulina-xavier-ganha-mais-um-atrativo-turistico\/","title":{"rendered":"Eu amo Corumb\u00e1: Mirante Izulina Xavier ganha mais um atrativo tur\u00edstico"},"content":{"rendered":"\n<p>Marca registrada de Corumb\u00e1, o Mirante Izulina Xavier ganhou nesta ter\u00e7a-feira, 12 de dezembro, um novo atrativo que embeleza e valoriza ainda mais o local. Al\u00e9m das 72 est\u00e1tuas que comp\u00f5e as 14 esta\u00e7\u00f5es da Via Sagra e do Cristo Rei do Pantanal, que aben\u00e7oa toda a regi\u00e3o da impon\u00eancia dos seus 12 metros de altura, o morro ganhou um letreiro com 7 metros de comprimento simbolizando o amor, o respeito e o carinho pela cidade.<\/p>\n\n\n\n<p>O atrativo complementa a vis\u00e3o privilegiada do Pantanal sul-mato-grossense e se junta \u00e0s imagens feitas em cimento e concreto pela artista pl\u00e1stica Dona Izulina, que desde agosto deste ano empresta o nome ao antigo Morro do Cruzeiro. \u201cEste \u00e9 s\u00f3 o primeiro dos cinco letreiros que vamos instalar em locais estrat\u00e9gicos de Corumb\u00e1\u201d, anunciou o prefeito Marcelo Iunes.<\/p>\n\n\n\n<p>Acompanhado pela primeira-dama e secret\u00e1ria municipal de Assist\u00eancia Social e Cidadania, Amanda Balancieri Iunes, o chefe do Executivo municipal revelou que os equipamentos ser\u00e3o instalados tamb\u00e9m no Porto Geral, no Buraco das Piranhas, na fronteira entre o Brasil e a Bol\u00edvia e no Aeroporto Internacional de Corumb\u00e1.<\/p>\n\n\n\n<p>\u201cS\u00e3o locais onde recebemos os turistas que visitam nossa regi\u00e3o e que s\u00e3o frequentados pela fam\u00edlia corumbaense. Esse letreiro ser\u00e1 mais uma lembran\u00e7a para todo mundo que gosta e que quer o bem da nossa cidade\u201d, complementou o prefeito Marcelo Iunes, lembrando que o projeto come\u00e7ou a ser planejado em 2019.<\/p>\n\n\n\n<p>\u201cCom a pandemia de Covid, precisamos focar em outras a\u00e7\u00f5es mais urgentes na \u00e9poca. Depois que retomamos esse trabalho, essa licita\u00e7\u00e3o deu deserta por duas vezes. Mas a gra\u00e7as a Deus, conseguimos finalmente valorizar nossa regi\u00e3o com mais esse belo atrativo\u201d, finalizou o prefeito, que agradeceu o apoio e a presen\u00e7a dos vereadores Allex Dellas, Roberto Fa\u00e7anha, Alexandre Vasconcellos, Elinho J\u00fanior, Genilson Jos\u00e9 e Manoel Rodrigues.<\/p>\n\n\n\n<p>A diretora-presidente da Funda\u00e7\u00e3o de Turismo de Corumb\u00e1, Elis\u00e2ngela Sienna da Costa Oliva, refor\u00e7ou que o equipamento \u00e9 importante \u201cpois faz com que os turistas e residentes de Corumb\u00e1 marquem nossa cidade atrav\u00e9s da imagem do nome, em todos nossos atrativos tur\u00edsticos\u201d.<\/p>\n\n\n\n<p>\u201cO primeiro n\u00e3o poderia ser diferente se n\u00e3o aqui, no nosso principal ponto tur\u00edstico urbano da cidade, que \u00e9 o Cristo Rei do Pantanal. O segundo ser\u00e1 na pra\u00e7a ao lado da Prainha, onde a imagem \u2018Eu amo Corumb\u00e1\u2019 ficar\u00e1 instalada em local estrat\u00e9gico onde ser\u00e1 poss\u00edvel fotografar a capta\u00e7\u00e3o e o p\u00f4r do sol maravilhoso que nossa cidade tem\u201d, prosseguiu Elis\u00e2ngela.<\/p>\n","protected":false},"excerpt":{"rendered":"<p>Marca registrada de Corumb\u00e1, o Mirante Izulina Xavier ganhou nesta ter\u00e7a-feira, 12 de dezembro, um&#8230;<\/p>\n","protected":false},"author":70,"featured_media":11742033,"comment_status":"closed","ping_status":"closed","sticky":false,"template":"","format":"standard","meta":{"footnotes":""},"categories":[8,23],"tags":[],"class_list":["post-11742032","post","type-post","status-publish","format-standard","has-post-thumbnail","hentry","category-destaque","category-turismo"],"_links":{"self":[{"href":"https:\/\/www.corumbaonline.com.br\/news\/wp-json\/wp\/v2\/posts\/11742032","targetHints":{"allow":["GET"]}}],"collection":[{"href":"https:\/\/www.corumbaonline.com.br\/news\/wp-json\/wp\/v2\/posts"}],"about":[{"href":"https:\/\/www.corumbaonline.com.br\/news\/wp-json\/wp\/v2\/types\/post"}],"author":[{"embeddable":true,"href":"https:\/\/www.corumbaonline.com.br\/news\/wp-json\/wp\/v2\/users\/70"}],"replies":[{"embeddable":true,"href":"https:\/\/www.corumbaonline.com.br\/news\/wp-json\/wp\/v2\/comments?post=11742032"}],"version-history":[{"count":1,"href":"https:\/\/www.corumbaonline.com.br\/news\/wp-json\/wp\/v2\/posts\/11742032\/revisions"}],"predecessor-version":[{"id":11742035,"href":"https:\/\/www.corumbaonline.com.br\/news\/wp-json\/wp\/v2\/posts\/11742032\/revisions\/11742035"}],"wp:featuredmedia":[{"embeddable":true,"href":"https:\/\/www.corumbaonline.com.br\/news\/wp-json\/wp\/v2\/media\/11742033"}],"wp:attachment":[{"href":"https:\/\/www.corumbaonline.com.br\/news\/wp-json\/wp\/v2\/media?parent=11742032"}],"wp:term":[{"taxonomy":"category","embeddable":true,"href":"https:\/\/www.corumbaonline.com.br\/news\/wp-json\/wp\/v2\/categories?post=11742032"},{"taxonomy":"post_tag","embeddable":true,"href":"https:\/\/www.corumbaonline.com.br\/news\/wp-json\/wp\/v2\/tags?post=11742032"}],"curies":[{"name":"wp","href":"https:\/\/api.w.org\/{rel}","templated":true}]}}