{"id":11742103,"date":"2023-12-13T08:33:00","date_gmt":"2023-12-13T12:33:00","guid":{"rendered":"https:\/\/www.corumbaonline.com.br\/news\/?p=11742103"},"modified":"2023-12-13T09:04:20","modified_gmt":"2023-12-13T13:04:20","slug":"camara-homenageia-militares-pelo-sucesso-da-expedicao-ambiental-no-pantanal","status":"publish","type":"post","link":"https:\/\/www.corumbaonline.com.br\/news\/camara-homenageia-militares-pelo-sucesso-da-expedicao-ambiental-no-pantanal\/","title":{"rendered":"C\u00e2mara homenageia militares pelo sucesso da Expedi\u00e7\u00e3o Ambiental no Pantanal"},"content":{"rendered":"<p>Policiais da 2\u00aa Companhia de Pol\u00edcia Militar Ambiental de Corumb\u00e1 foram homenageados ontem, ter\u00e7a-feira, 12 de dezembro, pelo Poder Legislativo corumbaense, pelo sucesso de mais uma edi\u00e7\u00e3o da Expedi\u00e7\u00e3o Ambiental no Pantanal, uma a\u00e7\u00e3o que visa levar servi\u00e7os de seguran\u00e7a p\u00fablica, assistenciais e de educa\u00e7\u00e3o ambiental, \u00e0s comunidades ribeirinhas do Alto Pantanal.<\/p>\n<p>A iniciativa, elogiada por todos os integrantes da Casa de Leis, foi do vereador Samyr Sadeq Ramunieh (Qualhada) que teve um requerimento aprovado por unanimidade, concedendo Mo\u00e7\u00f5es de Congratula\u00e7\u00f5es e Aplausos aos integrantes da for\u00e7a militar.<\/p>\n<p>A entrega das mo\u00e7\u00f5es ocorreu durante sess\u00e3o ordin\u00e1ria do Poder Legislativo. Foram agraciados o capit\u00e3o Kelvin Augusto Rodrigues Valente, comandante da Companhia; o segundo tenente Gesner Batista Ramos; os subtenentes Wallysthon Luiz Coelho Wounnsoscky e Jony C\u00e2ndido Andrade; o primeiro sargento Thiago Francisco Barboza de Mello; os segundo sargentos Antonio Cesar Alves, Jos\u00e9 Antonio Rodrigues da Silva, Joacil Silva de Souza e Lucas Kelmo Vilalva da Silva; o terceiro sargento Leoncio Ribeiro Raldes, e o cabo Ariovaldo Aparecido Colman Rodrigues.<\/p>\n<p>Na oportunidade, Qualhada afirmou que se tratou de \u201cum pequeno gesto em reconhecimento ao grande trabalho desenvolvido pela Pol\u00edcia Militar Ambiental em nossa regi\u00e3o\u201d. Se dirigiu aos militares e disse que \u201co trabalho de voc\u00eas \u00e9 uma contribui\u00e7\u00e3o n\u00e3o s\u00f3 para as fam\u00edlias ribeirinhas, mas tamb\u00e9m para o futuro do Pantanal. \u00c9 um trabalho valoroso\u201d, enfatizou.<\/p>\n<p>O presidente do Poder Legislativo, vereador Ubiratan Canhete de Campos Filho (Bira), Alexandre Vasconcellos e Allex Dellas tamb\u00e9m elogiaram bastante a atua\u00e7\u00e3o de toda a equipe. Bira, por exemplo, disse que os policiais est\u00e3o \u201cfazendo muito mais do que fiscalizar, est\u00e3o levando um pouco de alento \u00e0s fam\u00edlias ribeirinhas que tanto precisam\u201d, acrescentou, colocando a Casa \u00e0 disposi\u00e7\u00e3o da 2\u00aa Companhia de Pol\u00edcia Militar Ambiental.<\/p>\n<p>A EXPEDI\u00c7\u00c3O<\/p>\n<p>O comandante da Ambiental em Corumb\u00e1, capit\u00e3o Kelvin Augusto Rodrigues Valente, agradeceu a homenagem prestada pela C\u00e2mara, em especial do vereador Qualhada, ao efetivo da guarni\u00e7\u00e3o local, pelo trabalho que est\u00e1 sendo realizado j\u00e1 h\u00e1 oito anos. Disse se tratar de \u201cuma importante a\u00e7\u00e3o com as fam\u00edlias ribeirinhas e que a cada ano que passa, a PMA vem agregando novos parceiros e, consequentemente, melhorando a qualidade e diversidade dos atendimentos prestados\u201d.<\/p>\n<p>O militar salientou que \u201ccaracterizada por seu importante papel na prote\u00e7\u00e3o do meio ambiente do Estado de Mato Grosso do Sul, atuando por meio da preven\u00e7\u00e3o, repress\u00e3o e fiscaliza\u00e7\u00e3o, a PMA v\u00ea na Educa\u00e7\u00e3o Ambiental, a melhor alternativa de combater os delitos ambientais, envolvendo a popula\u00e7\u00e3o na defesa das quest\u00f5es ambientais, conscientizando os cidad\u00e3os da import\u00e2ncia do conv\u00edvio equilibrado entre ser humano e meio ambiente, com consequente diminui\u00e7\u00e3o das infra\u00e7\u00f5es e crimes ambientais\u201d.<\/p>\n<p>Lembrou que a Expedi\u00e7\u00e3o de Educa\u00e7\u00e3o Ambiental, que este ano completou sua 8\u00aa edi\u00e7\u00e3o, iniciou como uma atividade do Batalh\u00e3o de Pol\u00edcia Ambiental do MS, por meio da 2\u00aa Companhia de Pol\u00edcia Militar Ambiental de Corumb\u00e1, com o intuito de levar educa\u00e7\u00e3o ambiental \u00e0s comunidades ribeirinhas do Alto Paraguai.<\/p>\n<p>Lembrou que, hoje, conta com diversos parceiros como a Prefeitura Municipal de Corumb\u00e1, por meio da Funda\u00e7\u00e3o do Meio Ambiente; a Marinha ao Brasil; o Instituto Homem Pantaneiro (IHP); o Instituto ACAIA; a SOS Pantanal; IASB; ECOA; Chalana Esperan\u00e7a; Secretaria de Educa\u00e7\u00e3o do Governo do Estado; Minist\u00e9rio P\u00fablico do Trabalho; Grupamento de Policiamento A\u00e9reo\/PMMS, bem como do Projeto Florestinha desenvolvido pelo Batalh\u00e3o.<\/p>\n<p>BALAN\u00c7O<\/p>\n<p>Fez um balan\u00e7o dos trabalhos j\u00e1 realizados ao longo das oito edi\u00e7\u00f5es, percorrendo mais de 700 quil\u00f4metros pelo Rio Paraguai, promovendo educa\u00e7\u00e3o ambiental e realizando atendimentos sociais, em parceria com os parceiros. Em 2023 foram quatro escolas atendidas, totalizando 170 alunos e 39 professores; 158 fam\u00edlias ribeirinhas atendidas; confec\u00e7\u00e3o de um mil calend\u00e1rios que foram distribu\u00eddos para as escolas atendidas, e \u00f3rg\u00e3os parceiros.<\/p>\n<p>Al\u00e9m disso, j\u00e1 foram entregues 108 b\u00f3tons aos alunos que participaram do concurso de desenhos do calend\u00e1rio; 21 camisetas aos alunos vencedores do concurso; 126 macac\u00f5es de prote\u00e7\u00e3o \u00e0s mulheres ribeirinhas catadoras de iscas; 158 filtros de barro; 158 cestas b\u00e1sicas; 366 mudas frut\u00edferas; 285 brinquedos para as crian\u00e7as, alusivo ao Dia das Crian\u00e7as; distribui\u00e7\u00e3o de 315 livros &#8220;Pedro Pato no Pantanal&#8221;; 673 guias da fauna do pantanal; 200 Kilts De Higiene Bucal para crian\u00e7as; 200 kilts horta (sementes de alface, r\u00facula, br\u00f3colis, cenoura, beterraba e quiabo); al\u00e9m 240 quilos de roupas, para as comunidades.<\/p>\n<p>Durante o ato ontem na C\u00e2mara, o comandante entregou aos vereadores, um Calend\u00e1rio de Educa\u00e7\u00e3o Ambiental no Pantanal idealizado em parceria com o Instituto ACAIA. Trata-se de um material h\u00edbrido, produzido com os desenhos das crian\u00e7as que estudam nas escolas ribeirinhas, e que traz em seu bojo diversas informa\u00e7\u00f5es sobre o Pantanal, seus moradores, suas culturas, e as riquezas desse importante bioma para o Brasil e Mundo.<\/p>\n<p>Al\u00e9m disso, no dia 21 de novembro de 2023, ocorreu a solenidade de entrega do XVIII Pr\u00eamio Sul-Mato-Grossense de Inova\u00e7\u00e3o na Gest\u00e3o P\u00fablica &#8211; Premiando Boas Pr\u00e1ticas e Ideias Inovadoras que Tragam a Modernidade \u00e0 Gest\u00e3o P\u00fablica, promovido pelo Governo do Estado, por interm\u00e9dio da Secretaria de Estado de Administra\u00e7\u00e3o (SAD) e da Escolagov.<\/p>\n<p>Citou que esse ano ,207 projetos foram inscritos para concorrer \u00e0 premia\u00e7\u00e3o. \u201cA Pol\u00edcia Militar Ambiental competiu na modalidade Pr\u00e1ticas Inovadoras de Sucesso &#8211; Eixo Social, ficando em 2\u00b0 colocado com o Projeto Expedi\u00e7\u00e3o de Educa\u00e7\u00e3o Ambiental do Pantanal\u201d, celebrou.<\/p>\n<p>Comemorou o fato de que, hoje, a Expedi\u00e7\u00e3o de Educa\u00e7\u00e3o Ambiental no Pantanal constar no Calend\u00e1rio de Atividades Culturais do Governo do Estado de Mato Grosso do Sul. Observou que \u201cpara essa importante a\u00e7\u00e3o continuar crescendo, e agregando cada vez mais parceiros, estou aqui nesta noite para agradecer a oportunidade de fala, de exposi\u00e7\u00e3o do nosso trabalho, de agradecer \u00e0 todos os \u00f3rg\u00e3os j\u00e1 citados, e que sem eles, nenhuma destas conquistas seria poss\u00edvel, e tamb\u00e9m convidar os nobres vereadores presentes para em 2024, fa\u00e7amos uma edi\u00e7\u00e3o ainda maior, e em 2025 maior ainda, e assim sucessivamente\u201d, concluiu recebendo total apoio e aclamado pelos vereadores corumbaenses.<\/p>\n","protected":false},"excerpt":{"rendered":"<p>Policiais da 2\u00aa Companhia de Pol\u00edcia Militar Ambiental de Corumb\u00e1 foram homenageados ontem, ter\u00e7a-feira, 12&#8230;<\/p>\n","protected":false},"author":21,"featured_media":11742105,"comment_status":"closed","ping_status":"closed","sticky":false,"template":"","format":"standard","meta":{"footnotes":""},"categories":[8,19],"tags":[188],"class_list":["post-11742103","post","type-post","status-publish","format-standard","has-post-thumbnail","hentry","category-destaque","category-politica","tag-politica"],"_links":{"self":[{"href":"https:\/\/www.corumbaonline.com.br\/news\/wp-json\/wp\/v2\/posts\/11742103","targetHints":{"allow":["GET"]}}],"collection":[{"href":"https:\/\/www.corumbaonline.com.br\/news\/wp-json\/wp\/v2\/posts"}],"about":[{"href":"https:\/\/www.corumbaonline.com.br\/news\/wp-json\/wp\/v2\/types\/post"}],"author":[{"embeddable":true,"href":"https:\/\/www.corumbaonline.com.br\/news\/wp-json\/wp\/v2\/users\/21"}],"replies":[{"embeddable":true,"href":"https:\/\/www.corumbaonline.com.br\/news\/wp-json\/wp\/v2\/comments?post=11742103"}],"version-history":[{"count":1,"href":"https:\/\/www.corumbaonline.com.br\/news\/wp-json\/wp\/v2\/posts\/11742103\/revisions"}],"predecessor-version":[{"id":11742106,"href":"https:\/\/www.corumbaonline.com.br\/news\/wp-json\/wp\/v2\/posts\/11742103\/revisions\/11742106"}],"wp:featuredmedia":[{"embeddable":true,"href":"https:\/\/www.corumbaonline.com.br\/news\/wp-json\/wp\/v2\/media\/11742105"}],"wp:attachment":[{"href":"https:\/\/www.corumbaonline.com.br\/news\/wp-json\/wp\/v2\/media?parent=11742103"}],"wp:term":[{"taxonomy":"category","embeddable":true,"href":"https:\/\/www.corumbaonline.com.br\/news\/wp-json\/wp\/v2\/categories?post=11742103"},{"taxonomy":"post_tag","embeddable":true,"href":"https:\/\/www.corumbaonline.com.br\/news\/wp-json\/wp\/v2\/tags?post=11742103"}],"curies":[{"name":"wp","href":"https:\/\/api.w.org\/{rel}","templated":true}]}}