{"id":11743758,"date":"2024-01-08T08:37:00","date_gmt":"2024-01-08T12:37:00","guid":{"rendered":"https:\/\/www.corumbaonline.com.br\/news\/?p=11743758"},"modified":"2024-01-08T10:01:10","modified_gmt":"2024-01-08T14:01:10","slug":"pm-recupera-veiculo-roubado-e-detem-suspeito","status":"publish","type":"post","link":"https:\/\/www.corumbaonline.com.br\/news\/pm-recupera-veiculo-roubado-e-detem-suspeito\/","title":{"rendered":"PM recupera ve\u00edculo roubado e det\u00e9m suspeito"},"content":{"rendered":"<p><span style=\"font-weight: 400;\">O ve\u00edculo Fiat Toro, com placas RWA2G37, foi recuperado pela equipe da For\u00e7a T\u00e1tica da Pol\u00edcia Militar por volta das 11h12 de s\u00e1bado, 6 de janeiro. O carro foi roubado durante a madrugada do mesmo dia, na rua Saldanha da Gama, em Lad\u00e1rio.\u00a0<\/span><\/p>\n<p>Denuncia levou a guarni\u00e7\u00e3o at\u00e9 a Alameda Dona Ant\u00f4nia, no bairro Cristo Redentor, em uma \u00e1rea de dif\u00edcil acesso, pr\u00f3ximo ao morro, onde o ve\u00edculo foi localizado. Um indiv\u00edduo, j\u00e1 conhecido da pol\u00edcia estava pr\u00f3ximo ao local e foi abordado para averigua\u00e7\u00e3o. Durante entrevista ele informou que foi convidado por dois homens, tamb\u00e9m com fichas policiais, para participar de roubo em resid\u00eancia.<\/p>\n<p>A equipe foi at\u00e9 a resid\u00eancia de um dos indiv\u00edduos citados e em contato o propriet\u00e1rio do im\u00f3vel, foi informada que o suspeito chegou durante a madrugada acompanhado de outro indiv\u00edduo em uma motocicleta branca em posse de uma caixa de som.<\/p>\n<p style=\"font-weight: 400;\">Com autoriza\u00e7\u00e3o do dono, a equipe entrou na casa e encontrou no quarto do indiv\u00edduo o aparelho eletr\u00f4nico, que posteriormente foi identificada pela v\u00edtima como sendo um dos objetos roubados de sua resid\u00eancia.<\/p>\n<p>\u00a0Que j\u00e1 na delegacia em contato com a v\u00edtima do roubo, a mesma reconheceu atrav\u00e9s de foto do sistema SIGO, outro indiv\u00edduo como sendo um dos autores do delito.<\/p>\n","protected":false},"excerpt":{"rendered":"<p>O ve\u00edculo Fiat Toro, com placas RWA2G37, foi recuperado pela equipe da For\u00e7a T\u00e1tica da&#8230;<\/p>\n","protected":false},"author":6,"featured_media":11743772,"comment_status":"closed","ping_status":"closed","sticky":false,"template":"","format":"standard","meta":{"footnotes":""},"categories":[8,18],"tags":[249],"class_list":["post-11743758","post","type-post","status-publish","format-standard","has-post-thumbnail","hentry","category-destaque","category-seguranca","tag-seguranca"],"_links":{"self":[{"href":"https:\/\/www.corumbaonline.com.br\/news\/wp-json\/wp\/v2\/posts\/11743758","targetHints":{"allow":["GET"]}}],"collection":[{"href":"https:\/\/www.corumbaonline.com.br\/news\/wp-json\/wp\/v2\/posts"}],"about":[{"href":"https:\/\/www.corumbaonline.com.br\/news\/wp-json\/wp\/v2\/types\/post"}],"author":[{"embeddable":true,"href":"https:\/\/www.corumbaonline.com.br\/news\/wp-json\/wp\/v2\/users\/6"}],"replies":[{"embeddable":true,"href":"https:\/\/www.corumbaonline.com.br\/news\/wp-json\/wp\/v2\/comments?post=11743758"}],"version-history":[{"count":1,"href":"https:\/\/www.corumbaonline.com.br\/news\/wp-json\/wp\/v2\/posts\/11743758\/revisions"}],"predecessor-version":[{"id":11743773,"href":"https:\/\/www.corumbaonline.com.br\/news\/wp-json\/wp\/v2\/posts\/11743758\/revisions\/11743773"}],"wp:featuredmedia":[{"embeddable":true,"href":"https:\/\/www.corumbaonline.com.br\/news\/wp-json\/wp\/v2\/media\/11743772"}],"wp:attachment":[{"href":"https:\/\/www.corumbaonline.com.br\/news\/wp-json\/wp\/v2\/media?parent=11743758"}],"wp:term":[{"taxonomy":"category","embeddable":true,"href":"https:\/\/www.corumbaonline.com.br\/news\/wp-json\/wp\/v2\/categories?post=11743758"},{"taxonomy":"post_tag","embeddable":true,"href":"https:\/\/www.corumbaonline.com.br\/news\/wp-json\/wp\/v2\/tags?post=11743758"}],"curies":[{"name":"wp","href":"https:\/\/api.w.org\/{rel}","templated":true}]}}