{"id":11744053,"date":"2024-01-10T15:49:30","date_gmt":"2024-01-10T19:49:30","guid":{"rendered":"https:\/\/www.corumbaonline.com.br\/news\/?p=11744053"},"modified":"2024-01-10T15:55:43","modified_gmt":"2024-01-10T19:55:43","slug":"enem-dos-concursos-governo-quer-servico-publico-com-a-cara-do-brasil","status":"publish","type":"post","link":"https:\/\/www.corumbaonline.com.br\/news\/enem-dos-concursos-governo-quer-servico-publico-com-a-cara-do-brasil\/","title":{"rendered":"Enem dos Concursos: governo quer servi\u00e7o p\u00fablico com a cara do Brasil"},"content":{"rendered":"\n<p>A ministra da Gest\u00e3o e Inova\u00e7\u00e3o, Esther Dweck, disse em entrevista coletiva nesta quarta-feira (10) que a descentraliza\u00e7\u00e3o do Concurso P\u00fablico Nacional Unificado tem como objetivo trazer mais diversidade ao servi\u00e7o p\u00fablico, ao atingir candidatos sem condi\u00e7\u00e3o de viajar para Bras\u00edlia para fazerem as provas.<img decoding=\"async\" src=\"https:\/\/agenciabrasil.ebc.com.br\/ebc.png?id=1576036&amp;o=node\"><img decoding=\"async\" src=\"https:\/\/agenciabrasil.ebc.com.br\/ebc.gif?id=1576036&amp;o=node\"><\/p>\n\n\n\n<p>\u201cQueremos o servi\u00e7o p\u00fablico com a cara do Brasil. J\u00e1 temos uma diversidade regional em Bras\u00edlia, mas pode ser ampliada. Muitas vezes as pessoas precisam se deslocar para Bras\u00edlia ou na melhor das hip\u00f3teses ir para as capitais.\u201d<\/p>\n\n\n\n<p>Apelidada de Enem dos Concursos, a sele\u00e7\u00e3o ter\u00e1 provas simult\u00e2neas em 220 cidades de todo o pa\u00eds no dia 5 de maio. Pela manh\u00e3, ocorrer\u00e1 a prova objetiva (de marca\u00e7\u00e3o de respostas), com a prova escrita ocorrendo durante a tarde.<\/p>\n\n\n\n<p>A previs\u00e3o \u00e9 de que o edital do certame seja publicado na tarde desta quarta-feira (10). Ao todo, ser\u00e3o 6.640 vagas divididas em 21 \u00f3rg\u00e3os federais. As inscri\u00e7\u00f5es come\u00e7am em 19 de janeiro e v\u00e3o at\u00e9 6 de fevereiro.<\/p>\n\n\n\n<p>Embora a banca respons\u00e1vel pelo concurso seja a Funda\u00e7\u00e3o Cesgranrio, as inscri\u00e7\u00f5es ocorrer\u00e3o no Portal Gov.br. Para se inscrever, ser\u00e1 necess\u00e1rio ter conta no portal de qualquer n\u00edvel (ouro, prata ou bronze). A taxa de inscri\u00e7\u00e3o custar\u00e1 R$ 60 para n\u00edvel m\u00e9dio e R$ 90 para n\u00edvel superior.<\/p>\n\n\n\n<p>A taxa de inscri\u00e7\u00e3o dar\u00e1 direito aos candidatos de disputar v\u00e1rias vagas em diferentes \u00f3rg\u00e3os federais, desde que dentro do mesmo bloco tem\u00e1tico. Poder\u00e3o pedir isen\u00e7\u00e3o da taxa inscritos no Cadastro \u00danico para Programas Sociais do Governo Federal (Cad\u00danico), doadores de medula \u00f3ssea e bolsista ou ex-bolsista do Programa Universidade para Todos (Prouni) ou Fundo de Financiamento Estudantil (Fies).<\/p>\n\n\n\n<p>Segundo o Minist\u00e9rio da Gest\u00e3o e Inova\u00e7\u00e3o em Servi\u00e7os P\u00fablicos, o concurso dever\u00e1 atrair de 2 milh\u00f5es a 3 milh\u00f5es de candidatos. Das 6.640 vagas previstas, 5.948 s\u00e3o para n\u00edvel superior (gradua\u00e7\u00e3o) e 692 s\u00e3o de n\u00edvel m\u00e9dio. Os sal\u00e1rios variam de R$ 3,7 mil a R$ 23 mil. A divulga\u00e7\u00e3o final dos resultados ocorrer\u00e1 em 30 de julho, com o in\u00edcio da convoca\u00e7\u00e3o para a posse e para os cursos de forma\u00e7\u00e3o em 5 de agosto.<br>&nbsp;<\/p>\n\n\n\n<p>Edi\u00e7\u00e3o: Denise Griesinger<\/p>\n","protected":false},"excerpt":{"rendered":"<p>A ministra da Gest\u00e3o e Inova\u00e7\u00e3o, Esther Dweck, disse em entrevista coletiva nesta quarta-feira (10)&#8230;<\/p>\n","protected":false},"author":4,"featured_media":11744054,"comment_status":"closed","ping_status":"closed","sticky":false,"template":"","format":"standard","meta":{"footnotes":""},"categories":[6],"tags":[],"class_list":["post-11744053","post","type-post","status-publish","format-standard","has-post-thumbnail","hentry","category-concurso"],"_links":{"self":[{"href":"https:\/\/www.corumbaonline.com.br\/news\/wp-json\/wp\/v2\/posts\/11744053","targetHints":{"allow":["GET"]}}],"collection":[{"href":"https:\/\/www.corumbaonline.com.br\/news\/wp-json\/wp\/v2\/posts"}],"about":[{"href":"https:\/\/www.corumbaonline.com.br\/news\/wp-json\/wp\/v2\/types\/post"}],"author":[{"embeddable":true,"href":"https:\/\/www.corumbaonline.com.br\/news\/wp-json\/wp\/v2\/users\/4"}],"replies":[{"embeddable":true,"href":"https:\/\/www.corumbaonline.com.br\/news\/wp-json\/wp\/v2\/comments?post=11744053"}],"version-history":[{"count":1,"href":"https:\/\/www.corumbaonline.com.br\/news\/wp-json\/wp\/v2\/posts\/11744053\/revisions"}],"predecessor-version":[{"id":11744056,"href":"https:\/\/www.corumbaonline.com.br\/news\/wp-json\/wp\/v2\/posts\/11744053\/revisions\/11744056"}],"wp:featuredmedia":[{"embeddable":true,"href":"https:\/\/www.corumbaonline.com.br\/news\/wp-json\/wp\/v2\/media\/11744054"}],"wp:attachment":[{"href":"https:\/\/www.corumbaonline.com.br\/news\/wp-json\/wp\/v2\/media?parent=11744053"}],"wp:term":[{"taxonomy":"category","embeddable":true,"href":"https:\/\/www.corumbaonline.com.br\/news\/wp-json\/wp\/v2\/categories?post=11744053"},{"taxonomy":"post_tag","embeddable":true,"href":"https:\/\/www.corumbaonline.com.br\/news\/wp-json\/wp\/v2\/tags?post=11744053"}],"curies":[{"name":"wp","href":"https:\/\/api.w.org\/{rel}","templated":true}]}}