{"id":11744203,"date":"2024-01-12T15:41:41","date_gmt":"2024-01-12T19:41:41","guid":{"rendered":"https:\/\/www.corumbaonline.com.br\/news\/?p=11744203"},"modified":"2024-01-12T15:41:43","modified_gmt":"2024-01-12T19:41:43","slug":"ladario-abre-processo-seletivo-simplificado-para-contratacao-de-professores-temporarios-efetivos-em-exercicio-na-secretaria-municipal-de-educacao","status":"publish","type":"post","link":"https:\/\/www.corumbaonline.com.br\/news\/ladario-abre-processo-seletivo-simplificado-para-contratacao-de-professores-temporarios-efetivos-em-exercicio-na-secretaria-municipal-de-educacao\/","title":{"rendered":"Lad\u00e1rio abre Processo Seletivo Simplificado para contrata\u00e7\u00e3o de Professores Tempor\u00e1rios Efetivos em Exerc\u00edcio na Secretaria Municipal de Educa\u00e7\u00e3o"},"content":{"rendered":"\n<p>A Prefeitura de Lad\u00e1rio, por meio da Secretaria Municipal de Educa\u00e7\u00e3o, SMEL, torna p\u00fablico o Processo Seletivo Simplificado para contrata\u00e7\u00e3o de professores tempor\u00e1rios que sejam efetivos da SMEL. A inscri\u00e7\u00e3o do processo seletivo ser\u00e1 realizada no per\u00edodo de 11 a 15 de janeiro de 2024 de forma eletr\u00f4nica atrav\u00e9s do link https:\/\/www.ladario.ms.gov.br\/, clicando no bot\u00e3o &#8216;Processo Seletivo Simplificado SMEL&#8217;, ou pelo link https:\/\/educacao.ladario.genesis.tec.br\/cpt\/, em etapa \u00fanica, e n\u00e3o haver\u00e1 taxa de inscri\u00e7\u00e3o.<\/p>\n\n\n\n<p>O presente processo seletivo tem por objeto a realiza\u00e7\u00e3o de sele\u00e7\u00e3o de Profissionais de Educa\u00e7\u00e3o para atender as necessidades excepcionais e tempor\u00e1rias da Secretaria Municipal de Educa\u00e7\u00e3o, decorrentes do afastamento de professores para exercerem fun\u00e7\u00f5es administrativas. Os selecionados poder\u00e3o ser contratados para o ano letivo de 2024, prorrog\u00e1vel por igual per\u00edodo, nas condi\u00e7\u00f5es estabelecidas no respectivo edital, de acordo com o interesse e a conveni\u00eancia da Administra\u00e7\u00e3o P\u00fablica.<\/p>\n\n\n\n<p>S\u00e3o requisitos indispens\u00e1veis aos interessados:<br>a) n\u00e3o ter sido indeferido em nenhuma fase do Processo Seletivo Simplificado;<br>b) ter disponibilidade para o exerc\u00edcio da fun\u00e7\u00e3o a que concorre conforme as necessidades da Administra\u00e7\u00e3o Municipal, nos termos deste Edital e da legisla\u00e7\u00e3o aplic\u00e1vel;<br>c) ser brasileiro nato ou naturalizado;<br>d) estar quite com as obriga\u00e7\u00f5es militares (no caso de candidato do sexo masculino);<br>e) estar quite com as obriga\u00e7\u00f5es eleitorais;<br>f) possuir, na data da contrata\u00e7\u00e3o, a idade m\u00ednima de 18 (dezoito) anos completos;<br>g) estar em pleno gozo dos direitos civis e pol\u00edticos;<br>h) possuir plena aptid\u00e3o f\u00edsica e mental para exerc\u00edcio da fun\u00e7\u00e3o;<br>j)n\u00e3o exercer cargo, emprego ou fun\u00e7\u00e3o p\u00fablica e n\u00e3o acumular proventos de aposentadoria na administra\u00e7\u00e3o p\u00fablica federal, estadual, municipal ou distrital, e em qualquer dos poderes, salvo quanto ao disposto no art. 7\u00ba, \u00a71\u00ba, do inciso II da Lei Estadual n. 4.135, de 15 de dezembro de 2011;<br>k) comprovar conduta moral ilibada com a apresenta\u00e7\u00e3o de Certid\u00e3o negativa de antecedente criminal Federal no site www.jfms.jus.br e Estadual no site www.tjms.jus.br;<br>l) apresentar os documentos exigidos e atender \u00e0s demais condi\u00e7\u00f5es de ingresso estabelecidas na legisla\u00e7\u00e3o pertinente e em edital.<\/p>\n\n\n\n<p>Ao realizar a inscri\u00e7\u00e3o o candidato dever\u00e1 selecionar a fun\u00e7\u00e3o que pretende concorrer, conforme a rela\u00e7\u00e3o de fun\u00e7\u00f5es dispon\u00edveis no quadro abaixo:<\/p>\n\n\n\n<ul class=\"wp-block-list\">\n<li> Professor de Educa\u00e7\u00e3o Infantil \u2013 REGENTE DE SALA;<\/li>\n\n\n\n<li> Professor de Ensino Fundamental \u2013 S\u00e9ries Iniciais- REGENTE DE SALA;<\/li>\n\n\n\n<li> Professor de Ensino Fundamental \u2013 S\u00e9ries Finais \u2013 L\u00cdNGUA ESTRANGEIRA MODERNA (INGL\u00caS);<\/li>\n\n\n\n<li> Professor de Ensino Fundamental \u2013 S\u00e9ries Finais \u2013 PORTUGU\u00caS;<\/li>\n\n\n\n<li> Professor de Ensino Fundamental \u2013 S\u00e9ries Finais MATEM\u00c1TICA;<\/li>\n\n\n\n<li> Professor de Ensino Fundamental \u2013 S\u00e9ries Finais \u2013 HIST\u00d3RIA;<\/li>\n\n\n\n<li> Professor de Ensino Fundamental \u2013 S\u00e9ries Finais GEOGRAFIA;<\/li>\n\n\n\n<li> Professor de Ensino Fundamental \u2013 S\u00e9ries Finais \u2013 CI\u00caNCIAS BIOL\u00d3GICAS;<\/li>\n\n\n\n<li> Professor de Educa\u00e7\u00e3o Infantil ou Ensino Fundamental \u2013 EDUCA\u00c7\u00c3O F\u00cdSICA;<\/li>\n\n\n\n<li> Professor de Educa\u00e7\u00e3o Infantil \/ Ensino Fundamental \u2013 S\u00e9ries Iniciais ARTE;<\/li>\n\n\n\n<li> Professor de Ensino Fundamental \u2013 S\u00e9ries Finais \u2013 Letras \u2013 com Especializa\u00e7\u00e3o em ARTE;<\/li>\n\n\n\n<li> Professor de Educa\u00e7\u00e3o Especial \u2013 SALA DE RECURSOS MULTIFUNCIONAIS;<\/li>\n\n\n\n<li> Professor de LIBRAS.<\/li>\n<\/ul>\n\n\n\n<p>A rela\u00e7\u00e3o das classifica\u00e7\u00f5es dos candidatos ser\u00e1 feita por cargo, em ordem de pontua\u00e7\u00e3o decrescente, conforme quadro, publicada no endere\u00e7o eletr\u00f4nico www.diariooficialms.com.br e tamb\u00e9m dispon\u00edvel no site da Prefeitura Municipal de Lad\u00e1rio https:\/\/www.ladario.ms.gov.br.<\/p>\n\n\n\n<p>O sistema de inscri\u00e7\u00e3o on line aceitar\u00e1 somente uma inscri\u00e7\u00e3o por CPF por fun\u00e7\u00e3o. \u00c9 de inteira responsabilidade do candidato acompanhar todos os atos publicados sobre o Processo Seletivo Simplificado, por meio do endere\u00e7o eletr\u00f4nico www.diariooficialms.com.br.<\/p>\n\n\n\n<p>Em rela\u00e7\u00e3o a qualquer informa\u00e7\u00e3o sobre o processo seletivo, o candidato poder\u00e1 entrar em contato com a Secretaria Municipal atrav\u00e9s do e-mail: recursoshumanos.smel@gmail.com.<\/p>\n\n\n\n<p><a href=\"https:\/\/www.ladario.ms.gov.br\/fotos\/c6c89a432e840049ef4062677d49b976.png\"><\/a><\/p>\n","protected":false},"excerpt":{"rendered":"<p>A Prefeitura de Lad\u00e1rio, por meio da Secretaria Municipal de Educa\u00e7\u00e3o, SMEL, torna p\u00fablico o&#8230;<\/p>\n","protected":false},"author":70,"featured_media":0,"comment_status":"closed","ping_status":"closed","sticky":false,"template":"","format":"standard","meta":{"footnotes":""},"categories":[6],"tags":[],"class_list":["post-11744203","post","type-post","status-publish","format-standard","hentry","category-concurso"],"_links":{"self":[{"href":"https:\/\/www.corumbaonline.com.br\/news\/wp-json\/wp\/v2\/posts\/11744203","targetHints":{"allow":["GET"]}}],"collection":[{"href":"https:\/\/www.corumbaonline.com.br\/news\/wp-json\/wp\/v2\/posts"}],"about":[{"href":"https:\/\/www.corumbaonline.com.br\/news\/wp-json\/wp\/v2\/types\/post"}],"author":[{"embeddable":true,"href":"https:\/\/www.corumbaonline.com.br\/news\/wp-json\/wp\/v2\/users\/70"}],"replies":[{"embeddable":true,"href":"https:\/\/www.corumbaonline.com.br\/news\/wp-json\/wp\/v2\/comments?post=11744203"}],"version-history":[{"count":1,"href":"https:\/\/www.corumbaonline.com.br\/news\/wp-json\/wp\/v2\/posts\/11744203\/revisions"}],"predecessor-version":[{"id":11744206,"href":"https:\/\/www.corumbaonline.com.br\/news\/wp-json\/wp\/v2\/posts\/11744203\/revisions\/11744206"}],"wp:attachment":[{"href":"https:\/\/www.corumbaonline.com.br\/news\/wp-json\/wp\/v2\/media?parent=11744203"}],"wp:term":[{"taxonomy":"category","embeddable":true,"href":"https:\/\/www.corumbaonline.com.br\/news\/wp-json\/wp\/v2\/categories?post=11744203"},{"taxonomy":"post_tag","embeddable":true,"href":"https:\/\/www.corumbaonline.com.br\/news\/wp-json\/wp\/v2\/tags?post=11744203"}],"curies":[{"name":"wp","href":"https:\/\/api.w.org\/{rel}","templated":true}]}}