{"id":11745849,"date":"2024-02-14T08:00:00","date_gmt":"2024-02-14T12:00:00","guid":{"rendered":"https:\/\/www.corumbaonline.com.br\/news\/?p=11745849"},"modified":"2024-02-14T07:56:37","modified_gmt":"2024-02-14T11:56:37","slug":"quarta-feira-de-cinzas-tem-tempo-instavel-em-ms-corumba-amanhece-com-ceu-nublado","status":"publish","type":"post","link":"https:\/\/www.corumbaonline.com.br\/news\/quarta-feira-de-cinzas-tem-tempo-instavel-em-ms-corumba-amanhece-com-ceu-nublado\/","title":{"rendered":"Quarta-feira de Cinzas tem tempo inst\u00e1vel em MS; Corumb\u00e1 amanhece com c\u00e9u nublado"},"content":{"rendered":"<p>A previs\u00e3o do Cemtec (Centro de Monitoramento do Tempo e do Clima) para esta quarta-feira (14)\u00a0 indica sol e varia\u00e7\u00e3o de nebulosidade. Al\u00e9m disso, a atua\u00e7\u00e3o de uma \u00e1rea de baixa press\u00e3o atmosf\u00e9rica e a disponibilidade de calor e umidade devem favorecer a forma\u00e7\u00e3o de nuvens e chuvas no estado.<\/p>\n<p>\u201cS\u00e3o esperadas chuvas de intensidade fraca a moderada e, pontualmente, devem ocorrer tempestades acompanhadas de raios e rajadas de vento\u201d. De acordo com o Cemtec, tais instabilidades atmosf\u00e9ricas ocorrem devido a aproxima\u00e7\u00e3o de uma frente fria aliada ao deslocamento de cavados.<\/p>\n<p>Corumb\u00e1 amanheceu com c\u00e9u nublado e temperatura de 24\u00b0C. A previs\u00e3o \u00e9 de s<span style=\"font-size: revert; color: initial;\">ol e aumento de nuvens pela manh\u00e3. Podem ocorrer pancadas de chuva \u00e0 tarde e \u00e0 noite. A m\u00e1xima deve ser de 35\u00b0C.<\/span><\/p>\n<p>Em Campo Grande, as temperaturas variam entre 23\u00b0C e 30\u00b0C durante o dia. Dourados e Iguatemi, registram m\u00ednimas de 22\u00b0C e m\u00e1ximas de 32\u00b0C. Na fronteira com o Paraguai, Ponta Por\u00e3 marca 22\u00b0C inicialmente e chega aos 31\u00b0C nos hor\u00e1rios mais quentes.<\/p>\n<p>No Bols\u00e3o, Tr\u00eas Lagoas amanhece com 23\u00b0C e atinge 34\u00b0C \u00e0 tarde; Parana\u00edba tem m\u00ednima de 22\u00b0C e m\u00e1xima de 33\u00b0C. Em Coxim, na regi\u00e3o Norte, os term\u00f4metros registram 22\u00b0C no in\u00edcio do dia e chegam aos 32\u00b0C.<\/p>\n<p>Aquidauana apresenta varia\u00e7\u00e3o entre 24\u00b0C e 33\u00b0C. No Sudoeste do estado, Porto Murtinho tem 23\u00b0C pela manh\u00e3, com m\u00e1xima que atinge at\u00e9 33\u00b0C ao longo do dia.<\/p>\n","protected":false},"excerpt":{"rendered":"<p>A previs\u00e3o do Cemtec (Centro de Monitoramento do Tempo e do Clima) para esta quarta-feira&#8230;<\/p>\n","protected":false},"author":6,"featured_media":11745851,"comment_status":"closed","ping_status":"closed","sticky":false,"template":"","format":"standard","meta":{"footnotes":""},"categories":[17],"tags":[209],"class_list":["post-11745849","post","type-post","status-publish","format-standard","has-post-thumbnail","hentry","category-meio-ambiente","tag-meio-ambiente"],"_links":{"self":[{"href":"https:\/\/www.corumbaonline.com.br\/news\/wp-json\/wp\/v2\/posts\/11745849","targetHints":{"allow":["GET"]}}],"collection":[{"href":"https:\/\/www.corumbaonline.com.br\/news\/wp-json\/wp\/v2\/posts"}],"about":[{"href":"https:\/\/www.corumbaonline.com.br\/news\/wp-json\/wp\/v2\/types\/post"}],"author":[{"embeddable":true,"href":"https:\/\/www.corumbaonline.com.br\/news\/wp-json\/wp\/v2\/users\/6"}],"replies":[{"embeddable":true,"href":"https:\/\/www.corumbaonline.com.br\/news\/wp-json\/wp\/v2\/comments?post=11745849"}],"version-history":[{"count":1,"href":"https:\/\/www.corumbaonline.com.br\/news\/wp-json\/wp\/v2\/posts\/11745849\/revisions"}],"predecessor-version":[{"id":11745852,"href":"https:\/\/www.corumbaonline.com.br\/news\/wp-json\/wp\/v2\/posts\/11745849\/revisions\/11745852"}],"wp:featuredmedia":[{"embeddable":true,"href":"https:\/\/www.corumbaonline.com.br\/news\/wp-json\/wp\/v2\/media\/11745851"}],"wp:attachment":[{"href":"https:\/\/www.corumbaonline.com.br\/news\/wp-json\/wp\/v2\/media?parent=11745849"}],"wp:term":[{"taxonomy":"category","embeddable":true,"href":"https:\/\/www.corumbaonline.com.br\/news\/wp-json\/wp\/v2\/categories?post=11745849"},{"taxonomy":"post_tag","embeddable":true,"href":"https:\/\/www.corumbaonline.com.br\/news\/wp-json\/wp\/v2\/tags?post=11745849"}],"curies":[{"name":"wp","href":"https:\/\/api.w.org\/{rel}","templated":true}]}}