{"id":11745857,"date":"2024-02-14T08:23:11","date_gmt":"2024-02-14T12:23:11","guid":{"rendered":"https:\/\/www.corumbaonline.com.br\/news\/?p=11745857"},"modified":"2024-02-14T08:23:14","modified_gmt":"2024-02-14T12:23:14","slug":"pf-usou-registros-do-alvorada-e-de-celulares-para-confirmar-relato-de-cid-sobre-minuta-do-golpe-veja-datas","status":"publish","type":"post","link":"https:\/\/www.corumbaonline.com.br\/news\/pf-usou-registros-do-alvorada-e-de-celulares-para-confirmar-relato-de-cid-sobre-minuta-do-golpe-veja-datas\/","title":{"rendered":"PF usou registros do Alvorada e de celulares para confirmar relato de Cid sobre minuta do golpe; veja datas"},"content":{"rendered":"<div id=\"chunk-bluio\">\n<div class=\"mc-column content-text active-extra-styles \" data-block-type=\"unstyled\" data-block-weight=\"70\" data-block-id=\"2\">\n<p class=\" content-text__container \" data-track-category=\"Link no Texto\" data-track-links=\"\">A\u00a0Pol\u00edcia Federal\u00a0(PF) usou dados de registros de celulares e de entrada e sa\u00edda do Pal\u00e1cio do Alvorada, resid\u00eancia oficial do presidente da Rep\u00fablica, na investiga\u00e7\u00e3o sobre uma minuta de decreto que previa a pris\u00e3o de Alexandre de Moraes, presidente do Tribunal Superior Eleitoral (TSE) e ministro do Supremo Tribunal Federal (STF), e a convoca\u00e7\u00e3o de novas elei\u00e7\u00f5es ap\u00f3s a derrota de\u00a0Jair Bolsonaro\u00a0(PL) na disputa de 2022.<\/p>\n<\/div>\n<\/div>\n<div class=\"wall protected-content\">\n<div id=\"chunk-a8u9a\">\n<div class=\"mc-column content-text active-extra-styles \" data-block-type=\"unstyled\" data-block-weight=\"11\" data-block-id=\"4\">\n<p class=\" content-text__container \" data-track-category=\"Link no Texto\" data-track-links=\"\">As informa\u00e7\u00f5es constam de um documento da investiga\u00e7\u00e3o obtido pelo\u00a0<strong>blog<\/strong>.<\/p>\n<\/div>\n<\/div>\n<div id=\"chunk-71asd\">\n<div class=\"mc-column content-text active-extra-styles \" data-block-type=\"unstyled\" data-block-weight=\"34\" data-block-id=\"5\">\n<p class=\" content-text__container \" data-track-category=\"Link no Texto\" data-track-links=\"\">A exist\u00eancia da minuta foi revelada \u00e0 PF pelo tenente-coronel Mauro Cid, que foi ajudante de ordens de Bolsonaro ao longo de todo o mandato, em dela\u00e7\u00e3o premiada homologada pelo Supremo Tribunal Federal (STF).<\/p>\n<\/div>\n<\/div>\n<div id=\"chunk-eipe3\">\n<div class=\"mc-column content-text active-extra-styles \" data-block-type=\"unstyled\" data-block-weight=\"40\" data-block-id=\"7\">\n<p class=\" content-text__container \" data-track-category=\"Link no Texto\" data-track-links=\"\">Registros da movimenta\u00e7\u00e3o no Alvorada e dados de Esta\u00e7\u00f5es R\u00e1dio Base (ERB) permitiram \u00e0 corpora\u00e7\u00e3o corroborar o relato de Cid e obter mais detalhes sobre participantes das discuss\u00f5es sobre a minuta do decreto e as formas como eles se comunicaram.<\/p>\n<\/div>\n<\/div>\n<div id=\"chunk-4rv0r\">\n<div class=\"mc-column content-text active-extra-styles \" data-block-type=\"unstyled\" data-block-weight=\"55\" data-block-id=\"8\">\n<p class=\" content-text__container \" data-track-category=\"Link no Texto\" data-track-links=\"\">A partir dessas informa\u00e7\u00f5es \u2013 e de dados descobertos no celular de Mauro Cid \u2013 , a PF afirma que Bolsonaro sabia da exist\u00eancia da minuta, pediu e fez ajustes no teor dela e a apresentou a militares tamb\u00e9m investigados por tentativa de golpe de Estado para manter o agora ex-presidente ilegalmente no poder.<\/p>\n<\/div>\n<\/div>\n<div id=\"chunk-3jqgj\">\n<div class=\"mc-column content-text active-extra-styles \" data-block-type=\"unstyled\" data-block-weight=\"17\" data-block-id=\"9\">\n<p class=\" content-text__container \" data-track-category=\"Link no Texto\" data-track-links=\"\">Segundo a PF, a cronologia foi a seguinte (<strong>clique nos links para ler mais sobre cada item<\/strong>)<\/p>\n<\/div>\n<\/div>\n<div id=\"chunk-fbiod\">\n<div class=\"mc-column content-text active-extra-styles\" data-block-type=\"raw\" data-block-weight=\"40\" data-block-id=\"10\">\n<ul class=\"content-unordered-list\">\n<li><a class=\"\" href=\"https:\/\/g1.globo.com\/politica\/blog\/andreia-sadi\/post\/2024\/02\/14\/pf-usou-registros-do-alvorada-e-de-celulares-para-confirmar-relato-de-cid-sobre-minuta-do-golpe-veja-datas.ghtml#1\"><strong>19 de novembro de 2022:<\/strong>\u00a0a minuta \u00e9 apresentada a Bolsonaro no Alvorada<\/a>;<\/li>\n<li><a class=\"\" href=\"https:\/\/g1.globo.com\/politica\/blog\/andreia-sadi\/post\/2024\/02\/14\/pf-usou-registros-do-alvorada-e-de-celulares-para-confirmar-relato-de-cid-sobre-minuta-do-golpe-veja-datas.ghtml#2\"><strong>7 de dezembro:<\/strong>\u00a0minuta \u00e9 apresentada a Bolsonaro e militares no Alvorada<\/a>;<\/li>\n<li><a class=\"\" href=\"https:\/\/g1.globo.com\/politica\/blog\/andreia-sadi\/post\/2024\/02\/14\/pf-usou-registros-do-alvorada-e-de-celulares-para-confirmar-relato-de-cid-sobre-minuta-do-golpe-veja-datas.ghtml#3\"><strong>9 de dezembro:<\/strong>\u00a0Bolsonaro enxuga pontos do decreto e apresenta a general que ofereceu tropas<\/a>;<\/li>\n<\/ul>\n<\/div>\n<\/div>\n<div id=\"chunk-ftokq\">\n<div class=\"mc-column content-text active-extra-styles\" data-block-type=\"raw\" data-block-weight=\"51\" data-block-id=\"11\">\n<blockquote class=\"content-blockquote theme-border-color-primary-before\"><p>&#8220;\u00c9 hoje o que ele fez hoje de manh\u00e3? Ele enxugou o decreto, n\u00e9? Aqueles considerandos que o senhor viu e enxugou o decreto, fez um decreto muito mais, \u00e9, resumido, n\u00e9?&#8221;, afirmou Cid ao ent\u00e3o comandante do Ex\u00e9rcito, general Freire Gomes, segundo os dados do Ex\u00e9rcito, em 9 de dezembro.<\/p><\/blockquote>\n<\/div>\n<\/div>\n<\/div>\n<div id=\"chunk-7k8le\">\n<div class=\"mc-column content-text active-extra-styles \" data-block-type=\"unstyled\" data-block-weight=\"22\" data-block-id=\"13\">\n<p class=\" content-text__container \" data-track-category=\"Link no Texto\" data-track-links=\"\">O decreto n\u00e3o chegou a ser publicado. A PF, agora, considera prioridade ouvir Freire Gomes para confirmar a cronologia da minuta golpista.<\/p>\n<\/div>\n<\/div>\n<div id=\"chunk-8iruo\">\n<div class=\"mc-column content-text active-extra-styles\" data-block-type=\"raw\" data-block-weight=\"8\" data-block-id=\"14\">\n<div class=\"content-intertitle\">\n<h2>19 de novembro: minuta \u00e9 apresentada ao Bolsonaro<\/h2>\n<\/div>\n<\/div>\n<\/div>\n<div id=\"chunk-es06j\">\n<div class=\"mc-column content-text active-extra-styles \" data-block-type=\"unstyled\" data-block-weight=\"50\" data-block-id=\"15\">\n<p class=\" content-text__container \" data-track-category=\"Link no Texto\" data-track-links=\"\">Em reuni\u00e3o no 19 de novembro de 2022, 20 dias ap\u00f3s o 2\u00ba turno da elei\u00e7\u00e3o que deu vit\u00f3ria a Lula (PT) Bolsonaro recebeu no Pal\u00e1cio do Alvorada o assessor da presid\u00eancia para assuntos internacionais, Filipe Martins, o advogado Amauri Saad e o padre Jos\u00e9 Eduardo de Oliveira e Silva.<\/p>\n<\/div>\n<\/div>\n<div id=\"chunk-5d3pk\">\n<div class=\"row medium-uncollapsed content-media content-photo\" data-block-type=\"backstage-photo\" data-block-id=\"16\">\n<div class=\" mc-column  content-media__container\">\n<div class=\"content-media-container glb-skeleton-box\">\n<figure class=\"content-media-figure\">\n<figure style=\"width: 1358px\" class=\"wp-caption alignnone\"><img loading=\"lazy\" decoding=\"async\" class=\"i-amphtml-fill-content i-amphtml-replaced-content\" src=\"https:\/\/s2-g1.glbimg.com\/s9geNfnA1wZA-gr7btudW8mL46Q=\/0x0:1375x887\/984x0\/smart\/filters:strip_icc()\/i.s3.glbimg.com\/v1\/AUTH_59edd422c0c84a879bd37670ae4f538a\/internal_photos\/bs\/2022\/j\/R\/pE1H3GT4OgAWNgf9PmkA\/palacio-da-alvorada.png\" sizes=\"auto, (max-width: 1184px) 648px, 100vw\" srcset=\"https:\/\/s2-g1.glbimg.com\/jDJUD2LgzJ1wdHr2g_WqOCM0YkM=\/0x0:1375x887\/1000x0\/smart\/filters:strip_icc()\/i.s3.glbimg.com\/v1\/AUTH_59edd422c0c84a879bd37670ae4f538a\/internal_photos\/bs\/2022\/j\/R\/pE1H3GT4OgAWNgf9PmkA\/palacio-da-alvorada.png 1000w, https:\/\/s2-g1.glbimg.com\/s9geNfnA1wZA-gr7btudW8mL46Q=\/0x0:1375x887\/984x0\/smart\/filters:strip_icc()\/i.s3.glbimg.com\/v1\/AUTH_59edd422c0c84a879bd37670ae4f538a\/internal_photos\/bs\/2022\/j\/R\/pE1H3GT4OgAWNgf9PmkA\/palacio-da-alvorada.png 984w, https:\/\/s2-g1.glbimg.com\/_GcNPYeuX6k-qo-83qtpudktybg=\/0x0:1375x887\/640x0\/smart\/filters:strip_icc()\/i.s3.glbimg.com\/v1\/AUTH_59edd422c0c84a879bd37670ae4f538a\/internal_photos\/bs\/2022\/j\/R\/pE1H3GT4OgAWNgf9PmkA\/palacio-da-alvorada.png 640w, https:\/\/s2-g1.glbimg.com\/vsl9BsOkGsEF-B5OTV-dhuNztJA=\/0x0:1375x887\/600x0\/smart\/filters:strip_icc()\/i.s3.glbimg.com\/v1\/AUTH_59edd422c0c84a879bd37670ae4f538a\/internal_photos\/bs\/2022\/j\/R\/pE1H3GT4OgAWNgf9PmkA\/palacio-da-alvorada.png 600w\" alt=\"Pal\u00e1cio da Alvorada, em Bras\u00edlia \u2014 Foto: Vin\u00edcius Cassela\" width=\"1358\" height=\"875\" \/><figcaption class=\"wp-caption-text\">Pal\u00e1cio da Alvorada, em Bras\u00edlia \u2014 Foto: Vin\u00edcius Cassela<\/figcaption><\/figure><br \/>\n<\/figure>\n<\/div>\n<\/div>\n<\/div>\n<\/div>\n<div id=\"chunk-c6of2\">\n<div class=\"mc-column content-text active-extra-styles \" data-block-type=\"unstyled\" data-block-weight=\"33\" data-block-id=\"18\">\n<p class=\" content-text__container \" data-track-category=\"Link no Texto\" data-track-links=\"\">Os nomes dos tr\u00eas aparecem nos registros de controle e de sa\u00edda do Pal\u00e1cio do Alvorada e os dados de seus celulares, no hist\u00f3rico das Esta\u00e7\u00e3o R\u00e1dio Base (ERB) da regi\u00e3o do im\u00f3vel.<\/p>\n<\/div>\n<\/div>\n<div id=\"chunk-2oi66\">\n<div class=\"mc-column content-text active-extra-styles \" data-block-type=\"unstyled\" data-block-weight=\"38\" data-block-id=\"19\">\n<p class=\" content-text__container \" data-track-category=\"Link no Texto\" data-track-links=\"\">Os dados de controle de entrada e de sa\u00edda do Alvorada indicam que Martins entrou pelo port\u00e3o principal \u00e0s 14h59, no mesmo hor\u00e1rio que o padre Jos\u00e9 Eduardo. Mauro Cid estava no Alvorada desde as 8h34 da manh\u00e3.<\/p>\n<\/div>\n<\/div>\n<div id=\"chunk-960oh\">\n<div class=\"mc-column content-text active-extra-styles \" data-block-type=\"unstyled\" data-block-weight=\"39\" data-block-id=\"20\">\n<p class=\" content-text__container \" data-track-category=\"Link no Texto\" data-track-links=\"\">Nesse encontro, foi apresentada ao ex-presidente a minuta de decreto que, segundo a investiga\u00e7\u00e3o da PF, detalhava diversos \u201cfundamentos dos atos a serem implementados\u201d em raz\u00e3o do que os apoiadores do presidente consideravam interfer\u00eancia do Judici\u00e1rio no Poder Executivo.<\/p>\n<\/div>\n<\/div>\n<div id=\"chunk-89u52\">\n<div class=\"mc-column content-text active-extra-styles \" data-block-type=\"unstyled\" data-block-weight=\"32\" data-block-id=\"21\">\n<p class=\" content-text__container \" data-track-category=\"Link no Texto\" data-track-links=\"\">A minuta pedia a pris\u00e3o dos ministros do STF Alexandre de Moraes e Gilmar Mendes, al\u00e9m do presidente do Senado, Rodrigo Pacheco (PSD-MG). O documento tamb\u00e9m previa a realiza\u00e7\u00e3o de novas elei\u00e7\u00f5es.<\/p>\n<\/div>\n<\/div>\n<div id=\"chunk-5cmgo\">\n<div class=\"mc-column content-text active-extra-styles \" data-block-type=\"unstyled\" data-block-weight=\"32\" data-block-id=\"22\">\n<p class=\" content-text__container \" data-track-category=\"Link no Texto\" data-track-links=\"\">Cid disse em dela\u00e7\u00e3o \u00e0 PF que, nesse encontro, Bolsonaro teria determinado a Martins alguns ajustes na minuta deste decreto, permanecendo apenas a pris\u00e3o de Moraes e a realiza\u00e7\u00e3o de novas elei\u00e7\u00f5es.<\/p>\n<\/div>\n<\/div>\n<div id=\"chunk-fcgnl\">\n<div class=\"mc-column content-text active-extra-styles\" data-block-type=\"raw\" data-block-weight=\"10\" data-block-id=\"26\">\n<div class=\"content-intertitle\">\n<h2>7 de dezembro: minuta com ajustes \u00e9 apresentada a militares<\/h2>\n<\/div>\n<\/div>\n<\/div>\n<div id=\"chunk-idbu\">\n<div class=\"row medium-uncollapsed content-media content-photo\" data-block-type=\"backstage-photo\" data-block-id=\"27\">\n<div class=\" mc-column  content-media__container\">\n<div class=\"content-media-container glb-skeleton-box\">\n<figure class=\"content-media-figure\">\n<figure style=\"width: 1358px\" class=\"wp-caption alignnone\"><img loading=\"lazy\" decoding=\"async\" class=\"i-amphtml-fill-content i-amphtml-replaced-content\" src=\"https:\/\/s2-g1.glbimg.com\/oKna07XT8dqGUs4z99fw1BXn-7k=\/0x0:2550x1573\/984x0\/smart\/filters:strip_icc()\/i.s3.glbimg.com\/v1\/AUTH_59edd422c0c84a879bd37670ae4f538a\/internal_photos\/bs\/2024\/h\/Y\/zNYjfQQ0WjBAjKvMiw8Q\/filipe-martins.jpg\" sizes=\"auto, (max-width: 1184px) 648px, 100vw\" srcset=\"https:\/\/s2-g1.glbimg.com\/FDGrqx3tlwUDaG2NJ3sBLq_Qjxs=\/0x0:2550x1573\/1000x0\/smart\/filters:strip_icc()\/i.s3.glbimg.com\/v1\/AUTH_59edd422c0c84a879bd37670ae4f538a\/internal_photos\/bs\/2024\/h\/Y\/zNYjfQQ0WjBAjKvMiw8Q\/filipe-martins.jpg 1000w, https:\/\/s2-g1.glbimg.com\/oKna07XT8dqGUs4z99fw1BXn-7k=\/0x0:2550x1573\/984x0\/smart\/filters:strip_icc()\/i.s3.glbimg.com\/v1\/AUTH_59edd422c0c84a879bd37670ae4f538a\/internal_photos\/bs\/2024\/h\/Y\/zNYjfQQ0WjBAjKvMiw8Q\/filipe-martins.jpg 984w, https:\/\/s2-g1.glbimg.com\/05LIQ5Vq_e10sEIoEH-hWXeT7Jw=\/0x0:2550x1573\/640x0\/smart\/filters:strip_icc()\/i.s3.glbimg.com\/v1\/AUTH_59edd422c0c84a879bd37670ae4f538a\/internal_photos\/bs\/2024\/h\/Y\/zNYjfQQ0WjBAjKvMiw8Q\/filipe-martins.jpg 640w, https:\/\/s2-g1.glbimg.com\/-NSNhM7l3RLO5Oi8tKGRtT6YMO4=\/0x0:2550x1573\/600x0\/smart\/filters:strip_icc()\/i.s3.glbimg.com\/v1\/AUTH_59edd422c0c84a879bd37670ae4f538a\/internal_photos\/bs\/2024\/h\/Y\/zNYjfQQ0WjBAjKvMiw8Q\/filipe-martins.jpg 600w\" alt=\"Filipe Martins, ex-assessor de Bolsonaro, foi preso em investiga\u00e7\u00e3o sobre plano golpista \u2014 Foto: Nilton Fukuda\/Estad\u00e3o Conte\u00fado\" width=\"1358\" height=\"837\" \/><figcaption class=\"wp-caption-text\">Filipe Martins, ex-assessor de Bolsonaro, foi preso em investiga\u00e7\u00e3o sobre plano golpista \u2014 Foto: Nilton Fukuda\/Estad\u00e3o Conte\u00fado<\/figcaption><\/figure><br \/>\n<\/figure>\n<\/div>\n<\/div>\n<\/div>\n<\/div>\n<div id=\"chunk-frq6o\">\n<div class=\"mc-column content-text active-extra-styles \" data-block-type=\"unstyled\" data-block-weight=\"57\" data-block-id=\"29\">\n<p class=\" content-text__container \" data-track-category=\"Link no Texto\" data-track-links=\"\">Filipe Martins retornou ao Pal\u00e1cio do Alvorada em 7 de dezembro com a minuta ajustada a pedido de Bolsonaro. Neste encontro, segundo a PF, o ex-presidente aprovou as altera\u00e7\u00f5es. A nova vers\u00e3o exclu\u00eda as pris\u00f5es de Gilmar Mendes e Rodrigo Pacheco, mas mantinha a de Alexandre de Moraes, al\u00e9m da ordem de realiza\u00e7\u00e3o de novas elei\u00e7\u00f5es.<\/p>\n<\/div>\n<\/div>\n<div id=\"chunk-80ou0\">\n<div class=\"mc-column content-text active-extra-styles \" data-block-type=\"unstyled\" data-block-weight=\"36\" data-block-id=\"30\">\n<p class=\" content-text__container \" data-track-category=\"Link no Texto\" data-track-links=\"\">No mesmo dia, Bolsonaro pediu uma reuni\u00e3o para apresentar a minuta do decreto ao general Freire Gomes, comandante do Ex\u00e9rcito, ao almirante Garnier Santos, comandante da Marinha, e ao ministro da Defesa, Paulo S\u00e9rgio Nogueira.<\/p>\n<\/div>\n<\/div>\n<div id=\"chunk-98bp3\">\n<div class=\"mc-column content-text active-extra-styles \" data-block-type=\"unstyled\" data-block-weight=\"15\" data-block-id=\"31\">\n<p class=\" content-text__container \" data-track-category=\"Link no Texto\" data-track-links=\"\">No encontro, Filipe Martins apresentou ponto a ponto as informa\u00e7\u00f5es da minuta, segundo a PF.<\/p>\n<\/div>\n<\/div>\n<div id=\"chunk-1slte\">\n<div class=\"mc-column content-text active-extra-styles \" data-block-type=\"unstyled\" data-block-weight=\"47\" data-block-id=\"32\">\n<p class=\" content-text__container \" data-track-category=\"Link no Texto\" data-track-links=\"\">H\u00e1 registros no controle de entrada e de sa\u00edda de Freire Gomes, Garnier e Nogueira no Alvorada em 7 de dezembro. O ent\u00e3o ministro da Defesa chegou \u00e0s 8h25 da manh\u00e3, enquanto o general e o almirante chegaram \u00e0s 8h34. Filipe Martins chegou neste mesmo hor\u00e1rio.<\/p>\n<\/div>\n<\/div>\n<div id=\"chunk-7o95v\">\n<div class=\"mc-column content-text active-extra-styles \" data-block-type=\"unstyled\" data-block-weight=\"66\" data-block-id=\"33\">\n<p class=\" content-text__container \" data-track-category=\"Link no Texto\" data-track-links=\"\">O nome de Saad n\u00e3o aparece no registro deste dia, mas a PF afirma que conseguiu identificar que o celular do advogado aparece na ERB que abrange o Pal\u00e1cio do Alvorada no mesmo per\u00edodo em que Martins, Garnier, Freire Gomes e Nogueira estiveram na resid\u00eancia oficial. Segundo a PF, tal fato indica que o advogado possa ter entrado no Pal\u00e1cio do Alvorada sem ter sido registrado.<\/p>\n<\/div>\n<\/div>\n<div id=\"chunk-esrl7\">\n<div class=\"mc-column content-text active-extra-styles \" data-block-type=\"unstyled\" data-block-weight=\"19\" data-block-id=\"35\">\n<p class=\" content-text__container \" data-track-category=\"Link no Texto\" data-track-links=\"\">Neste 7 de dezembro, os registros de entrada e de sa\u00edda do Alvorada ainda mostram, tamb\u00e9m as seguintes visitas:<\/p>\n<\/div>\n<\/div>\n<div id=\"chunk-1qf48\">\n<div class=\"mc-column content-text active-extra-styles\" data-block-type=\"raw\" data-block-weight=\"67\" data-block-id=\"36\">\n<ul class=\"content-unordered-list\">\n<li><strong>T\u00e9rcio Arnaud:<\/strong>\u00a0ex-assessor de Bolsonaro, considerado um dos pilares do chamado \u201cgabinete do \u00f3dio\u201d &#8211; Ele entrou \u00e0s 7h26 e saio \u00e0s 20h49, ou seja, esteve no hor\u00e1rio em que se tratou sobre a minuta;<\/li>\n<li><strong>Sergio Rocha Cordeiro:<\/strong>\u00a0ex-assessor de Bolsonaro\u00a0<a class=\"\" href=\"https:\/\/g1.globo.com\/df\/distrito-federal\/noticia\/2022\/10\/14\/assessor-de-bolsonaro-que-abrigava-lives-perde-imovel-funcional-na-asa-norte-em-brasilia.ghtml\">que cedia seu im\u00f3vel funcional em Bras\u00edlia para o ex-presidente fazer lives<\/a>. Ele chegou ao Alvorada \u00e0s 7h20. N\u00e3o h\u00e1 registro de sa\u00edda para este dia.<\/li>\n<\/ul>\n<\/div>\n<\/div>\n<div id=\"chunk-4gis5\">\n<div class=\"mc-column content-text active-extra-styles\" data-block-type=\"raw\" data-block-weight=\"15\" data-block-id=\"37\">\n<div class=\"content-intertitle\">\n<h2>9 de dezembro: Bolsonaro enxuga pontos do decreto e apresenta a general que ofereceu tropas<\/h2>\n<\/div>\n<\/div>\n<\/div>\n<div id=\"chunk-99cas\">\n<div class=\"mc-column content-text active-extra-styles \" data-block-type=\"unstyled\" data-block-weight=\"21\" data-block-id=\"39\">\n<p class=\" content-text__container \" data-track-category=\"Link no Texto\" data-track-links=\"\">Em 9 de dezembro, a investiga\u00e7\u00e3o afirma que Bolsonaro fez alguns ajustes na minuta do decreto para enxugar pontos do texto.<\/p>\n<\/div>\n<\/div>\n<div id=\"chunk-69a3k\">\n<div class=\"mc-column content-text active-extra-styles \" data-block-type=\"unstyled\" data-block-weight=\"62\" data-block-id=\"40\">\n<p class=\" content-text__container \" data-track-category=\"Link no Texto\" data-track-links=\"\">Nesse dia, Bolsnaro se reuniu no<strong>\u00a0Pal\u00e1cio da Alvorada<\/strong>\u00a0com o general Theophilo Gaspar de Oliveira, ent\u00e3o comandante de Opera\u00e7\u00f5es Terrestres e que, segundo a PF, estava disposto a cumprir as determina\u00e7\u00f5es relacionadas ao golpe de Estado se Bolsonaro assinasse o decreto. Dados encaminhados pelo GSI comprovam a presen\u00e7a do general no Pal\u00e1cio do Alvorada, chegando \u00e0s 18h25 e saindo \u00e0s 19h18.<\/p>\n<\/div>\n<\/div>\n<div id=\"chunk-9f4t1\">\n<div class=\"row medium-uncollapsed content-media content-photo\" data-block-type=\"backstage-photo\" data-block-id=\"41\">\n<div class=\" mc-column  content-media__container\">\n<div class=\"content-media-container glb-skeleton-box\">\n<figure class=\"content-media-figure\">\n<figure style=\"width: 1358px\" class=\"wp-caption alignnone\"><img loading=\"lazy\" decoding=\"async\" class=\"i-amphtml-fill-content i-amphtml-replaced-content\" src=\"https:\/\/s2-g1.glbimg.com\/tzNNCDK68_oIH1beR0_04PqvQMM=\/0x0:5236x3491\/984x0\/smart\/filters:strip_icc()\/i.s3.glbimg.com\/v1\/AUTH_59edd422c0c84a879bd37670ae4f538a\/internal_photos\/bs\/2024\/F\/v\/VwVGVTSSWUfxoNplCNAQ\/2023-12-01-sio-146.jpg\" sizes=\"auto, (max-width: 1184px) 648px, 100vw\" srcset=\"https:\/\/s2-g1.glbimg.com\/GLoJPcmGOimuDd72Tdui5O3QAow=\/0x0:5236x3491\/1000x0\/smart\/filters:strip_icc()\/i.s3.glbimg.com\/v1\/AUTH_59edd422c0c84a879bd37670ae4f538a\/internal_photos\/bs\/2024\/F\/v\/VwVGVTSSWUfxoNplCNAQ\/2023-12-01-sio-146.jpg 1000w, https:\/\/s2-g1.glbimg.com\/tzNNCDK68_oIH1beR0_04PqvQMM=\/0x0:5236x3491\/984x0\/smart\/filters:strip_icc()\/i.s3.glbimg.com\/v1\/AUTH_59edd422c0c84a879bd37670ae4f538a\/internal_photos\/bs\/2024\/F\/v\/VwVGVTSSWUfxoNplCNAQ\/2023-12-01-sio-146.jpg 984w, https:\/\/s2-g1.glbimg.com\/UJLcXetvwqjccigGDWdKsMtsPTM=\/0x0:5236x3491\/640x0\/smart\/filters:strip_icc()\/i.s3.glbimg.com\/v1\/AUTH_59edd422c0c84a879bd37670ae4f538a\/internal_photos\/bs\/2024\/F\/v\/VwVGVTSSWUfxoNplCNAQ\/2023-12-01-sio-146.jpg 640w, https:\/\/s2-g1.glbimg.com\/hF-YbkTWOX-y2jdtn33rW7s23Vs=\/0x0:5236x3491\/600x0\/smart\/filters:strip_icc()\/i.s3.glbimg.com\/v1\/AUTH_59edd422c0c84a879bd37670ae4f538a\/internal_photos\/bs\/2024\/F\/v\/VwVGVTSSWUfxoNplCNAQ\/2023-12-01-sio-146.jpg 600w\" alt=\"O general 4 estrelas Estevam Theophilo Gaspar de Oliveira em cerim\u00f4nia de transmiss\u00e3o do cargo de Comandante de Opera\u00e7\u00f5es Terrestres em 1\u00ba de dezembro de 2023. \u2014 Foto: Comunica\u00e7\u00e3o Social do Comando de Opera\u00e7\u00f5es Terrestres\" width=\"1358\" height=\"905\" \/><figcaption class=\"wp-caption-text\">O general 4 estrelas Estevam Theophilo Gaspar de Oliveira em cerim\u00f4nia de transmiss\u00e3o do cargo de Comandante de Opera\u00e7\u00f5es Terrestres em 1\u00ba de dezembro de 2023. \u2014 Foto: Comunica\u00e7\u00e3o Social do Comando de Opera\u00e7\u00f5es Terrestres<\/figcaption><\/figure><br \/>\n<\/figure>\n<\/div>\n<\/div>\n<\/div>\n<\/div>\n<div id=\"chunk-4ni95\">\n<div class=\"mc-column content-text active-extra-styles \" data-block-type=\"unstyled\" data-block-weight=\"31\" data-block-id=\"42\">\n<p class=\" content-text__container \" data-track-category=\"Link no Texto\" data-track-links=\"\">Cid ficou entre 9h45 e 20h23 no Alvorada nesse dia. Dentro desse per\u00edodo, ele mandou uma mensagem ao comandante do Ex\u00e9rcito, Freire Gomes, pelo aplicativo de comunica\u00e7\u00e3o UNA, usado pelo Ex\u00e9rcito.<\/p>\n<\/div>\n<\/div>\n<div id=\"chunk-9avt7\">\n<div class=\"mc-column content-text active-extra-styles\" data-block-type=\"raw\" data-block-weight=\"50\" data-block-id=\"44\">\n<blockquote class=\"content-blockquote theme-border-color-primary-before\"><p>&#8220;O presidente tem recebido v\u00e1rias press\u00f5es para tomar uma medida mais pesada onde ele vai, obviamente, utilizando as for\u00e7as, n\u00e9?\u201d, disse Cid. &#8220;E hoje o que ele fez hoje de manh\u00e3? Ele enxugou o decreto, n\u00e9? Aqueles considerandos que o senhor viu e enxugou o decreto, fez um decreto muito<\/p><\/blockquote>\n<\/div>\n<\/div>\n<div id=\"chunk-cr4pp\">\n<div class=\"mc-column content-text active-extra-styles \" data-block-type=\"unstyled\" data-block-weight=\"45\" data-block-id=\"45\">\n<p class=\" content-text__container \" data-track-category=\"Link no Texto\" data-track-links=\"\">Cid contou no \u00e1udio analisado pela PF que Bolsonaro, ap\u00f3s enxugar a minuta de golpe de Estado, iria falar com o general Theophilo, dando a entender que a\u00a0<strong>ades\u00e3o do comandante era um dos elementos essenciais para o \u00eaxito do plano que estava em andamento<\/strong>.<\/p>\n<\/div>\n<\/div>\n<div id=\"chunk-slse\">\n<div class=\"mc-column content-text active-extra-styles \" data-block-type=\"unstyled\" data-block-weight=\"44\" data-block-id=\"46\">\n<p class=\" content-text__container \" data-track-category=\"Link no Texto\" data-track-links=\"\">O comandante tinha sob sua administra\u00e7\u00e3o o maior contingente de tropas do Ex\u00e9rcito, al\u00e9m das unidades de For\u00e7as Especiais e Operacionais que, de acordo com o plano tra\u00e7ado, seriam utilizadas para executar a\u00e7\u00f5es sens\u00edveis, como a pris\u00e3o do ministro do STF Alexandre de Moraes.<\/p>\n<\/div>\n<\/div>\n<div id=\"chunk-2p5e1\">\n<div class=\"mc-column content-text active-extra-styles\" data-block-type=\"raw\" data-block-weight=\"49\" data-block-id=\"47\">\n<blockquote class=\"content-blockquote theme-border-color-primary-before\"><p>&#8220;E o que ele comentou de falar com o general Theophilo. Na verdade, ele quer conversar&#8221;. Por fim, Cid adverte Freire Gomes que se a &#8220;for\u00e7a n\u00e3o incendiar, o status quo mantem a\u00ed como o que est\u00e1 previsto, que estava sendo feito (&#8230;)&#8221;, aponta os \u00e1udios obtidos pela PF.<\/p><\/blockquote>\n<\/div>\n<\/div>\n<div id=\"chunk-30v4\">\n<div class=\"mc-column content-text active-extra-styles \" data-block-type=\"unstyled\" data-block-weight=\"40\" data-block-id=\"48\">\n<p class=\" content-text__container \" data-track-category=\"Link no Texto\" data-track-links=\"\">No mesmo dia,\u00a0<a class=\"\" href=\"https:\/\/g1.globo.com\/politica\/noticia\/2022\/12\/09\/bolsonaro-rompe-semanas-de-silencio-e-fala-com-apoiadores-na-frente-do-palacio-da-alvorada.ghtml\">Bolsonaro falou com apoiadores na frente do Alvorada depois de semanas de sil\u00eancio ap\u00f3s perder as elei\u00e7\u00f5es presidenciais e falou sobre a necessidade do apoio dos seus apoiadores para &#8220;decidir para onde as For\u00e7as Armadas v\u00e3o&#8221;.<\/a><\/p>\n<\/div>\n<\/div>\n<div id=\"chunk-fucq5\">\n<div class=\"mc-column content-text active-extra-styles\" data-block-type=\"raw\" data-block-weight=\"38\" data-block-id=\"50\">\n<blockquote class=\"content-blockquote theme-border-color-primary-before\"><p>&#8220;E hoje est\u00e3o vivendo um momento crucial, uma encruzilhada, um destino que o povo tem que tomar. Quem decide o meu futuro, para onde eu vou, s\u00e3o voc\u00eas. Quem decide para onde vai as For\u00e7as Armadas s\u00e3o voc\u00eas&#8221;<\/p><\/blockquote>\n<\/div>\n<\/div>\n<div id=\"chunk-k4kt\">\n<div class=\"mc-column content-text active-extra-styles \" data-block-type=\"unstyled\" data-block-weight=\"54\" data-block-id=\"51\">\n<p class=\" content-text__container \" data-track-category=\"Link no Texto\" data-track-links=\"\">A investiga\u00e7\u00e3o da PF afirma que o discurso nesse dia foi feito para \u201cmanter a esperan\u00e7a dos manifestantes de que o ent\u00e3o Presidente da Rep\u00fablica, juntamente com as For\u00e7as Armadas iriam tomar uma atitude para reverter o resultado das elei\u00e7\u00f5es presidenciais, para atender o \u201capelo popular&#8221;, fato que efetivamente estava em curso naquele momento\u201d.<\/p>\n<\/div>\n<\/div>\n<div id=\"chunk-42vm2\">\n<div class=\"mc-column content-text active-extra-styles\" data-block-type=\"raw\" data-block-weight=\"4\" data-block-id=\"52\">\n<div class=\"content-intertitle\">\n<h2>O que diz Bolsonaro<\/h2>\n<\/div>\n<\/div>\n<\/div>\n<div id=\"chunk-druig\">\n<div class=\"row medium-uncollapsed content-media content-photo\" data-block-type=\"backstage-photo\" data-block-id=\"53\">\n<div class=\" mc-column  content-media__container\">\n<div class=\"content-media-container glb-skeleton-box\">\n<figure class=\"content-media-figure\">\n<figure style=\"width: 1358px\" class=\"wp-caption alignnone\"><img loading=\"lazy\" decoding=\"async\" class=\"i-amphtml-fill-content i-amphtml-replaced-content\" src=\"https:\/\/s2-g1.glbimg.com\/9PGzQw1Uzap4pYw8skzmO1EtHxg=\/0x0:3671x2449\/984x0\/smart\/filters:strip_icc()\/i.s3.glbimg.com\/v1\/AUTH_59edd422c0c84a879bd37670ae4f538a\/internal_photos\/bs\/2024\/2\/7\/AeHtBgQtCJs7SCMbDpEA\/2024-02-08t220137z-2-lynxmpek170y3-rtroptp-4-brazil-election.jpg\" sizes=\"auto, (max-width: 1184px) 648px, 100vw\" srcset=\"https:\/\/s2-g1.glbimg.com\/W-PW4f06hXLJ0zejC3m5r8rMdZM=\/0x0:3671x2449\/1000x0\/smart\/filters:strip_icc()\/i.s3.glbimg.com\/v1\/AUTH_59edd422c0c84a879bd37670ae4f538a\/internal_photos\/bs\/2024\/2\/7\/AeHtBgQtCJs7SCMbDpEA\/2024-02-08t220137z-2-lynxmpek170y3-rtroptp-4-brazil-election.jpg 1000w, https:\/\/s2-g1.glbimg.com\/9PGzQw1Uzap4pYw8skzmO1EtHxg=\/0x0:3671x2449\/984x0\/smart\/filters:strip_icc()\/i.s3.glbimg.com\/v1\/AUTH_59edd422c0c84a879bd37670ae4f538a\/internal_photos\/bs\/2024\/2\/7\/AeHtBgQtCJs7SCMbDpEA\/2024-02-08t220137z-2-lynxmpek170y3-rtroptp-4-brazil-election.jpg 984w, https:\/\/s2-g1.glbimg.com\/2HL0NQRsqgKQ9WBHrGd8XvtY68U=\/0x0:3671x2449\/640x0\/smart\/filters:strip_icc()\/i.s3.glbimg.com\/v1\/AUTH_59edd422c0c84a879bd37670ae4f538a\/internal_photos\/bs\/2024\/2\/7\/AeHtBgQtCJs7SCMbDpEA\/2024-02-08t220137z-2-lynxmpek170y3-rtroptp-4-brazil-election.jpg 640w, https:\/\/s2-g1.glbimg.com\/rthRhjAjo-RXSrfJ4f863WB03uM=\/0x0:3671x2449\/600x0\/smart\/filters:strip_icc()\/i.s3.glbimg.com\/v1\/AUTH_59edd422c0c84a879bd37670ae4f538a\/internal_photos\/bs\/2024\/2\/7\/AeHtBgQtCJs7SCMbDpEA\/2024-02-08t220137z-2-lynxmpek170y3-rtroptp-4-brazil-election.jpg 600w\" alt=\"Ex-presidente Jair Bolsonaro 04\/10\/2022 \u2014 Foto: REUTERS\/Adriano Machado\" width=\"1358\" height=\"905\" \/><figcaption class=\"wp-caption-text\">Ex-presidente Jair Bolsonaro 04\/10\/2022 \u2014 Foto: REUTERS\/Adriano Machado<\/figcaption><\/figure><br \/>\n<\/figure>\n<\/div>\n<\/div>\n<\/div>\n<\/div>\n<div id=\"chunk-dg3am\">\n<div class=\"mc-column content-text active-extra-styles \" data-block-type=\"unstyled\" data-block-weight=\"50\" data-block-id=\"54\">\n<p class=\" content-text__container \" data-track-category=\"Link no Texto\" data-track-links=\"\">Ap\u00f3s a<a class=\"\" href=\"https:\/\/g1.globo.com\/politica\/blog\/andreia-sadi\/post\/2024\/02\/08\/pf-operacao-assessor-bolsonaro.ghtml\"><strong>\u00a0opera\u00e7\u00e3o da Pol\u00edcia Federal realizada no dia 8 de fevereiro<\/strong><\/a>, que teve como alvo militares e ex-ministros de seu governo, a defesa do ex-presidente disse que Jair Bolsonaro \u201cjamais compactuou com qualquer movimento que visasse a desconstru\u00e7\u00e3o do Estado Democr\u00e1tico de Direito ou as institui\u00e7\u00f5es que o pavimentam&#8221;.<\/p>\n<\/div>\n<\/div>\n<div id=\"chunk-1pqmd\">\n<div class=\"mc-column content-text active-extra-styles \" data-block-type=\"unstyled\" data-block-weight=\"50\" data-block-id=\"56\">\n<p class=\" content-text__container \" data-track-category=\"Link no Texto\" data-track-links=\"\">Os advogados tamb\u00e9m comentaram sobre um<a class=\"\" href=\"http:\/\/oblema-de-visao-do-ex-presidente-o-fez-imprimir-minuta-do-golpe.ghtml\/\" target=\"_blank\" rel=\"noopener\"><strong>\u00a0<\/strong><\/a><a class=\"\" href=\"https:\/\/g1.globo.com\/politica\/blog\/julia-duailibi\/post\/2024\/02\/09\/defesa-de-bolsonaro-diz-a-moraes-que-problema-de-visao-do-ex-presidente-o-fez-imprimir-minuta-do-golpe.ghtml\"><strong>outro documento de cunho golpista encontrado no gabinete do ex-presidente<\/strong><\/a>, no PL, e que \u00e9 diferente do decreto discutido no Alvorada. Segundo a defesa, esse outro documento havia sido impresso para que ele &#8220;pudesse tomar conhecimento\u201d de materiais mencionados na investiga\u00e7\u00e3o da Pol\u00edcia Federal.<\/p>\n<\/div>\n<\/div>\n<div id=\"chunk-ps2b\">\n<div class=\"mc-column content-text active-extra-styles \" data-block-type=\"unstyled\" data-block-weight=\"39\" data-block-id=\"57\">\n<p class=\" content-text__container \" data-track-category=\"Link no Texto\" data-track-links=\"\">&#8220;O ex-presidente \u2014 desconhecendo o conte\u00fado de tais minutas \u2014 solicitou ao seu advogado criminalista, Dr. Paulo Amador da Cunha Bueno, que as encaminhasse em seu aplicativo de mensagens, para que pudesse tomar conhecimento do material dos referidos arquivos&#8221;<\/p>\n<\/div>\n<\/div>\n<div id=\"chunk-aupq3\">\n<div class=\"mc-column content-text active-extra-styles \" data-block-type=\"unstyled\" data-block-weight=\"30\" data-block-id=\"58\">\n<p class=\" content-text__container \" data-track-category=\"Link no Texto\" data-track-links=\"\">&#8220;A impress\u00e3o provavelmente permaneceu no local da dilig\u00eancia de busca e apreens\u00e3o havida na data de hoje, que alcan\u00e7ou inclusive o gabinete do ex-presidente, raz\u00e3o porque l\u00e1 foi apreendido&#8221;, acrescentaram.<\/p>\n<\/div>\n<\/div>\n<div id=\"chunk-57r8k\">\n<div class=\"mc-column content-text active-extra-styles \" data-block-type=\"unstyled\" data-block-weight=\"26\" data-block-id=\"59\">\n<p class=\" content-text__container \" data-track-category=\"Link no Texto\" data-track-links=\"\">Em nota, a defesa tamb\u00e9m criticou a medida, determinada por Alexandre de Moraes, que apreendeu o passaporte do ex-presidente. Segundo eles, a determina\u00e7\u00e3o foi &#8220;absolutamente desnecess\u00e1ria&#8221;.<\/p>\n<\/div>\n<\/div>\n","protected":false},"excerpt":{"rendered":"<p>A\u00a0Pol\u00edcia Federal\u00a0(PF) usou dados de registros de celulares e de entrada e sa\u00edda do Pal\u00e1cio&#8230;<\/p>\n","protected":false},"author":3,"featured_media":11745859,"comment_status":"closed","ping_status":"closed","sticky":false,"template":"","format":"standard","meta":{"footnotes":""},"categories":[18],"tags":[249],"class_list":["post-11745857","post","type-post","status-publish","format-standard","has-post-thumbnail","hentry","category-seguranca","tag-seguranca"],"_links":{"self":[{"href":"https:\/\/www.corumbaonline.com.br\/news\/wp-json\/wp\/v2\/posts\/11745857","targetHints":{"allow":["GET"]}}],"collection":[{"href":"https:\/\/www.corumbaonline.com.br\/news\/wp-json\/wp\/v2\/posts"}],"about":[{"href":"https:\/\/www.corumbaonline.com.br\/news\/wp-json\/wp\/v2\/types\/post"}],"author":[{"embeddable":true,"href":"https:\/\/www.corumbaonline.com.br\/news\/wp-json\/wp\/v2\/users\/3"}],"replies":[{"embeddable":true,"href":"https:\/\/www.corumbaonline.com.br\/news\/wp-json\/wp\/v2\/comments?post=11745857"}],"version-history":[{"count":1,"href":"https:\/\/www.corumbaonline.com.br\/news\/wp-json\/wp\/v2\/posts\/11745857\/revisions"}],"predecessor-version":[{"id":11745860,"href":"https:\/\/www.corumbaonline.com.br\/news\/wp-json\/wp\/v2\/posts\/11745857\/revisions\/11745860"}],"wp:featuredmedia":[{"embeddable":true,"href":"https:\/\/www.corumbaonline.com.br\/news\/wp-json\/wp\/v2\/media\/11745859"}],"wp:attachment":[{"href":"https:\/\/www.corumbaonline.com.br\/news\/wp-json\/wp\/v2\/media?parent=11745857"}],"wp:term":[{"taxonomy":"category","embeddable":true,"href":"https:\/\/www.corumbaonline.com.br\/news\/wp-json\/wp\/v2\/categories?post=11745857"},{"taxonomy":"post_tag","embeddable":true,"href":"https:\/\/www.corumbaonline.com.br\/news\/wp-json\/wp\/v2\/tags?post=11745857"}],"curies":[{"name":"wp","href":"https:\/\/api.w.org\/{rel}","templated":true}]}}