{"id":11745980,"date":"2024-02-16T08:24:00","date_gmt":"2024-02-16T12:24:00","guid":{"rendered":"https:\/\/www.corumbaonline.com.br\/news\/?p=11745980"},"modified":"2024-02-16T09:04:51","modified_gmt":"2024-02-16T13:04:51","slug":"com-atuacao-coordenada-por-terra-e-ar-bombeiros-de-ms-controlam-incendio-no-pantanal","status":"publish","type":"post","link":"https:\/\/www.corumbaonline.com.br\/news\/com-atuacao-coordenada-por-terra-e-ar-bombeiros-de-ms-controlam-incendio-no-pantanal\/","title":{"rendered":"Com atua\u00e7\u00e3o coordenada por terra e ar, bombeiros de MS controlam inc\u00eandio no Pantanal"},"content":{"rendered":"<p>A opera\u00e7\u00e3o do Corpo de Bombeiros para combater o inc\u00eandio florestal na Serra do Amolar, no Pantanal, em Mato Grosso do Sul, foi encerrada na sexta-feira (9), ap\u00f3s 12 dias de trabalho por terra e ar.<\/p>\n<p>Os bombeiros passaram a atuar na \u00e1rea no dia 29 de janeiro, dois dias ap\u00f3s o fogo ser identificado, e no dia 1\u00b0 de fevereiro o GOA (Grupamento de Opera\u00e7\u00f5es A\u00e9reas) iniciou o combate a\u00e9reo das chamas \u2013 com o empenho da aeronave \u2018air tractor\u2019 que lan\u00e7ou \u00e1gua em locais onde os bombeiros, em solo, n\u00e3o conseguiam acessar.<\/p>\n<p>Uma equipe de bombeiros militares permaneceu na regi\u00e3o atingida pelas chamas, para garantir o monitoramento, mas houve a desmobiliza\u00e7\u00e3o h\u00e1 seis dias. Desde o in\u00edcio da semana, ap\u00f3s o controle do inc\u00eandio florestal, a \u00e1rea foi tomada por fuma\u00e7a, oriunda do estado do Mato Grosso, onde tamb\u00e9m ocorre inc\u00eandio florestal.<\/p>\n<p>A atua\u00e7\u00e3o contou com o trabalho de 18 militares no local, al\u00e9m da equipe de apoio do sistema de comando de incidentes, composta por sete militares, totalizando 25 bombeiros. Foram utilizadas tr\u00eas aeronaves &#8211; para transporte de pessoal, equipamentos e combate com \u00e1gua -, uma embarca\u00e7\u00e3o &#8211; tamb\u00e9m utilizada para transportar pessoal, equipamentos e insumos -, materiais tipo sopradores, abafadores e bombas costais, al\u00e9m de tecnologia como drones, smartphones e starlink, tudo para tornar o combate mais efetivo.<\/p>\n<div id=\"gallery-1\" class=\"gallery galleryid-465347 gallery-columns-3 gallery-size-full\">\n<figure class=\"gallery-item\">\n<div class=\"gallery-icon landscape\"><a href=\"https:\/\/agenciadenoticias.ms.gov.br\/wp-content\/uploads\/2024\/02\/serra-do-amolar_pantanal-3_fev-24_atuacao-bombeiros_natalia-yahn.jpeg\"><img loading=\"lazy\" decoding=\"async\" class=\"attachment-full size-full\" src=\"https:\/\/agenciadenoticias.ms.gov.br\/wp-content\/uploads\/2024\/02\/serra-do-amolar_pantanal-3_fev-24_atuacao-bombeiros_natalia-yahn.jpeg\" sizes=\"auto, (max-width: 1600px) 100vw, 1600px\" srcset=\"https:\/\/agenciadenoticias.ms.gov.br\/wp-content\/uploads\/2024\/02\/serra-do-amolar_pantanal-3_fev-24_atuacao-bombeiros_natalia-yahn.jpeg 1600w, https:\/\/agenciadenoticias.ms.gov.br\/wp-content\/uploads\/2024\/02\/serra-do-amolar_pantanal-3_fev-24_atuacao-bombeiros_natalia-yahn-300x225.jpeg 300w, https:\/\/agenciadenoticias.ms.gov.br\/wp-content\/uploads\/2024\/02\/serra-do-amolar_pantanal-3_fev-24_atuacao-bombeiros_natalia-yahn-1024x768.jpeg 1024w, https:\/\/agenciadenoticias.ms.gov.br\/wp-content\/uploads\/2024\/02\/serra-do-amolar_pantanal-3_fev-24_atuacao-bombeiros_natalia-yahn-768x576.jpeg 768w, https:\/\/agenciadenoticias.ms.gov.br\/wp-content\/uploads\/2024\/02\/serra-do-amolar_pantanal-3_fev-24_atuacao-bombeiros_natalia-yahn-1536x1152.jpeg 1536w, https:\/\/agenciadenoticias.ms.gov.br\/wp-content\/uploads\/2024\/02\/serra-do-amolar_pantanal-3_fev-24_atuacao-bombeiros_natalia-yahn-320x240.jpeg 320w\" alt=\"\" width=\"1600\" height=\"1200\" \/><\/a><\/div>\n<\/figure>\n<figure class=\"gallery-item\">\n<div class=\"gallery-icon landscape\"><a href=\"https:\/\/agenciadenoticias.ms.gov.br\/wp-content\/uploads\/2024\/02\/Pantanal_Serra-Amolar_incendio-abastecimento-agua-aviao-01-fev-2023_Natalia-Yahn.jpeg\"><img loading=\"lazy\" decoding=\"async\" class=\"attachment-full size-full\" src=\"https:\/\/agenciadenoticias.ms.gov.br\/wp-content\/uploads\/2024\/02\/Pantanal_Serra-Amolar_incendio-abastecimento-agua-aviao-01-fev-2023_Natalia-Yahn.jpeg\" sizes=\"auto, (max-width: 1600px) 100vw, 1600px\" srcset=\"https:\/\/agenciadenoticias.ms.gov.br\/wp-content\/uploads\/2024\/02\/Pantanal_Serra-Amolar_incendio-abastecimento-agua-aviao-01-fev-2023_Natalia-Yahn.jpeg 1600w, https:\/\/agenciadenoticias.ms.gov.br\/wp-content\/uploads\/2024\/02\/Pantanal_Serra-Amolar_incendio-abastecimento-agua-aviao-01-fev-2023_Natalia-Yahn-300x225.jpeg 300w, https:\/\/agenciadenoticias.ms.gov.br\/wp-content\/uploads\/2024\/02\/Pantanal_Serra-Amolar_incendio-abastecimento-agua-aviao-01-fev-2023_Natalia-Yahn-1024x768.jpeg 1024w, https:\/\/agenciadenoticias.ms.gov.br\/wp-content\/uploads\/2024\/02\/Pantanal_Serra-Amolar_incendio-abastecimento-agua-aviao-01-fev-2023_Natalia-Yahn-768x576.jpeg 768w, https:\/\/agenciadenoticias.ms.gov.br\/wp-content\/uploads\/2024\/02\/Pantanal_Serra-Amolar_incendio-abastecimento-agua-aviao-01-fev-2023_Natalia-Yahn-1536x1152.jpeg 1536w, https:\/\/agenciadenoticias.ms.gov.br\/wp-content\/uploads\/2024\/02\/Pantanal_Serra-Amolar_incendio-abastecimento-agua-aviao-01-fev-2023_Natalia-Yahn-320x240.jpeg 320w\" alt=\"\" width=\"1600\" height=\"1200\" \/><\/a><\/div>\n<\/figure>\n<figure class=\"gallery-item\">\n<div class=\"gallery-icon landscape\"><a href=\"https:\/\/agenciadenoticias.ms.gov.br\/wp-content\/uploads\/2024\/02\/Pantanal_Serra-Amolar_incendio-02-fev-2023_Natalia-Yahn.jpeg\"><img loading=\"lazy\" decoding=\"async\" class=\"attachment-full size-full\" src=\"https:\/\/agenciadenoticias.ms.gov.br\/wp-content\/uploads\/2024\/02\/Pantanal_Serra-Amolar_incendio-02-fev-2023_Natalia-Yahn.jpeg\" sizes=\"auto, (max-width: 1600px) 100vw, 1600px\" srcset=\"https:\/\/agenciadenoticias.ms.gov.br\/wp-content\/uploads\/2024\/02\/Pantanal_Serra-Amolar_incendio-02-fev-2023_Natalia-Yahn.jpeg 1600w, https:\/\/agenciadenoticias.ms.gov.br\/wp-content\/uploads\/2024\/02\/Pantanal_Serra-Amolar_incendio-02-fev-2023_Natalia-Yahn-300x225.jpeg 300w, https:\/\/agenciadenoticias.ms.gov.br\/wp-content\/uploads\/2024\/02\/Pantanal_Serra-Amolar_incendio-02-fev-2023_Natalia-Yahn-1024x768.jpeg 1024w, https:\/\/agenciadenoticias.ms.gov.br\/wp-content\/uploads\/2024\/02\/Pantanal_Serra-Amolar_incendio-02-fev-2023_Natalia-Yahn-768x576.jpeg 768w, https:\/\/agenciadenoticias.ms.gov.br\/wp-content\/uploads\/2024\/02\/Pantanal_Serra-Amolar_incendio-02-fev-2023_Natalia-Yahn-1536x1152.jpeg 1536w, https:\/\/agenciadenoticias.ms.gov.br\/wp-content\/uploads\/2024\/02\/Pantanal_Serra-Amolar_incendio-02-fev-2023_Natalia-Yahn-320x240.jpeg 320w\" alt=\"\" width=\"1600\" height=\"1200\" \/><\/a><\/div>\n<\/figure>\n<\/div>\n<p><a href=\"https:\/\/agenciadenoticias.ms.gov.br\/wp-content\/uploads\/2024\/02\/incendio-4-serra-amolar_pantanal-fev-2024_teo-pini.jpeg\"><img loading=\"lazy\" decoding=\"async\" class=\"aligncenter size-full wp-image-464544\" src=\"https:\/\/agenciadenoticias.ms.gov.br\/wp-content\/uploads\/2024\/02\/incendio-4-serra-amolar_pantanal-fev-2024_teo-pini.jpeg\" sizes=\"auto, (max-width: 1600px) 100vw, 1600px\" srcset=\"https:\/\/agenciadenoticias.ms.gov.br\/wp-content\/uploads\/2024\/02\/incendio-4-serra-amolar_pantanal-fev-2024_teo-pini.jpeg 1600w, https:\/\/agenciadenoticias.ms.gov.br\/wp-content\/uploads\/2024\/02\/incendio-4-serra-amolar_pantanal-fev-2024_teo-pini-300x169.jpeg 300w, https:\/\/agenciadenoticias.ms.gov.br\/wp-content\/uploads\/2024\/02\/incendio-4-serra-amolar_pantanal-fev-2024_teo-pini-1024x576.jpeg 1024w, https:\/\/agenciadenoticias.ms.gov.br\/wp-content\/uploads\/2024\/02\/incendio-4-serra-amolar_pantanal-fev-2024_teo-pini-768x432.jpeg 768w, https:\/\/agenciadenoticias.ms.gov.br\/wp-content\/uploads\/2024\/02\/incendio-4-serra-amolar_pantanal-fev-2024_teo-pini-1536x864.jpeg 1536w, https:\/\/agenciadenoticias.ms.gov.br\/wp-content\/uploads\/2024\/02\/incendio-4-serra-amolar_pantanal-fev-2024_teo-pini-350x197.jpeg 350w\" alt=\"\" width=\"1600\" height=\"900\" \/><\/a><\/p>\n<p>A \u00e1rea queimada ultrapassou 4 mil hectares e o controle das chamas foi poss\u00edvel devido a atua\u00e7\u00e3o coordenada por terra e ar.<\/p>\n<p>Foram lan\u00e7ados mais de 50 mil litros de \u00e1gua pela aeronave para combater as chamas. Ap\u00f3s o controle desse inc\u00eandio, uma de nossas guarni\u00e7\u00f5es permaneceu no local para monitoramento e interagindo com a comunidade local e ribeirinha da Serra do Amolar.<\/p>\n<p><a href=\"https:\/\/agenciadenoticias.ms.gov.br\/bombeiros-de-ms-combatem-incendio-no-pantanal-cobertura-completa-aqui\/\">O uso das aeronaves no combate ao inc\u00eandio,\u00a0al\u00e9m do apoio com uso de tecnologias, contribuiu para o trabalho do Corpo de Bombeiros.<\/a>\u00a0A atua\u00e7\u00e3o a\u00e9rea \u00e9 realizada de forma organizada com o combate \u00e0s chamas em solo. A a\u00e7\u00e3o conjunta contribuiu para controlar o fogo, que \u00e9 at\u00edpico nesta \u00e9poca do ano.<\/p>\n<p><strong>Semin\u00e1rio<\/strong><\/p>\n<p>A Semadesc (Secretaria de Estado de Meio Ambiente, Desenvolvimento, Ci\u00eancia e Tecnologia) e o Comit\u00ea do Fogo de MS (Comit\u00ea Interinstitucional de Preven\u00e7\u00e3o e Combate aos Inc\u00eandios Florestais de Mato Grosso do Sul) realizam na pr\u00f3xima semana \u2013 nos dias 21 e 22 de fevereiro \u2013, o 1\u00ba Semin\u00e1rio de Preven\u00e7\u00e3o aos Inc\u00eandios Florestais de Mato Grosso do Sul voltado \u00e0s entidades e popula\u00e7\u00e3o em geral.<\/p>\n<p>Na ocasi\u00e3o tamb\u00e9m acontece o encontro de Bombeiros Militares para realiza\u00e7\u00e3o do balan\u00e7o operacional das a\u00e7\u00f5es relativas \u00e0 temporada de inc\u00eandios florestais de 2023, com avalia\u00e7\u00e3o dos servi\u00e7os prestados, e formula\u00e7\u00e3o de atividades e a\u00e7\u00f5es para o ano de 2024.<\/p>\n<p>Os interessados em participar podem se inscrever, at\u00e9 a pr\u00f3xima segunda-feira (19), nos eventos presenciais \u2013\u00a0<a href=\"https:\/\/docs.google.com\/forms\/d\/e\/1FAIpQLSfCheY4tJyXC9P1g-jdp076-yZ65ePgJUIiH3MFLjkeh2mLJA\/viewform\">clicando aqui<\/a>\u00a0\u2013, que ser\u00e3o realizados no Centro de Conven\u00e7\u00f5es Rubens Gil de Camillo.<\/p>\n","protected":false},"excerpt":{"rendered":"<p>A opera\u00e7\u00e3o do Corpo de Bombeiros para combater o inc\u00eandio florestal na Serra do Amolar,&#8230;<\/p>\n","protected":false},"author":13,"featured_media":11745982,"comment_status":"closed","ping_status":"closed","sticky":false,"template":"","format":"standard","meta":{"footnotes":""},"categories":[8,17,18],"tags":[209],"class_list":["post-11745980","post","type-post","status-publish","format-standard","has-post-thumbnail","hentry","category-destaque","category-meio-ambiente","category-seguranca","tag-meio-ambiente"],"_links":{"self":[{"href":"https:\/\/www.corumbaonline.com.br\/news\/wp-json\/wp\/v2\/posts\/11745980","targetHints":{"allow":["GET"]}}],"collection":[{"href":"https:\/\/www.corumbaonline.com.br\/news\/wp-json\/wp\/v2\/posts"}],"about":[{"href":"https:\/\/www.corumbaonline.com.br\/news\/wp-json\/wp\/v2\/types\/post"}],"author":[{"embeddable":true,"href":"https:\/\/www.corumbaonline.com.br\/news\/wp-json\/wp\/v2\/users\/13"}],"replies":[{"embeddable":true,"href":"https:\/\/www.corumbaonline.com.br\/news\/wp-json\/wp\/v2\/comments?post=11745980"}],"version-history":[{"count":1,"href":"https:\/\/www.corumbaonline.com.br\/news\/wp-json\/wp\/v2\/posts\/11745980\/revisions"}],"predecessor-version":[{"id":11745983,"href":"https:\/\/www.corumbaonline.com.br\/news\/wp-json\/wp\/v2\/posts\/11745980\/revisions\/11745983"}],"wp:featuredmedia":[{"embeddable":true,"href":"https:\/\/www.corumbaonline.com.br\/news\/wp-json\/wp\/v2\/media\/11745982"}],"wp:attachment":[{"href":"https:\/\/www.corumbaonline.com.br\/news\/wp-json\/wp\/v2\/media?parent=11745980"}],"wp:term":[{"taxonomy":"category","embeddable":true,"href":"https:\/\/www.corumbaonline.com.br\/news\/wp-json\/wp\/v2\/categories?post=11745980"},{"taxonomy":"post_tag","embeddable":true,"href":"https:\/\/www.corumbaonline.com.br\/news\/wp-json\/wp\/v2\/tags?post=11745980"}],"curies":[{"name":"wp","href":"https:\/\/api.w.org\/{rel}","templated":true}]}}