{"id":11746010,"date":"2024-02-16T17:58:42","date_gmt":"2024-02-16T21:58:42","guid":{"rendered":"https:\/\/www.corumbaonline.com.br\/news\/?p=11746010"},"modified":"2024-02-16T17:58:44","modified_gmt":"2024-02-16T21:58:44","slug":"aulas-nas-escolas-da-rede-municipal-comecam-na-segunda-feira-19-de-fevereiro","status":"publish","type":"post","link":"https:\/\/www.corumbaonline.com.br\/news\/aulas-nas-escolas-da-rede-municipal-comecam-na-segunda-feira-19-de-fevereiro\/","title":{"rendered":"Aulas nas escolas da Rede Municipal come\u00e7am na segunda-feira, 19 de fevereiro"},"content":{"rendered":"<p>As aulas nas escolas urbanas da Rede Municipal de Ensino (REME) de Corumb\u00e1, para o ano letivo de 2024, come\u00e7am na segunda-feira, 19 de fevereiro. S\u00e3o aproximadamente 15 mil alunos matriculados. Em raz\u00e3o de particularidades log\u00edsticas, as datas de retorno diferem em algumas localidades.<\/p>\n<p>O Calend\u00e1rio Escolar sugestivo para o Ensino Fundamental e a Educa\u00e7\u00e3o de Jovens e Adultos (EJA) ter\u00e1 a dura\u00e7\u00e3o de 246 dias no ano escolar, sendo: 200 dias letivos distribu\u00eddos em quatro bimestres; 800 horas anuais\/Ensino Regular; 1.400 horas anuais\/Educa\u00e7\u00e3o Integral; 800 horas anuais\/1\u00aa e 2\u00aa fase da EJA; 800 horas anuais\/3\u00aa e 4\u00aa fase da EJA.<\/p>\n<p>De acordo com a Secretaria Municipal de Educa\u00e7\u00e3o (Semed), diversas escolas passaram por manuten\u00e7\u00e3o, sendo realizados os mais variados tipos de servi\u00e7os, com pintura, reparos no telhado, na fia\u00e7\u00e3o, no sistema hidr\u00e1ulico; readequa\u00e7\u00f5es de carteiras escolares entre outros.<\/p>\n<p><strong>Datas de retorno<\/strong><\/p>\n<p>*Todas as escolas urbanas \u2013 19\/02<\/p>\n<p>*EMRE Integral Eutr\u00f3pia Gomes Pedroso e EMRE Integral Luiz de Albuquerque \u2013 19\/02<\/p>\n<p>*Extens\u00f5es de Dif\u00edcil Acesso da EMREI Luiz de Albuquerque \u2013 04\/03***<\/p>\n<p><em>(Extens\u00f5es de Albuquerque em regi\u00f5es de dif\u00edcil acesso: Est\u00e2ncia Esmeralda; Passo do Lontra; Porto da Manga; S\u00e3o Francisco do Pau Arcado)<\/em><\/p>\n<p>*EMR Polo Carlos C\u00e1rcano,; EMR Paiolzinho, EMREI Polo Monte Azul &#8211; 26\/02<\/p>\n<p>*\u00c1guas \u2013 04\/03<\/p>\n","protected":false},"excerpt":{"rendered":"<p>As aulas nas escolas urbanas da Rede Municipal de Ensino (REME) de Corumb\u00e1, para o&#8230;<\/p>\n","protected":false},"author":70,"featured_media":11746012,"comment_status":"closed","ping_status":"closed","sticky":false,"template":"","format":"standard","meta":{"footnotes":""},"categories":[8,10],"tags":[194],"class_list":["post-11746010","post","type-post","status-publish","format-standard","has-post-thumbnail","hentry","category-destaque","category-educacao","tag-educacao"],"_links":{"self":[{"href":"https:\/\/www.corumbaonline.com.br\/news\/wp-json\/wp\/v2\/posts\/11746010","targetHints":{"allow":["GET"]}}],"collection":[{"href":"https:\/\/www.corumbaonline.com.br\/news\/wp-json\/wp\/v2\/posts"}],"about":[{"href":"https:\/\/www.corumbaonline.com.br\/news\/wp-json\/wp\/v2\/types\/post"}],"author":[{"embeddable":true,"href":"https:\/\/www.corumbaonline.com.br\/news\/wp-json\/wp\/v2\/users\/70"}],"replies":[{"embeddable":true,"href":"https:\/\/www.corumbaonline.com.br\/news\/wp-json\/wp\/v2\/comments?post=11746010"}],"version-history":[{"count":1,"href":"https:\/\/www.corumbaonline.com.br\/news\/wp-json\/wp\/v2\/posts\/11746010\/revisions"}],"predecessor-version":[{"id":11746013,"href":"https:\/\/www.corumbaonline.com.br\/news\/wp-json\/wp\/v2\/posts\/11746010\/revisions\/11746013"}],"wp:featuredmedia":[{"embeddable":true,"href":"https:\/\/www.corumbaonline.com.br\/news\/wp-json\/wp\/v2\/media\/11746012"}],"wp:attachment":[{"href":"https:\/\/www.corumbaonline.com.br\/news\/wp-json\/wp\/v2\/media?parent=11746010"}],"wp:term":[{"taxonomy":"category","embeddable":true,"href":"https:\/\/www.corumbaonline.com.br\/news\/wp-json\/wp\/v2\/categories?post=11746010"},{"taxonomy":"post_tag","embeddable":true,"href":"https:\/\/www.corumbaonline.com.br\/news\/wp-json\/wp\/v2\/tags?post=11746010"}],"curies":[{"name":"wp","href":"https:\/\/api.w.org\/{rel}","templated":true}]}}