{"id":11747116,"date":"2024-03-05T10:05:00","date_gmt":"2024-03-05T14:05:00","guid":{"rendered":"https:\/\/www.corumbaonline.com.br\/news\/?p=11747116"},"modified":"2024-03-05T11:31:55","modified_gmt":"2024-03-05T15:31:55","slug":"fundtur-promove-e-divulga-ms-na-maior-feira-de-turismo-do-mundo","status":"publish","type":"post","link":"https:\/\/www.corumbaonline.com.br\/news\/fundtur-promove-e-divulga-ms-na-maior-feira-de-turismo-do-mundo\/","title":{"rendered":"Fundtur promove e divulga MS na maior feira de turismo do mundo"},"content":{"rendered":"<p>De 5 a 7 de mar\u00e7o, a Fundtur (Funda\u00e7\u00e3o de Turismo de Mato Grosso do Sul) representar\u00e1 o Estado na Alemanha durante a maior feira de turismo do mundo: a ITB Berlim. A presen\u00e7a de MS \u00e9 uma das a\u00e7\u00f5es estrat\u00e9gicas para promover e divulgar o Estado como importante destino de ecoturismo e turismo de aventura para o p\u00fablico internacional.<\/p>\n<p>\u201cMato Grosso do Sul est\u00e1 sempre presente na ITB, considerada a maior feira de turismo do mundo e onde est\u00e1 um dos nossos principais mercados que \u00e9 o alem\u00e3o, assim como todo o mercado europeu. \u00c9 uma feira altamente produtiva, onde vamos ter reuni\u00f5es com operadores internacionais e j\u00e1 pr\u00e9-agendadas com parceiros como a ATTA e com outros que trabalharemos novos projetos\u201d, destaca Bruno Wendling, diretor-presidente da FundturMS.<\/p>\n<p>Conforme dados do Observat\u00f3rio e Turismo de Bonito, dos turistas europeus que mais visitaram o destino em 2023, os alem\u00e3es foram o 2\u00ba maior p\u00fablico. Os holandeses aparecem em 1\u00ba,\u00a0 franceses em 3\u00ba e ingleses em 4\u00ba lugar. E no Pantanal, de acordo com a\u00a0<a href=\"https:\/\/alumia.tur.br\/\">plataforma de dados Alumia<\/a>, a Alemanha \u00e9 o segundo pa\u00eds europeu que mais visitou a regi\u00e3o por via terrestre.<\/p>\n<p>\u201cFaremos tamb\u00e9m uma ativa\u00e7\u00e3o com a Rota Gastron\u00f4mica Pantaneira, com o chef Paulo Machado, e entendemos que isso nos d\u00e1 um ganho de posicionamento. A expectativa de participa\u00e7\u00e3o de Mato Grosso do Sul na feira \u00e9 muito boa, pois estamos indo com muita efetividade e tamb\u00e9m teremos empres\u00e1rios pantaneiros e representantes de Bonito numa mesa pr\u00f3pria, ao lado da nossa. O Estado estar\u00e1 bem forte e representado pelos nossos dois principais destinos tur\u00edsticos\u201d, enfatiza Wendling.<\/p>\n<p>A FundturMS ter\u00e1 um posto de trabalho no estande da Embratur para atendimentos e reuni\u00f5es. E no dia 7 de mar\u00e7o, das 12h30 \u00e0s 13h30, promover\u00e1 no mesmo estande um\u00a0<em>Cooking Show<\/em>\u00a0com o Chef Paulo Machado.<\/p>\n<p><strong>A ITB<\/strong><\/p>\n<p>H\u00e1 mais de 50 anos, a ITB Berlim promove networking e eventos de tend\u00eancias, seja em formato virtual, presencial ou h\u00edbrido. E 2024, o evento presencial re\u00fane cerca de 10 mil expositores de 180 pa\u00edses, al\u00e9m de mil compradores e 160 mil visitantes.<\/p>\n<p>Sob o lema \u201cPioneiro na Transi\u00e7\u00e3o em Viagens e Turismo\u201d, a confer\u00eancia mais importante da ind\u00fastria de viagens leva ao mercado tend\u00eancias globais, principais especialistas e exemplos atuais de melhores pr\u00e1ticas. Ser\u00e3o tr\u00eas dias de palestras, pain\u00e9is de discuss\u00e3o, exemplos de melhores pr\u00e1ticas, entrevistas com especialistas e pr\u00eamios em t\u00f3picos inovadores, como tecnologia de viagens, marketing e vendas, viagens futuras, MICE, sustentabilidade, gest\u00e3o de destinos, hospitalidade, responsabilidade social, viagens de neg\u00f3cios, trabalho futuro e muito mais.<\/p>\n","protected":false},"excerpt":{"rendered":"<p>De 5 a 7 de mar\u00e7o, a Fundtur (Funda\u00e7\u00e3o de Turismo de Mato Grosso do&#8230;<\/p>\n","protected":false},"author":13,"featured_media":11747118,"comment_status":"closed","ping_status":"closed","sticky":false,"template":"","format":"standard","meta":{"footnotes":""},"categories":[23],"tags":[],"class_list":["post-11747116","post","type-post","status-publish","format-standard","has-post-thumbnail","hentry","category-turismo"],"_links":{"self":[{"href":"https:\/\/www.corumbaonline.com.br\/news\/wp-json\/wp\/v2\/posts\/11747116","targetHints":{"allow":["GET"]}}],"collection":[{"href":"https:\/\/www.corumbaonline.com.br\/news\/wp-json\/wp\/v2\/posts"}],"about":[{"href":"https:\/\/www.corumbaonline.com.br\/news\/wp-json\/wp\/v2\/types\/post"}],"author":[{"embeddable":true,"href":"https:\/\/www.corumbaonline.com.br\/news\/wp-json\/wp\/v2\/users\/13"}],"replies":[{"embeddable":true,"href":"https:\/\/www.corumbaonline.com.br\/news\/wp-json\/wp\/v2\/comments?post=11747116"}],"version-history":[{"count":1,"href":"https:\/\/www.corumbaonline.com.br\/news\/wp-json\/wp\/v2\/posts\/11747116\/revisions"}],"predecessor-version":[{"id":11747119,"href":"https:\/\/www.corumbaonline.com.br\/news\/wp-json\/wp\/v2\/posts\/11747116\/revisions\/11747119"}],"wp:featuredmedia":[{"embeddable":true,"href":"https:\/\/www.corumbaonline.com.br\/news\/wp-json\/wp\/v2\/media\/11747118"}],"wp:attachment":[{"href":"https:\/\/www.corumbaonline.com.br\/news\/wp-json\/wp\/v2\/media?parent=11747116"}],"wp:term":[{"taxonomy":"category","embeddable":true,"href":"https:\/\/www.corumbaonline.com.br\/news\/wp-json\/wp\/v2\/categories?post=11747116"},{"taxonomy":"post_tag","embeddable":true,"href":"https:\/\/www.corumbaonline.com.br\/news\/wp-json\/wp\/v2\/tags?post=11747116"}],"curies":[{"name":"wp","href":"https:\/\/api.w.org\/{rel}","templated":true}]}}