{"id":11747578,"date":"2024-03-15T18:52:21","date_gmt":"2024-03-15T22:52:21","guid":{"rendered":"https:\/\/www.corumbaonline.com.br\/news\/?p=11747578"},"modified":"2024-03-15T19:29:05","modified_gmt":"2024-03-15T23:29:05","slug":"mato-grosso-do-sul-recebe-primeira-remessa-da-vacina-contra-influenza-com-108-mil-doses","status":"publish","type":"post","link":"https:\/\/www.corumbaonline.com.br\/news\/mato-grosso-do-sul-recebe-primeira-remessa-da-vacina-contra-influenza-com-108-mil-doses\/","title":{"rendered":"Mato Grosso do Sul recebe primeira remessa da vacina contra Influenza com 108 mil doses"},"content":{"rendered":"\n<p>O Governo de Mato Grosso do Sul, por meio da SES (Secretaria de Estado de Sa\u00fade), recebeu nesta sexta-feira (15) do Minist\u00e9rio da Sa\u00fade a primeira remessa da vacina contra Influenza, com 108 mil doses para atender os 79 munic\u00edpios do Estado.<\/p>\n\n\n\n<p>Os imunizantes chegaram \u00e0 sede da coordenadoria de Imuniza\u00e7\u00e3o da SES no final da tarde e, a partir da pr\u00f3xima segunda-feira (18), as doses estar\u00e3o liberadas para a retirada pelos munic\u00edpios.<\/p>\n\n\n\n<p>A coordenadora de Imuniza\u00e7\u00e3o da SES, Ana Paula Goldfinger, explica que o objetivo da 26\u00aa Campanha Nacional de Vacina\u00e7\u00e3o contra a Influenza \u00e9 reduzir as complica\u00e7\u00f5es, interna\u00e7\u00f5es e ainda a mortalidade decorrente das infec\u00e7\u00f5es pelo v\u00edrus Influenza na popula\u00e7\u00e3o.<\/p>\n\n\n\n<p>\u201cA sugest\u00e3o do Minist\u00e9rio da Sa\u00fade \u00e9 que a campanha n\u00e3o seja iniciada por grupos priorit\u00e1rios, mas que seja aberta ao grupo priorit\u00e1rio total. O Minist\u00e9rio coloca que a campanha seja iniciada no dia 25 de mar\u00e7o, por\u00e9m assim que o estado receber as doses n\u00f3s j\u00e1 daremos in\u00edcio a campanha de vacina\u00e7\u00e3o, talvez apenas o tempo do munic\u00edpio se organizar, porque precisamos liberar as vacinas, liberar os insumos que s\u00e3o seringas e agulhas. Lembrando que cada munic\u00edpio tem a sua prioridade, ent\u00e3o dar\u00e1 o in\u00edcio de acordo com o que consegue executar dentro do seu territ\u00f3rio\u201d, afirma Goldfinger.<\/p>\n\n\n\n<p>Tradicionalmente realizada em todo o Brasil entre os meses de abril e maio, neste ano, a campanha ter\u00e1 in\u00edcio em mar\u00e7o, em raz\u00e3o do aumento da circula\u00e7\u00e3o de v\u00edrus respirat\u00f3rios no pa\u00eds.<\/p>\n\n\n\n<p>A vacina utilizada \u00e9 trivalente, ou seja, apresenta tr\u00eas tipos de cepas de v\u00edrus em combina\u00e7\u00e3o \u2013 A (H1N1); A (H3N2) e B (linhagem B\/Victoria) \u2013 protegendo contra os principais v\u00edrus em circula\u00e7\u00e3o no Brasil.<\/p>\n\n\n\n<p>A vacina contra Influenza pode ser administrada na mesma ocasi\u00e3o de outros imunizantes do Calend\u00e1rio Nacional de Vacina\u00e7\u00e3o. Em Mato Grosso do Sul a popula\u00e7\u00e3o alvo s\u00e3o de 1.148.407 pessoas. Ap\u00f3s seu in\u00edcio, a 26\u00aa Campanha Nacional de Vacina\u00e7\u00e3o contra a Influenza segue at\u00e9 o dia 31 de maio no estado. O \u2018Dia D\u2019 de mobiliza\u00e7\u00e3o est\u00e1 previsto para o dia 15 de abril.<\/p>\n\n\n\n<p><strong>Podem se vacinar:&nbsp;<\/strong><\/p>\n\n\n\n<ul class=\"wp-block-list\">\n<li>Crian\u00e7as de 6 meses a menores de 6 anos;<\/li>\n\n\n\n<li>Crian\u00e7as ind\u00edgenas de 6 meses a menores de 9 anos;<\/li>\n\n\n\n<li>Trabalhadores da Sa\u00fade;<\/li>\n\n\n\n<li>Gestantes;<\/li>\n\n\n\n<li>Pu\u00e9rperas;<\/li>\n\n\n\n<li>Professores dos ensinos b\u00e1sico e superior;<\/li>\n\n\n\n<li>Povos ind\u00edgenas;<\/li>\n\n\n\n<li>Idosos com 60 anos ou mais;<\/li>\n\n\n\n<li>Pessoas em situa\u00e7\u00e3o de rua;<\/li>\n\n\n\n<li>Profissionais das for\u00e7as de seguran\u00e7a e de salvamento;<\/li>\n\n\n\n<li>Profissionais das For\u00e7as Armadas;<\/li>\n\n\n\n<li>Pessoas com doen\u00e7as cr\u00f4nicas n\u00e3o transmiss\u00edveis e outras condi\u00e7\u00f5es cl\u00ednicas especiais (independentemente da idade);<\/li>\n\n\n\n<li>Pessoas com defici\u00eancia permanente;<\/li>\n\n\n\n<li>Caminhoneiros;<\/li>\n\n\n\n<li>Trabalhadores do transporte rodovi\u00e1rio coletivo (urbano e de longo curso);<\/li>\n\n\n\n<li>Trabalhadores portu\u00e1rios<\/li>\n\n\n\n<li>Funcion\u00e1rios do sistema de priva\u00e7\u00e3o de liberdade;<\/li>\n\n\n\n<li>Popula\u00e7\u00e3o privada de liberdade, al\u00e9m de adolescentes e jovens sob medidas socioeducativas (entre 12 e 21 anos).<\/li>\n<\/ul>\n\n\n\n<p>Crian\u00e7as que v\u00e3o receber o imunizante pela primeira vez dever\u00e3o tomar duas doses, com um intervalo de 30 dias.<\/p>\n\n\n\n<figure class=\"wp-block-video\"><video height=\"848\" style=\"aspect-ratio: 480 \/ 848;\" width=\"480\" controls src=\"https:\/\/www.corumbaonline.com.br\/news\/wp-content\/uploads\/2024\/03\/Ana-Paula-Goldfinger-coordenadora-de-Imunizacao-da-SES-doses-vacina-contra-Influenza.mp4\"><\/video><\/figure>\n","protected":false},"excerpt":{"rendered":"<p>O Governo de Mato Grosso do Sul, por meio da SES (Secretaria de Estado de&#8230;<\/p>\n","protected":false},"author":13,"featured_media":11747590,"comment_status":"closed","ping_status":"closed","sticky":false,"template":"","format":"standard","meta":{"footnotes":""},"categories":[8,21],"tags":[],"class_list":["post-11747578","post","type-post","status-publish","format-standard","has-post-thumbnail","hentry","category-destaque","category-saude"],"_links":{"self":[{"href":"https:\/\/www.corumbaonline.com.br\/news\/wp-json\/wp\/v2\/posts\/11747578","targetHints":{"allow":["GET"]}}],"collection":[{"href":"https:\/\/www.corumbaonline.com.br\/news\/wp-json\/wp\/v2\/posts"}],"about":[{"href":"https:\/\/www.corumbaonline.com.br\/news\/wp-json\/wp\/v2\/types\/post"}],"author":[{"embeddable":true,"href":"https:\/\/www.corumbaonline.com.br\/news\/wp-json\/wp\/v2\/users\/13"}],"replies":[{"embeddable":true,"href":"https:\/\/www.corumbaonline.com.br\/news\/wp-json\/wp\/v2\/comments?post=11747578"}],"version-history":[{"count":1,"href":"https:\/\/www.corumbaonline.com.br\/news\/wp-json\/wp\/v2\/posts\/11747578\/revisions"}],"predecessor-version":[{"id":11747581,"href":"https:\/\/www.corumbaonline.com.br\/news\/wp-json\/wp\/v2\/posts\/11747578\/revisions\/11747581"}],"wp:featuredmedia":[{"embeddable":true,"href":"https:\/\/www.corumbaonline.com.br\/news\/wp-json\/wp\/v2\/media\/11747590"}],"wp:attachment":[{"href":"https:\/\/www.corumbaonline.com.br\/news\/wp-json\/wp\/v2\/media?parent=11747578"}],"wp:term":[{"taxonomy":"category","embeddable":true,"href":"https:\/\/www.corumbaonline.com.br\/news\/wp-json\/wp\/v2\/categories?post=11747578"},{"taxonomy":"post_tag","embeddable":true,"href":"https:\/\/www.corumbaonline.com.br\/news\/wp-json\/wp\/v2\/tags?post=11747578"}],"curies":[{"name":"wp","href":"https:\/\/api.w.org\/{rel}","templated":true}]}}