{"id":11747591,"date":"2024-03-16T10:00:00","date_gmt":"2024-03-16T14:00:00","guid":{"rendered":"https:\/\/www.corumbaonline.com.br\/news\/?p=11747591"},"modified":"2024-03-16T15:17:18","modified_gmt":"2024-03-16T19:17:18","slug":"prefeito-destaca-consolidacao-do-festival-internacional-de-pesca-esportiva-de-corumba","status":"publish","type":"post","link":"https:\/\/www.corumbaonline.com.br\/news\/prefeito-destaca-consolidacao-do-festival-internacional-de-pesca-esportiva-de-corumba\/","title":{"rendered":"Prefeito destaca consolida\u00e7\u00e3o do Festival Internacional de Pesca Esportiva de Corumb\u00e1"},"content":{"rendered":"<p>O prefeito Marcelo Iunes abriu oficialmente o Festival Internacional de Pesca Esportiva de Corumb\u00e1 (FIPEC 2024) na noite desta sexta-feira, 15 de mar\u00e7o. A primeira-dama e secret\u00e1ria Municipal de Assist\u00eancia Social e Cidadania, Amanda Balancieri Iunes, participou da cerim\u00f4nia realizada no palco montado na Ferradura do Porto Geral.<\/p>\n<p>\u201cNossas equipes se empenharam para realizar um Festival ainda melhor. Este ano tivemos recorde na inscri\u00e7\u00e3o de crian\u00e7as para o Festival de Pesca Infantil, que acontece no s\u00e1bado, dia 16. Novamente registramos recorde na participa\u00e7\u00e3o de equipes para o campeonato adulto. Agrade\u00e7o ao empenho de todos, \u00e9 um evento que atrai a aten\u00e7\u00e3o para Corumb\u00e1 e mostra a for\u00e7a e import\u00e2ncia do nosso turismo de pesca\u201d, disse o prefeito Marcelo Iunes.<\/p>\n<p>Participando da solenidade, o secret\u00e1rio Municipal de Governo, Luiz Ant\u00f4nio Pardal, afirmou que o FIPEC j\u00e1 est\u00e1 consolidado no munic\u00edpio e sua realiza\u00e7\u00e3o \u00e9 um importante est\u00edmulo para a economia local. \u201cEstamos realizando a terceira edi\u00e7\u00e3o consecutiva do Festival Internacional de Pesca Esportiva de Corumb\u00e1. Com certeza, ser\u00e1 novamente um grande sucesso. Fico feliz porque gera renda em nosso munic\u00edpio, fomenta o nosso com\u00e9rcio, os restaurantes, os hot\u00e9is, gera e possibilidade de renda extra para ajudar no or\u00e7amento familiar\u201d.<img loading=\"lazy\" decoding=\"async\" src=\"http:\/\/corumba.ms.gov.br\/public\/uploads\/galeria\/2024\/MEIOAMBIENTE\/FIPEC\/ABERTURAOFICIAL\/Gisele%20Ribeiro%20(21).jpg\" alt=\"\" width=\"792\" height=\"495\" \/><\/p>\n<p>\u201cEsse nosso Festival j\u00e1 deixou sua marca na cidade, mostrando que deu certo. Agrade\u00e7o aos parceiros que acreditaram na credibilidade dessa iniciativa, que teve sua origem l\u00e1 atr\u00e1s. Agrade\u00e7o ao prefeito Marcelo Iunes, que entendeu a proposta e nos incentivou a realiz\u00e1-lo. Agrade\u00e7o a toda equipe da Funda\u00e7\u00e3o do Meio Ambiente pelo empenho. Para esse ano teremos inova\u00e7\u00f5es, principalmente na premia\u00e7\u00e3o. Garanto que todos que participarem n\u00e3o v\u00e3o se arrepender\u201d, destacou Ana Cl\u00e1udia Boabaid, diretora-presidente da Funda\u00e7\u00e3o de Meio Ambiente do Pantanal.<\/p>\n<p>L\u00edder do governo na C\u00e2mara Municipal, o vereador Allex Dellas, ressaltou que a uni\u00e3o do Poder P\u00fablico e iniciativa privada \u00e9 o fator principal para o sucesso do FIPEC. \u2018\u00c9 com uni\u00e3o que se faz um projeto sair do papel e se tornar realidade. Tenho certeza que o festival n\u00e3o teria essa grandeza, com reconhecimento internacional se n\u00e3o fosse essa uni\u00e3o entre todos. Somos .exemplo de que unidos estamos propagando a import\u00e2ncia que a pesca esportiva tem em Corumb\u00e1\u201d.<\/p>\n<p>Representando a Associa\u00e7\u00e3o Corumbaense das Empresas Regionais de Turismo (ACERT), parceira da Prefeitura na realiza\u00e7\u00e3o do FIPEC, a empres\u00e1ria Joice Carla Santana Marques, frisou que o Festival divulga a importante mensagem de divulga\u00e7\u00e3o do turismo respons\u00e1vel e que pensa nas gera\u00e7\u00f5es futuras. \u201cEsse turismo de pesca que a gente est\u00e1 recebendo aqui em Corumb\u00e1, no Mato\u00a0 Grosso do Sul, \u00e9 para a a fam\u00edlia. Temos crian\u00e7as pescando, mulheres\u00a0 pescando. Vamos fazer dessa festa um final de semana inesquec\u00edvel. O nosso rio\u00a0 Paraguai tem muito peixe, o peixe aqui \u00e9 preservado. Em nossa cidade temos a uma campanha do pesque e solte e volte sempre\u201d, finalizou a empres\u00e1ria.<\/p>\n<p>A abertura oficial do FIPEC 2024, na noite desta sexta-feira, 15 de mar\u00e7o, contou com shows de Gleici Helena e de Juliana Monteiro, uma das expoentes do cen\u00e1rio sul-mato-grossense. Larissa Alencar encerrou a noite de apresenta\u00e7\u00f5es.<\/p>\n<p><strong>Programa\u00e7\u00e3o<\/strong><\/p>\n<p>No s\u00e1bado, dia 16, o Campeonato Infanto Juvenil come\u00e7a \u00e0s 7 horas na Prainha do Porto Geral. Por volta das 15 horas, no palco montado na Ferradura do Porto, ser\u00e3o anunciados os vencedores e, em seguida, o sorteio de diversos pr\u00eamios entre os participantes da modalidade. S\u00f3 receber\u00e3o os brindes os competidores presentes no momento.<\/p>\n<p>Os shows come\u00e7am \u00e0s 19h30. A principal atra\u00e7\u00e3o \u00e9 a dupla Henrique e Diego. A noite ainda reserva as apresenta\u00e7\u00f5es de Marinho e Rafael e Os Garotos. Uma feira com comidas, bebidas, com artesanatos locais e estande dos patrocinadores ser\u00e3o montados ao longo da rua Manoel Cavassa.<\/p>\n<p>No domingo, dia 16, o Campeonato Adulto come\u00e7a \u00e0s 7h e termina \u00e0s 15 horas. A Roda de Samba tem in\u00edcio \u00e0s 13 horas, com apresenta\u00e7\u00f5es de diversos m\u00fasicos locais. Os ganhadores ser\u00e3o conhecidos por volta das 17 horas, no Palco Principal, onde haver\u00e1, na sequ\u00eancia, o sorteio dos pr\u00eamios entre os pescadores participantes.<\/p>\n<p>O FIPEC \u00e9 realizado pela Prefeitura de Corumb\u00e1 sob coordena\u00e7\u00e3o da Funda\u00e7\u00e3o de Meio Ambiente do Pantanal. Conta com o apoio do Governo do Estado e da ALS, Yamaha, Unipav, Agesa, Grupo Janj\u00e3o, Gazin, J&amp;F, 3A, Wizard, Supermercado Cidade Branca, Supermercado Mega, Moinho Real, Ala Telecon, Hotel Nacional, Zezin Gastronomia, Dolce Caf\u00e9, LCV, Pantagro, Capital das Redes, Mercosul, Tamandu\u00e1 Bike e com o apoio cultural dos vereadores Qualhada, Allex Dellas e Elinho J\u00fanior.<\/p>\n","protected":false},"excerpt":{"rendered":"<p>O prefeito Marcelo Iunes abriu oficialmente o Festival Internacional de Pesca Esportiva de Corumb\u00e1 (FIPEC&#8230;<\/p>\n","protected":false},"author":70,"featured_media":11747593,"comment_status":"closed","ping_status":"closed","sticky":false,"template":"","format":"standard","meta":{"footnotes":""},"categories":[23],"tags":[],"class_list":["post-11747591","post","type-post","status-publish","format-standard","has-post-thumbnail","hentry","category-turismo"],"_links":{"self":[{"href":"https:\/\/www.corumbaonline.com.br\/news\/wp-json\/wp\/v2\/posts\/11747591","targetHints":{"allow":["GET"]}}],"collection":[{"href":"https:\/\/www.corumbaonline.com.br\/news\/wp-json\/wp\/v2\/posts"}],"about":[{"href":"https:\/\/www.corumbaonline.com.br\/news\/wp-json\/wp\/v2\/types\/post"}],"author":[{"embeddable":true,"href":"https:\/\/www.corumbaonline.com.br\/news\/wp-json\/wp\/v2\/users\/70"}],"replies":[{"embeddable":true,"href":"https:\/\/www.corumbaonline.com.br\/news\/wp-json\/wp\/v2\/comments?post=11747591"}],"version-history":[{"count":1,"href":"https:\/\/www.corumbaonline.com.br\/news\/wp-json\/wp\/v2\/posts\/11747591\/revisions"}],"predecessor-version":[{"id":11747594,"href":"https:\/\/www.corumbaonline.com.br\/news\/wp-json\/wp\/v2\/posts\/11747591\/revisions\/11747594"}],"wp:featuredmedia":[{"embeddable":true,"href":"https:\/\/www.corumbaonline.com.br\/news\/wp-json\/wp\/v2\/media\/11747593"}],"wp:attachment":[{"href":"https:\/\/www.corumbaonline.com.br\/news\/wp-json\/wp\/v2\/media?parent=11747591"}],"wp:term":[{"taxonomy":"category","embeddable":true,"href":"https:\/\/www.corumbaonline.com.br\/news\/wp-json\/wp\/v2\/categories?post=11747591"},{"taxonomy":"post_tag","embeddable":true,"href":"https:\/\/www.corumbaonline.com.br\/news\/wp-json\/wp\/v2\/tags?post=11747591"}],"curies":[{"name":"wp","href":"https:\/\/api.w.org\/{rel}","templated":true}]}}