{"id":11747596,"date":"2024-03-16T11:00:00","date_gmt":"2024-03-16T15:00:00","guid":{"rendered":"https:\/\/www.corumbaonline.com.br\/news\/?p=11747596"},"modified":"2024-03-16T15:17:00","modified_gmt":"2024-03-16T19:17:00","slug":"com-vies-de-saude-unica-projeto-navio-leva-assistencia-a-populacao-ribeirinha-de-corumba","status":"publish","type":"post","link":"https:\/\/www.corumbaonline.com.br\/news\/com-vies-de-saude-unica-projeto-navio-leva-assistencia-a-populacao-ribeirinha-de-corumba\/","title":{"rendered":"Com vi\u00e9s de Sa\u00fade \u00danica, Projeto Navio leva assist\u00eancia \u00e0 popula\u00e7\u00e3o ribeirinha de Corumb\u00e1"},"content":{"rendered":"<p>Para o controle, preven\u00e7\u00e3o e diagn\u00f3stico de agravos e doen\u00e7as de import\u00e2ncia a sa\u00fade p\u00fablica, o Projeto Navio (Navega\u00e7\u00e3o Ampliada para a Vigil\u00e2ncia Intensiva e Otimizada) chegou a Corumb\u00e1 na sexta-feira (15), por meio de parceria firmada entre a SES\/MS (Secretaria de Estado de Mato Grosso do Sul), Marinha do Brasil e a Fiocruz Minas (Funda\u00e7\u00e3o Oswaldo Cruz de Minas Gerais).<\/p>\n<p>Primeira no Brasil, a Coordenadoria de Sa\u00fade \u00danica da SES est\u00e1 diretamente inserida no Projeto Navio para a realiza\u00e7\u00e3o de estudo e monitoramento da sa\u00fade de popula\u00e7\u00f5es ribeirinhas do Pantanal e das mudan\u00e7as clim\u00e1ticas e seus impactos na sa\u00fade p\u00fablica, visando a an\u00e1lise de pat\u00f3genos com impacto na sa\u00fade humana, animal e ambiental da regi\u00e3o.<\/p>\n<p>Conforme a coordenadora de Sa\u00fade \u00danica da SES, Danila Frias, o principal objetivo do projeto \u00e9 prestar assist\u00eancia aos moradores.<\/p>\n<p>\u201cAqui em Corumb\u00e1 estamos realizando atendimentos m\u00e9dico, odontol\u00f3gico, trabalhos de educa\u00e7\u00e3o em sa\u00fade, triagem, coleta de amostras e realiza\u00e7\u00e3o de exames, incluindo vigil\u00e2ncia gen\u00f4mica dos pat\u00f3genos de toda a popula\u00e7\u00e3o ribeirinha, n\u00e3o s\u00f3 dos seres humanos, mas tamb\u00e9m dos animais e ambiente\u201d.<\/p>\n<p>\u201cO Projeto Navio tem essa vis\u00e3o, esse vi\u00e9s de Sa\u00fade \u00danica, pois conseguimos observar o ambiente em que est\u00e3o inseridos o ser humano e os animais. Isso tudo para melhorar a qualidade de vida daqueles que moram nessas regi\u00f5es ribeirinhas. Estamos regressando aqui para Corumb\u00e1 e realizando o primeiro atendimento nessa regi\u00e3o. Estimamos cerca de 60 pessoas atendidas na parte de atendimento m\u00e9dico e por volta de 20 a 30 pessoas para atendimento odontol\u00f3gico\u201d, enalteceu o comandante do navio de Assist\u00eancia Hospitalar \u2018Tenente Maximiano\u2019, capit\u00e3o-tenente Igor Luiz de Freitas Cobellas.<\/p>\n<div id=\"gallery-1\" class=\"gallery galleryid-469530 gallery-columns-2 gallery-size-full\">\n<figure class=\"gallery-item\">\n<div class=\"gallery-icon landscape\"><a href=\"https:\/\/agenciadenoticias.ms.gov.br\/com-vies-de-saude-unica-projeto-navio-leva-assistencia-a-populacao-ribeirinha-de-corumba\/whatsapp-image-2024-03-15-at-10-29-22\/\"><img loading=\"lazy\" decoding=\"async\" class=\"attachment-full size-full\" src=\"https:\/\/agenciadenoticias.ms.gov.br\/wp-content\/uploads\/2024\/03\/WhatsApp-Image-2024-03-15-at-10.29.22.jpeg\" sizes=\"auto, (max-width: 1280px) 100vw, 1280px\" srcset=\"https:\/\/agenciadenoticias.ms.gov.br\/wp-content\/uploads\/2024\/03\/WhatsApp-Image-2024-03-15-at-10.29.22.jpeg 1280w, https:\/\/agenciadenoticias.ms.gov.br\/wp-content\/uploads\/2024\/03\/WhatsApp-Image-2024-03-15-at-10.29.22-300x135.jpeg 300w, https:\/\/agenciadenoticias.ms.gov.br\/wp-content\/uploads\/2024\/03\/WhatsApp-Image-2024-03-15-at-10.29.22-1024x461.jpeg 1024w, https:\/\/agenciadenoticias.ms.gov.br\/wp-content\/uploads\/2024\/03\/WhatsApp-Image-2024-03-15-at-10.29.22-768x346.jpeg 768w, https:\/\/agenciadenoticias.ms.gov.br\/wp-content\/uploads\/2024\/03\/WhatsApp-Image-2024-03-15-at-10.29.22-350x158.jpeg 350w\" alt=\"\" width=\"1280\" height=\"576\" data-uw-rm-alt-original=\"\" \/><\/a><\/div>\n<\/figure>\n<figure class=\"gallery-item\">\n<div class=\"gallery-icon landscape\"><a href=\"https:\/\/agenciadenoticias.ms.gov.br\/com-vies-de-saude-unica-projeto-navio-leva-assistencia-a-populacao-ribeirinha-de-corumba\/whatsapp-image-2024-03-15-at-08-30-20-3\/\"><img loading=\"lazy\" decoding=\"async\" class=\"attachment-full size-full\" src=\"https:\/\/agenciadenoticias.ms.gov.br\/wp-content\/uploads\/2024\/03\/WhatsApp-Image-2024-03-15-at-08.30.20-3.jpeg\" sizes=\"auto, (max-width: 1280px) 100vw, 1280px\" srcset=\"https:\/\/agenciadenoticias.ms.gov.br\/wp-content\/uploads\/2024\/03\/WhatsApp-Image-2024-03-15-at-08.30.20-3.jpeg 1280w, https:\/\/agenciadenoticias.ms.gov.br\/wp-content\/uploads\/2024\/03\/WhatsApp-Image-2024-03-15-at-08.30.20-3-300x135.jpeg 300w, https:\/\/agenciadenoticias.ms.gov.br\/wp-content\/uploads\/2024\/03\/WhatsApp-Image-2024-03-15-at-08.30.20-3-1024x461.jpeg 1024w, https:\/\/agenciadenoticias.ms.gov.br\/wp-content\/uploads\/2024\/03\/WhatsApp-Image-2024-03-15-at-08.30.20-3-768x346.jpeg 768w, https:\/\/agenciadenoticias.ms.gov.br\/wp-content\/uploads\/2024\/03\/WhatsApp-Image-2024-03-15-at-08.30.20-3-350x158.jpeg 350w\" alt=\"\" width=\"1280\" height=\"576\" data-uw-rm-alt-original=\"\" \/><\/a><\/div>\n<\/figure>\n<\/div>\n<p>O pesquisador Fiocruz Minas, idealizador e coordenador do Projeto Navio, Luiz Alc\u00e2ntara, explicou que no estado o projeto est\u00e1 passando por v\u00e1rias comunidades ribeirinhas, um total de seis comunidades, e nos atendimentos \u00e0s comunidades do tramo norte do Rio Paraguai foram mantidos o mesmo padr\u00e3o de resultados encontrados no tramo sul.<\/p>\n<p>\u201cN\u00e3o temos muitas diferen\u00e7as, mas intensificando tamb\u00e9m os resultados dos exames parasitol\u00f3gicos de fezes, mostrando mais de 80% de parasitas patog\u00eanicos. Desta vez n\u00f3s encontramos mais predisposi\u00e7\u00e3o a arbov\u00edrus, como dengue, por exemplo, do que no tramo sul e o que esperamos aqui em Corumb\u00e1 \u00e9 um maior n\u00famero de pessoas pr\u00e9-expostas a arboviroses, como dengue e Chikungunya, e casos agudos relacionados a dengue devido ao n\u00famero de casos no pa\u00eds e o mosquito Aedes aegypti ser mais mosquito urbano porque quando fomos a comunidades mais isoladas a densidade de mosquitos Aedes aegypti \u00e9 menor\u201d.<\/p>\n<p>Para a secret\u00e1ria-adjunta de Sa\u00fade de Corumb\u00e1, Mariluce Le\u00e3o, o Projeto Navio \u00e9 de suma import\u00e2ncia para a popula\u00e7\u00e3o de Corumb\u00e1.<\/p>\n<p>\u201cOs ribeirinhos t\u00eam muita necessidade da assist\u00eancia, ent\u00e3o \u00e9 um projeto que veio para somar com o munic\u00edpio e somos muito gratos. O Estado \u00e9 parceiro do munic\u00edpio e agradecemos muito, vamos continuar com essa parceria por ser muito importante para a nossa popula\u00e7\u00e3o ribeirinha. Hoje tivemos a\u00e7\u00f5es em sa\u00fade, orienta\u00e7\u00f5es, preven\u00e7\u00e3o com o nosso \u2018escov\u00f3dromo\u2019 com a sa\u00fade bucal, a vigil\u00e2ncia tamb\u00e9m esteve presente com orienta\u00e7\u00f5es sobre a dengue e vacinas dispon\u00edveis\u201d.<\/p>\n<p>J\u00e1 o comandante do 6\u00ba Distrito Naval, vice-almirante Iunis T\u00e1vora Said, afirma que a For\u00e7a Naval estabelece e mant\u00e9m parcerias e acordos com \u00f3rg\u00e3os e institui\u00e7\u00f5es, a fim de melhorar a presta\u00e7\u00e3o de servi\u00e7os p\u00fablicos \u00e0 sociedade.<\/p>\n<p>\u201cN\u00e3o importa a regi\u00e3o, o nosso trabalho ser\u00e1, hoje e sempre, proteger as riquezas nacionais e cuidar da nossa gente. Aqui na Fronteira Oeste, na vertente de cuidar da nossa gente, a Marinha dedica-se, em especial, \u00e0 popula\u00e7\u00e3o ribeirinha, por serem aqueles que dependem, para sua subsist\u00eancia, de nossos rios. Essa \u00e9 uma das principais miss\u00f5es da Marinha do Brasil\u201d, comenta o vice-almirante.<\/p>\n<p>Para a pr\u00f3xima viagem rumo ao tramo sul do Rio Paraguai \u2013 trecho entre os munic\u00edpios de Lad\u00e1rio e Porto Murtinho \u2013 est\u00e1 prevista a inser\u00e7\u00e3o de coleta de amostras em animais de produ\u00e7\u00e3o \u2013 equ\u00eddeos, bovinos, su\u00ednos, aves dom\u00e9sticas, caprinos e ovinos \u2013 e tamb\u00e9m em animais dom\u00e9sticos, c\u00e3es e gatos. Tamb\u00e9m est\u00e3o sendo solicitadas as devidas autoriza\u00e7\u00f5es para realiza\u00e7\u00e3o de coletas em animais silvestres, por ser um projeto de Sa\u00fade \u00danica.<\/p>\n<p>\u201cA vigil\u00e2ncia n\u00e3o pode ocorrer apenas na popula\u00e7\u00e3o humana, mas tamb\u00e9m no ambiente e nos animais\u201d, afirma Danila.<\/p>\n<p>A Sa\u00fade \u00danica \u00e9 uma abordagem global multisetorial, transdisciplinar, transcultural, integrada e unificadora que visa equilibrar e otimizar de forma sustent\u00e1vel a sa\u00fade de pessoas, animais e ecossistemas. Reconhece que a sa\u00fade de humanos, animais dom\u00e9sticos e selvagens, plantas e o meio ambiente est\u00e3o intimamente ligados e s\u00e3o interdependentes.<\/p>\n","protected":false},"excerpt":{"rendered":"<p>Para o controle, preven\u00e7\u00e3o e diagn\u00f3stico de agravos e doen\u00e7as de import\u00e2ncia a sa\u00fade p\u00fablica,&#8230;<\/p>\n","protected":false},"author":13,"featured_media":11747597,"comment_status":"closed","ping_status":"closed","sticky":false,"template":"","format":"standard","meta":{"footnotes":""},"categories":[8,21],"tags":[222],"class_list":["post-11747596","post","type-post","status-publish","format-standard","has-post-thumbnail","hentry","category-destaque","category-saude","tag-saude"],"_links":{"self":[{"href":"https:\/\/www.corumbaonline.com.br\/news\/wp-json\/wp\/v2\/posts\/11747596","targetHints":{"allow":["GET"]}}],"collection":[{"href":"https:\/\/www.corumbaonline.com.br\/news\/wp-json\/wp\/v2\/posts"}],"about":[{"href":"https:\/\/www.corumbaonline.com.br\/news\/wp-json\/wp\/v2\/types\/post"}],"author":[{"embeddable":true,"href":"https:\/\/www.corumbaonline.com.br\/news\/wp-json\/wp\/v2\/users\/13"}],"replies":[{"embeddable":true,"href":"https:\/\/www.corumbaonline.com.br\/news\/wp-json\/wp\/v2\/comments?post=11747596"}],"version-history":[{"count":1,"href":"https:\/\/www.corumbaonline.com.br\/news\/wp-json\/wp\/v2\/posts\/11747596\/revisions"}],"predecessor-version":[{"id":11747598,"href":"https:\/\/www.corumbaonline.com.br\/news\/wp-json\/wp\/v2\/posts\/11747596\/revisions\/11747598"}],"wp:featuredmedia":[{"embeddable":true,"href":"https:\/\/www.corumbaonline.com.br\/news\/wp-json\/wp\/v2\/media\/11747597"}],"wp:attachment":[{"href":"https:\/\/www.corumbaonline.com.br\/news\/wp-json\/wp\/v2\/media?parent=11747596"}],"wp:term":[{"taxonomy":"category","embeddable":true,"href":"https:\/\/www.corumbaonline.com.br\/news\/wp-json\/wp\/v2\/categories?post=11747596"},{"taxonomy":"post_tag","embeddable":true,"href":"https:\/\/www.corumbaonline.com.br\/news\/wp-json\/wp\/v2\/tags?post=11747596"}],"curies":[{"name":"wp","href":"https:\/\/api.w.org\/{rel}","templated":true}]}}