{"id":11747679,"date":"2024-03-18T10:31:11","date_gmt":"2024-03-18T14:31:11","guid":{"rendered":"https:\/\/www.corumbaonline.com.br\/news\/?p=11747679"},"modified":"2024-03-18T10:32:11","modified_gmt":"2024-03-18T14:32:11","slug":"presidente-lula-e-ministros-fazem-balanco-do-primeiro-ano-de-governo","status":"publish","type":"post","link":"https:\/\/www.corumbaonline.com.br\/news\/presidente-lula-e-ministros-fazem-balanco-do-primeiro-ano-de-governo\/","title":{"rendered":"Presidente Lula e ministros fazem balan\u00e7o do primeiro ano de governo"},"content":{"rendered":"\n<p>O presidente da Rep\u00fablica, Luiz In\u00e1cio Lula da Silva, se reuniu nesta manh\u00e3 (18) com ministros do Governo Federal para apresentar o balan\u00e7o das a\u00e7\u00f5es implementadas deste o in\u00edcio da atual gest\u00e3o. A pol\u00edtica de valoriza\u00e7\u00e3o do sal\u00e1rio m\u00ednimo, a retomada do programa Bolsa Fam\u00edlia e a volta de profissionais de sa\u00fade aos munic\u00edpios por meio do Mais M\u00e9dicos est\u00e3o entre os destaques das pol\u00edticas p\u00fablicas. A reuni\u00e3o ministerial aconteceu no Pal\u00e1cio do Planalto, em Bras\u00edlia (DF).&nbsp;<br><br>Na abertura da reuni\u00e3o, Lula ressaltou que o primeiro ano de governo foi de recupera\u00e7\u00e3o de pol\u00edticas p\u00fablicas e da estrutura do Poder Executivo Federal. \u201cTodo mundo aqui tem consci\u00eancia dos escombros que receberam quando tomamos posse em 1\u00ba de janeiro [2023]. E todo mundo tem no\u00e7\u00e3o do trabalho que voc\u00eas tiveram para reconstruir, para formatar novamente os Minist\u00e9rios\u201d, destacou.<br><br>O presidente disse, ainda, que o governo est\u00e1 empenhado na recupera\u00e7\u00e3o da for\u00e7a de trabalho dos servidores por meio de concurso p\u00fablico. Lula lembrou, que em 13 meses, o Pa\u00eds abriu , por meio do Minist\u00e9rio da Agricultura e Pecu\u00e1ria (Mapa), 98 mercados para os produtos agr\u00edcolas brasileiros.&nbsp;\u201cN\u00f3s temos compromisso em fazer as coisas bem feitas e no tempo certo\u201d, frisou.<\/p>\n\n\n\n<p>Al\u00e9m dos temas sociais e econ\u00f4micos, o presidente ressaltou que o pa\u00eds precisa resolver a consolida\u00e7\u00e3o do processo democr\u00e1tico brasileiro. \u201cA democracia passa a ser uma coisa fundamental nas nossas vidas. O respeito \u00e0s institui\u00e7\u00f5es, que d\u00e3o garantia \u00e0 exist\u00eancia da democracia, e o respeito \u00e0 nossa Constitui\u00e7\u00e3o\u201d, defendeu.&nbsp; Ele tamb\u00e9m destacou o compromisso do seu governo em melhorar a vida dos brasileiros.&nbsp;<\/p>\n\n\n\n<p><strong>Balan\u00e7o&nbsp;<\/strong><\/p>\n\n\n\n<p>Entre os dados apresentados no primeiro ano de governo, feita pelo ministro da Casa Civil, Rui Costa, durante a reuni\u00e3o ministerial, est\u00e3o indicadores de redu\u00e7\u00e3o do desemprego, aumento de fam\u00edlias atendidas no Bolsa-Fam\u00edlia, maior n\u00famero de profissionais da hist\u00f3ria do Mais M\u00e9dicos e novos medicamentos e gratuidade no Farm\u00e1cia Popular. No caso do desemprego, a taxa caiu para 7,8% em 2023, uma redu\u00e7\u00e3o de 19% em rela\u00e7\u00e3o a 2022. J\u00e1 o Bolsa Fam\u00edlia atendeu 55,7 milh\u00f5es de pessoas no ano passado com valor m\u00e9dio de R$ 680,60 por fam\u00edlia.&nbsp;<\/p>\n\n\n\n<p>Na educa\u00e7\u00e3o, os recursos investidos nas escolas de Tempo<\/p>\n\n\n\n<p>Integral foram ampliado em mais de 10 vezes, al\u00e9m da triplicar os investimentos federais em alfabetiza\u00e7\u00e3o.<\/p>\n\n\n\n<p>Outras medidas destacadas na reuni\u00e3o foram a retomada do Minha Casa, Minha Vida, a implementa\u00e7\u00e3o do maior Plano Safra da hist\u00f3ria, o fortalecimento da Agricultura Familiar, a menor Taxa de Desmatamento na Amaz\u00f4nia nos \u00faltimos 5 anos e novas demarca\u00e7\u00f5es de Terras Ind\u00edgenas e novas titula\u00e7\u00f5es de Territ\u00f3rios Quilombolas.<\/p>\n\n\n\n<figure class=\"wp-block-embed is-type-video is-provider-youtube wp-block-embed-youtube wp-embed-aspect-16-9 wp-has-aspect-ratio\"><div class=\"wp-block-embed__wrapper\">\n<iframe loading=\"lazy\" title=\"Presidente Lula durante reuni\u00e3o ministerial\" width=\"640\" height=\"360\" src=\"https:\/\/www.youtube.com\/embed\/gmu4uU2y4Bg?feature=oembed\" frameborder=\"0\" allow=\"accelerometer; autoplay; clipboard-write; encrypted-media; gyroscope; picture-in-picture; web-share\" referrerpolicy=\"strict-origin-when-cross-origin\" allowfullscreen><\/iframe>\n<\/div><\/figure>\n","protected":false},"excerpt":{"rendered":"<p>O presidente da Rep\u00fablica, Luiz In\u00e1cio Lula da Silva, se reuniu nesta manh\u00e3 (18) com&#8230;<\/p>\n","protected":false},"author":4,"featured_media":11747681,"comment_status":"closed","ping_status":"closed","sticky":false,"template":"","format":"standard","meta":{"footnotes":""},"categories":[14],"tags":[],"class_list":["post-11747679","post","type-post","status-publish","format-standard","has-post-thumbnail","hentry","category-geral"],"_links":{"self":[{"href":"https:\/\/www.corumbaonline.com.br\/news\/wp-json\/wp\/v2\/posts\/11747679","targetHints":{"allow":["GET"]}}],"collection":[{"href":"https:\/\/www.corumbaonline.com.br\/news\/wp-json\/wp\/v2\/posts"}],"about":[{"href":"https:\/\/www.corumbaonline.com.br\/news\/wp-json\/wp\/v2\/types\/post"}],"author":[{"embeddable":true,"href":"https:\/\/www.corumbaonline.com.br\/news\/wp-json\/wp\/v2\/users\/4"}],"replies":[{"embeddable":true,"href":"https:\/\/www.corumbaonline.com.br\/news\/wp-json\/wp\/v2\/comments?post=11747679"}],"version-history":[{"count":2,"href":"https:\/\/www.corumbaonline.com.br\/news\/wp-json\/wp\/v2\/posts\/11747679\/revisions"}],"predecessor-version":[{"id":11747684,"href":"https:\/\/www.corumbaonline.com.br\/news\/wp-json\/wp\/v2\/posts\/11747679\/revisions\/11747684"}],"wp:featuredmedia":[{"embeddable":true,"href":"https:\/\/www.corumbaonline.com.br\/news\/wp-json\/wp\/v2\/media\/11747681"}],"wp:attachment":[{"href":"https:\/\/www.corumbaonline.com.br\/news\/wp-json\/wp\/v2\/media?parent=11747679"}],"wp:term":[{"taxonomy":"category","embeddable":true,"href":"https:\/\/www.corumbaonline.com.br\/news\/wp-json\/wp\/v2\/categories?post=11747679"},{"taxonomy":"post_tag","embeddable":true,"href":"https:\/\/www.corumbaonline.com.br\/news\/wp-json\/wp\/v2\/tags?post=11747679"}],"curies":[{"name":"wp","href":"https:\/\/api.w.org\/{rel}","templated":true}]}}