{"id":11747904,"date":"2024-03-21T15:00:00","date_gmt":"2024-03-21T19:00:00","guid":{"rendered":"https:\/\/www.corumbaonline.com.br\/news\/?p=11747904"},"modified":"2024-03-21T15:59:22","modified_gmt":"2024-03-21T19:59:22","slug":"prefeitura-e-feirantes-decidem-local-para-feira-livre-de-domingo-rua-ladario-vai-receber-asfalto","status":"publish","type":"post","link":"https:\/\/www.corumbaonline.com.br\/news\/prefeitura-e-feirantes-decidem-local-para-feira-livre-de-domingo-rua-ladario-vai-receber-asfalto\/","title":{"rendered":"Prefeitura e feirantes decidem local para feira livre de domingo; rua Lad\u00e1rio vai receber asfalto"},"content":{"rendered":"<p>Em reuni\u00e3o com feirantes na tarde da ter\u00e7a-feira, 19 de mar\u00e7o, a Prefeitura de Corumb\u00e1 decidiu que a partir de abril, a feira livre de domingo ser\u00e1 realizada na rua Tiradentes. Tempor\u00e1ria, a mudan\u00e7a acontece em raz\u00e3o das obras de pavimenta\u00e7\u00e3o asf\u00e1ltica que o Munic\u00edpio vai executar em seis quadras da rua Lad\u00e1rio, local onde tradicionalmente \u00e9 realizada a feira livre aos domingos.<\/p>\n<p>O secret\u00e1rio Municipal de Governo, Luiz Ant\u00f4nio Pardal; o vereador Yussef Salla; o coordenador supervisor de Servi\u00e7os de Fiscaliza\u00e7\u00e3o e Posturas, Luciano Cruz Souza, e o presidente da Associa\u00e7\u00e3o de Feirantes, Luc\u00edlio Morel, discutiram a mudan\u00e7a.<\/p>\n<p>\u201cEm virtude das obras, para pavimenta\u00e7\u00e3o asf\u00e1ltica na rua Lad\u00e1rio, h\u00e1 necessidade de deslocamento da feira livre do posicionamento da Lad\u00e1rio para o posicionamento da rua\u00a0 Tiradentes. Foi uma decis\u00e3o conjunta da Prefeitura\u00a0 Municipal com a Associa\u00e7\u00e3o de Feirantes, que visa atender a popula\u00e7\u00e3o da melhor forma poss\u00edvel e, tamb\u00e9m, dar condi\u00e7\u00f5es aos feirantes de exercerem suas atividades da melhor forma\u201d, explicou o coordenador supervisor de Servi\u00e7os de Fiscaliza\u00e7\u00e3o e Posturas.<\/p>\n<p>Luciano Souza informou que a mudan\u00e7a foi decidida de maneira consensual com os feirantes. \u201cNenhuma a\u00e7\u00e3o da Prefeitura Municipal \u00e9 definida de forma unilateral, ela acontece em conjunto com aqueles que v\u00e3o ser afetados por essas decis\u00f5es, como neste caso da feira livre de domingo. Na reuni\u00e3o, tivemos a presen\u00e7a n\u00e3o s\u00f3 dos feirantes, mas tamb\u00e9m do presidente da Associa\u00e7\u00e3o dos Feirantes, Luc\u00edlio Morel\u201d.<\/p>\n<p>\u201cAp\u00f3s o domingo de P\u00e1scoa, na pr\u00f3xima semana, a partir de abril\u201d, disse Luciano ao informar que a feira de domingo passar\u00e1 para a rua Tiradentes na primeira semana de abril. Com essa mudan\u00e7a tempor\u00e1ria, a partir de 07 de abril, a feira livre se estender\u00e1 pelo seguinte trecho: \u201cap\u00f3s a abertura do Transbordo descendo a rua Tiradentes, passando pela rua 13 de Junho, rua Delamare at\u00e9 chegar \u00e0 avenida\u00a0 General Rondon\u201d, pontuou o coordenador de Fiscaliza\u00e7\u00e3o e Posturas.<\/p>\n<p>\u201cVai ser um deslocamento muito curto, que n\u00e3o vai mudar em nada a estrutura da feira livre. N\u00e3o vai mudar nada no que diz respeito ao atendimento. Os feirantes v\u00e3o ter as condi\u00e7\u00f5es para exercer a sua atividade, inclusive aqueles que\u00a0 necessitam de energia el\u00e9trica, ser\u00e1 disponibilizada rede atrav\u00e9s de autoriza\u00e7\u00e3o por meio da empresa concession\u00e1ria de energia. Os feirantes v\u00e3o continuar realizando suas atividades de forma plena. \u00c9 apenas um deslocamento necess\u00e1rio e moment\u00e2neo para realiza\u00e7\u00e3o dos trabalhos de qualifica\u00e7\u00e3o da infraestrutura urbana da cidade\u201d, completou Luciano Cruz Souza.<\/p>\n","protected":false},"excerpt":{"rendered":"<p>Em reuni\u00e3o com feirantes na tarde da ter\u00e7a-feira, 19 de mar\u00e7o, a Prefeitura de Corumb\u00e1&#8230;<\/p>\n","protected":false},"author":70,"featured_media":0,"comment_status":"closed","ping_status":"closed","sticky":false,"template":"","format":"standard","meta":{"footnotes":""},"categories":[14],"tags":[],"class_list":["post-11747904","post","type-post","status-publish","format-standard","hentry","category-geral"],"_links":{"self":[{"href":"https:\/\/www.corumbaonline.com.br\/news\/wp-json\/wp\/v2\/posts\/11747904","targetHints":{"allow":["GET"]}}],"collection":[{"href":"https:\/\/www.corumbaonline.com.br\/news\/wp-json\/wp\/v2\/posts"}],"about":[{"href":"https:\/\/www.corumbaonline.com.br\/news\/wp-json\/wp\/v2\/types\/post"}],"author":[{"embeddable":true,"href":"https:\/\/www.corumbaonline.com.br\/news\/wp-json\/wp\/v2\/users\/70"}],"replies":[{"embeddable":true,"href":"https:\/\/www.corumbaonline.com.br\/news\/wp-json\/wp\/v2\/comments?post=11747904"}],"version-history":[{"count":1,"href":"https:\/\/www.corumbaonline.com.br\/news\/wp-json\/wp\/v2\/posts\/11747904\/revisions"}],"predecessor-version":[{"id":11747906,"href":"https:\/\/www.corumbaonline.com.br\/news\/wp-json\/wp\/v2\/posts\/11747904\/revisions\/11747906"}],"wp:attachment":[{"href":"https:\/\/www.corumbaonline.com.br\/news\/wp-json\/wp\/v2\/media?parent=11747904"}],"wp:term":[{"taxonomy":"category","embeddable":true,"href":"https:\/\/www.corumbaonline.com.br\/news\/wp-json\/wp\/v2\/categories?post=11747904"},{"taxonomy":"post_tag","embeddable":true,"href":"https:\/\/www.corumbaonline.com.br\/news\/wp-json\/wp\/v2\/tags?post=11747904"}],"curies":[{"name":"wp","href":"https:\/\/api.w.org\/{rel}","templated":true}]}}