{"id":11750716,"date":"2024-05-20T08:17:00","date_gmt":"2024-05-20T12:17:00","guid":{"rendered":"https:\/\/www.corumbaonline.com.br\/news\/?p=11750716"},"modified":"2024-05-20T06:07:43","modified_gmt":"2024-05-20T10:07:43","slug":"seminario-sobre-turismo-sustentavel-e-novas-alternativas-de-financiamento-sera-nesta-segunda","status":"publish","type":"post","link":"https:\/\/www.corumbaonline.com.br\/news\/seminario-sobre-turismo-sustentavel-e-novas-alternativas-de-financiamento-sera-nesta-segunda\/","title":{"rendered":"Semin\u00e1rio sobre turismo sustent\u00e1vel e novas alternativas de financiamento ser\u00e1 nesta segunda"},"content":{"rendered":"<p>Com foco no turismo sustent\u00e1vel, o Governo do Estado realiza nesta segunda-feira (20) o semin\u00e1rio que discute a a\u00e7\u00e3o clim\u00e1tica no setor (turismo) e as perspectivas de financiamento \u00e0s empresas que buscam reduzir e neutralizar a emiss\u00e3o de carbono. O evento ser\u00e1 no Centro de Conven\u00e7\u00f5es Rubens Gil de Camillo, a partir das 9h.<\/p>\n<p>A segunda edi\u00e7\u00e3o do semin\u00e1rio \u00e9 promovida pela Fundtur (Funda\u00e7\u00e3o de Turismo de MS) e Semadesc (Secretaria de Meio Ambiente, Desenvolvimento, Ci\u00eancia, Tecnologia e Inova\u00e7\u00e3o), em parceria com a Green Initiative. O evento ser\u00e1 h\u00edbrido, com palestras presenciais e virtuais de diferentes locais do mundo, como Espanha e Chile.<\/p>\n<p>As atividades come\u00e7am a partir das 9h, com programa\u00e7\u00e3o at\u00e9 \u00e0s 17h, no audit\u00f3rio Germano Barros de Souza. Durante todo o dia ser\u00e3o discutidas iniciativas de coopera\u00e7\u00e3o t\u00e9cnica, al\u00e9m de financiamento nacional e internacional para impulsionar a agenda clim\u00e1tica no turismo.<\/p>\n<p>Ser\u00e3o apresentadas a\u00e7\u00f5es que podem auxiliar na jornada para destinos e empresas tur\u00edsticas que v\u00e3o contribuir com a \u201cdescarboniza\u00e7\u00e3o\u201d do setor, que significa reduzir a emiss\u00e3o de gases causadores do efeito estufa. Mato Grosso do Sul inclusive tem a pol\u00edtica do Estado Carbono Neutro at\u00e9 2023.<\/p>\n<p>V\u00e3o participar representantes da ONU Turismo, Minist\u00e9rio do Turismo, Embratur (Ag\u00eancia Brasileira de Promo\u00e7\u00e3o Internacional do Turismo), Banco do Brasil, BNDES e BID. \u00a0O evento tem como p\u00fablico alvo lideran\u00e7as estaduais e municipais, universidades, associa\u00e7\u00f5es, trade tur\u00edstico e p\u00fablico em geral.<\/p>\n<p>De acordo com a organiza\u00e7\u00e3o do semin\u00e1rio, o objetivo \u00e9 sensibilizar e apresentar iniciativas que possam ajudar na jornada sustent\u00e1vel do turismo.<\/p>\n<p><strong>Aten\u00e7\u00e3o imprensa:<\/strong>\u00a0O diretor-presidente da Fundtur, Bruno Wendling e o secret\u00e1rio executivo de Meio Ambiente, Artur Falcette, v\u00e3o fazer o atendimento \u00e0 imprensa \u00e0s 8h30, antes de come\u00e7ar o evento.<\/p>\n<p><strong>Data:<\/strong>\u00a020 de maio<br \/>\n<strong>Hor\u00e1rio:<\/strong>\u00a09 horas<br \/>\n<strong>Local:<\/strong>\u00a0Centro de Conven\u00e7\u00f5es Rubens Gil de Camillo<\/p>\n","protected":false},"excerpt":{"rendered":"<p>Com foco no turismo sustent\u00e1vel, o Governo do Estado realiza nesta segunda-feira (20) o semin\u00e1rio&#8230;<\/p>\n","protected":false},"author":13,"featured_media":0,"comment_status":"closed","ping_status":"closed","sticky":false,"template":"","format":"standard","meta":{"footnotes":""},"categories":[23],"tags":[226],"class_list":["post-11750716","post","type-post","status-publish","format-standard","hentry","category-turismo","tag-turismo"],"_links":{"self":[{"href":"https:\/\/www.corumbaonline.com.br\/news\/wp-json\/wp\/v2\/posts\/11750716","targetHints":{"allow":["GET"]}}],"collection":[{"href":"https:\/\/www.corumbaonline.com.br\/news\/wp-json\/wp\/v2\/posts"}],"about":[{"href":"https:\/\/www.corumbaonline.com.br\/news\/wp-json\/wp\/v2\/types\/post"}],"author":[{"embeddable":true,"href":"https:\/\/www.corumbaonline.com.br\/news\/wp-json\/wp\/v2\/users\/13"}],"replies":[{"embeddable":true,"href":"https:\/\/www.corumbaonline.com.br\/news\/wp-json\/wp\/v2\/comments?post=11750716"}],"version-history":[{"count":1,"href":"https:\/\/www.corumbaonline.com.br\/news\/wp-json\/wp\/v2\/posts\/11750716\/revisions"}],"predecessor-version":[{"id":11750718,"href":"https:\/\/www.corumbaonline.com.br\/news\/wp-json\/wp\/v2\/posts\/11750716\/revisions\/11750718"}],"wp:attachment":[{"href":"https:\/\/www.corumbaonline.com.br\/news\/wp-json\/wp\/v2\/media?parent=11750716"}],"wp:term":[{"taxonomy":"category","embeddable":true,"href":"https:\/\/www.corumbaonline.com.br\/news\/wp-json\/wp\/v2\/categories?post=11750716"},{"taxonomy":"post_tag","embeddable":true,"href":"https:\/\/www.corumbaonline.com.br\/news\/wp-json\/wp\/v2\/tags?post=11750716"}],"curies":[{"name":"wp","href":"https:\/\/api.w.org\/{rel}","templated":true}]}}