{"id":11752897,"date":"2024-07-03T15:00:00","date_gmt":"2024-07-03T19:00:00","guid":{"rendered":"https:\/\/www.corumbaonline.com.br\/news\/?p=11752897"},"modified":"2024-07-03T15:57:30","modified_gmt":"2024-07-03T19:57:30","slug":"mpms-divulga-resultados-dos-levantamentos-dos-poligonos-onde-comecaram-os-incendios-no-pantanal","status":"publish","type":"post","link":"https:\/\/www.corumbaonline.com.br\/news\/mpms-divulga-resultados-dos-levantamentos-dos-poligonos-onde-comecaram-os-incendios-no-pantanal\/","title":{"rendered":"MPMS divulga resultados dos levantamentos dos pol\u00edgonos onde come\u00e7aram os inc\u00eandios no Pantanal"},"content":{"rendered":"<p class=\"u-text--justified\">Um trabalho hist\u00f3rico que demonstra o esfor\u00e7o das institui\u00e7\u00f5es em buscar o levantamento de informa\u00e7\u00f5es sobre os locais onde come\u00e7aram os inc\u00eandios de grandes propor\u00e7\u00f5es no Pantanal foi divulgado hoje pelo Minist\u00e9rio P\u00fablico de Mato Grosso do Sul.<\/p>\n<p class=\"u-text--justified\">Por meio de informativo t\u00e9cnico, o MPMS apresentou um relat\u00f3rio sobre os inc\u00eandios de grande propor\u00e7\u00e3o que tiveram in\u00edcio no Pantanal sul-mato-grossense no per\u00edodo entre 10\/05 e 31\/06 de 2024. Constatou-se que foram 20 pontos que geraram 14 grandes inc\u00eandios em uma \u00e1rea queimada de 292,86 mil hectares e que acabaram atingindo 177 propriedades rurais, 1 Terra Ind\u00edgena e 3 Unidades de Conserva\u00e7\u00e3o, al\u00e9m de inc\u00eandios de 39,28 hectares em territ\u00f3rio boliviano, sendo que tais n\u00fameros tendem a crescer, pois alguns destes inc\u00eandios ainda n\u00e3o foram contidos.<\/p>\n<p class=\"u-text--justified\">O trabalho de identifica\u00e7\u00e3o dos locais iniciais de inc\u00eandios \u00e9 feito pelo MPMS por meio de imagens de sat\u00e9lite, identificando \u00e1reas que variaram de 0,15 a 247 hectares. Essa varia\u00e7\u00e3o ocorre porque as imagens s\u00e3o di\u00e1rias, e de um dia para outro, \u00e9 poss\u00edvel que um inc\u00eandio se inicie e tome grandes propor\u00e7\u00f5es, dificultando a identifica\u00e7\u00e3o exata de seu in\u00edcio com esse tipo de metodologia.<\/p>\n<p class=\"u-text--justified\">Ap\u00f3s a identifica\u00e7\u00e3o por sat\u00e9lite, \u00e9 emitido um alerta \u00e0 Pol\u00edcia Militar Ambiental para investigar as poss\u00edveis causas e buscar elementos para responsabiliza\u00e7\u00e3o, sendo que, a partir do dia 26\/6 houve o apoio essencial do Grupamento A\u00e9reo do Governo do Estado, imprescind\u00edvel para agilizar-se as vistorias.<\/p>\n<p class=\"u-text--justified\">Dos 20 pontos iniciais de inc\u00eandio, foram identificados 13 im\u00f3veis rurais, 1 Terra Ind\u00edgena e \u00e1reas n\u00e3o cadastradas no CAR, sendo 17 igni\u00e7\u00f5es em Corumb\u00e1 e 3 em Porto Murtinho, sendo que destes, 9 encontravam-se pr\u00f3ximos a rios naveg\u00e1veis, 3 pr\u00f3ximos a estradas vicinais e 3 em divisas de im\u00f3veis. Cinco pontos estavam em \u00e1reas isoladas de qualquer outra poss\u00edvel causa externa, sendo duas em \u00e1reas sem cadastro de im\u00f3vel e 3 no interior de propriedades privadas.<\/p>\n<p class=\"u-text--justified\">No informativo, consta que apenas um pol\u00edgono come\u00e7ou pr\u00f3ximo \u00e0 \u00e1rea recentemente desmatada, afirmando ser dif\u00edcil inferir a rela\u00e7\u00e3o entre desmatamento e in\u00edcio de inc\u00eandios, bem como apenas um surgiu em \u00e1rea de unidade de conserva\u00e7\u00e3o, sendo, da mesma forma, imposs\u00edvel inferir que a cria\u00e7\u00e3o de \u00e1reas protegidas facilita inc\u00eandios no Pantanal.<\/p>\n<p class=\"u-text--justified\">Contatou-se que 65,82% da \u00e1rea total de igni\u00e7\u00e3o ocorreu em forma\u00e7\u00e3o campestre, seguindo-se de 19,52% em \u00e1rea de forma\u00e7\u00e3o sav\u00e2nica e 5,76% de forma\u00e7\u00e3o florestal, justificando-se o foco preventivo para inc\u00eandios nas \u00e1reas de vegeta\u00e7\u00f5es nativas do Pantanal.<\/p>\n<p class=\"u-text--justified\">Um fato grave informado foi o de que duas propriedades tiveram in\u00edcio de inc\u00eandio em quatro dos cinco anos pesquisados, e outras duas iniciaram inc\u00eandios tr\u00eas vezes, sendo que tais propriedades receber\u00e3o aten\u00e7\u00e3o priorit\u00e1ria na atua\u00e7\u00e3o do Minist\u00e9rio P\u00fablico.<\/p>\n<p class=\"u-text--justified\">Dos 14 laudos emitidos, 13 foram vistoriados em campo pela Pol\u00edcia Militar Ambiental, sendo que em 11 n\u00e3o foi poss\u00edvel constatar a responsabiliza\u00e7\u00e3o administrativa ou criminal, por n\u00e3o haver elementos que pudessem indicar como o inc\u00eandio come\u00e7ou ou quem foi seu autor. Destas \u00e1reas, em pelo menos 3 casos, a PMA sequer conseguiu chegar ao pol\u00edgono de igni\u00e7\u00e3o, pela dificuldade de acesso.<\/p>\n<p class=\"u-text--justified\">Outros casos, apesar de ser poss\u00edvel chegar ao lugar, n\u00e3o se constatou qualquer ocupa\u00e7\u00e3o da \u00e1rea, nem proximidade com rios, estradas ou outras ocupa\u00e7\u00f5es humanas, como foi o caso do \u201cID 02\u201d onde iniciou-se um inc\u00eandio que se tornou conhecido nacionalmente em raz\u00e3o da repercuss\u00e3o de suas imagens queimando ao fundo no dia de festa junina em Corumb\u00e1 (neste caso, a PMA teve grande dificuldade de acesso, tendo que se deslocar cerca de 850 metros por vegeta\u00e7\u00e3o densa e nativa).<\/p>\n<p class=\"u-text--justified\">Pelo menos duas propriedades foram relatadas como \u201cabandonadas\u201d, onde n\u00e3o se constatou presen\u00e7a de pessoas ou animais de cria\u00e7\u00e3o, o que, talvez, possa ter alguma liga\u00e7\u00e3o com os inc\u00eandios iniciados.<\/p>\n<p class=\"u-text--justified\">Em uma destas \u00e1reas, verificou-se que o inc\u00eandio se iniciou por uma fatalidade, em raz\u00e3o de uma queima cient\u00edfica que estava sendo realizada \u2013 devidamente autorizada e com presen\u00e7a de bombeiros e brigadistas \u2013 mas, infelizmente, perdeu-se o controle. Neste caso, o inc\u00eandio n\u00e3o chegou a grandes propor\u00e7\u00f5es (aproximadamente 160 hectares), mas, foi contabilizado, por haver ultrapassado os limites da propriedade em quest\u00e3o.<\/p>\n<p class=\"u-text--justified\">Outro caso apurado foi o in\u00edcio de um inc\u00eandio entre duas propriedades que, ap\u00f3s a vistoria da PMA, um dos propriet\u00e1rios procurou a Pol\u00edcia Civil para informar que o capataz da propriedade vizinha iniciou o inc\u00eandio com finalidade de ater fogo em uma colmeia.<\/p>\n<p class=\"u-text--justified\">Um laudo n\u00e3o foi vistoriado, por tratar-se de \u00e1rea ind\u00edgena, sendo remetido para o Minist\u00e9rio P\u00fablico Federal.<\/p>\n<p class=\"u-text--justified\">Resta, ainda, uma \u00e1rea a ser vistoriada e uma \u00e1rea a ser emitido relat\u00f3rio pelo NUGEO.<\/p>\n","protected":false},"excerpt":{"rendered":"<p>Um trabalho hist\u00f3rico que demonstra o esfor\u00e7o das institui\u00e7\u00f5es em buscar o levantamento de informa\u00e7\u00f5es&#8230;<\/p>\n","protected":false},"author":71,"featured_media":11752899,"comment_status":"closed","ping_status":"closed","sticky":false,"template":"","format":"standard","meta":{"footnotes":""},"categories":[8,17],"tags":[209],"class_list":["post-11752897","post","type-post","status-publish","format-standard","has-post-thumbnail","hentry","category-destaque","category-meio-ambiente","tag-meio-ambiente"],"_links":{"self":[{"href":"https:\/\/www.corumbaonline.com.br\/news\/wp-json\/wp\/v2\/posts\/11752897","targetHints":{"allow":["GET"]}}],"collection":[{"href":"https:\/\/www.corumbaonline.com.br\/news\/wp-json\/wp\/v2\/posts"}],"about":[{"href":"https:\/\/www.corumbaonline.com.br\/news\/wp-json\/wp\/v2\/types\/post"}],"author":[{"embeddable":true,"href":"https:\/\/www.corumbaonline.com.br\/news\/wp-json\/wp\/v2\/users\/71"}],"replies":[{"embeddable":true,"href":"https:\/\/www.corumbaonline.com.br\/news\/wp-json\/wp\/v2\/comments?post=11752897"}],"version-history":[{"count":1,"href":"https:\/\/www.corumbaonline.com.br\/news\/wp-json\/wp\/v2\/posts\/11752897\/revisions"}],"predecessor-version":[{"id":11752900,"href":"https:\/\/www.corumbaonline.com.br\/news\/wp-json\/wp\/v2\/posts\/11752897\/revisions\/11752900"}],"wp:featuredmedia":[{"embeddable":true,"href":"https:\/\/www.corumbaonline.com.br\/news\/wp-json\/wp\/v2\/media\/11752899"}],"wp:attachment":[{"href":"https:\/\/www.corumbaonline.com.br\/news\/wp-json\/wp\/v2\/media?parent=11752897"}],"wp:term":[{"taxonomy":"category","embeddable":true,"href":"https:\/\/www.corumbaonline.com.br\/news\/wp-json\/wp\/v2\/categories?post=11752897"},{"taxonomy":"post_tag","embeddable":true,"href":"https:\/\/www.corumbaonline.com.br\/news\/wp-json\/wp\/v2\/tags?post=11752897"}],"curies":[{"name":"wp","href":"https:\/\/api.w.org\/{rel}","templated":true}]}}