{"id":11752912,"date":"2024-07-03T16:22:00","date_gmt":"2024-07-03T20:22:00","guid":{"rendered":"https:\/\/www.corumbaonline.com.br\/news\/?p=11752912"},"modified":"2024-07-03T16:05:10","modified_gmt":"2024-07-03T20:05:10","slug":"forcas-armadas-detalham-estrutura-designada-pela-uniao-para-apoiar-combate-aos-incendios-no-pantanal","status":"publish","type":"post","link":"https:\/\/www.corumbaonline.com.br\/news\/forcas-armadas-detalham-estrutura-designada-pela-uniao-para-apoiar-combate-aos-incendios-no-pantanal\/","title":{"rendered":"For\u00e7as Armadas detalham estrutura designada pela Uni\u00e3o para apoiar combate aos inc\u00eandios no Pantanal"},"content":{"rendered":"<p>Designadas pelo Governo Federal para refor\u00e7ar os trabalhos de combate aos inc\u00eandios florestais no Pantanal, as For\u00e7as Armadas apresentaram ao Governo de Mato Grosso do Sul todo seu aparato de infraestrutura dispon\u00edvel para integrar os esfor\u00e7os j\u00e1 realizados no bioma &#8211; o refor\u00e7o inclui aeronave de grande porte e estrutura log\u00edstica.<\/p>\n<p>Realizada na segunda-feira (1\u00ba), o detalhamento do Comando Operacional Conjunto Pantanal II, comandado pelo general Luiz Fernando Estorrilho Baganha, do Ex\u00e9rcito, serviu como um alinhamento de a\u00e7\u00f5es a serem realizadas pelas For\u00e7as Armadas em conjunto com as for\u00e7as estaduais e federais de prote\u00e7\u00e3o ambiental.<\/p>\n<p>Na reuni\u00e3o foi destacada a portaria do gabinete do Minist\u00e9rio da Defesa que designa Baganha para exercer a fun\u00e7\u00e3o de comandante, atuando no &#8220;emprego tempor\u00e1rio e epis\u00f3dico de meios em atividades de apoio log\u00edstico \u00e0s a\u00e7\u00f5es de combate aos inc\u00eandios florestais dos munic\u00edpios dos estados de Mato Grosso e Mato Grosso do Sul, em estado de emerg\u00eancia ambiental&#8221;.<\/p>\n<p>Tamb\u00e9m foi apresentado o apoio solicitado \u00e0s For\u00e7as Armadas (Ex\u00e9rcito e Marinha), com quatro antenas satelitais de internet (duas em Corumb\u00e1 e duas em C\u00e1ceres-MT), quatro embarca\u00e7\u00f5es para transporte de equipes e combatentes em Corumb\u00e1, cinco embarca\u00e7\u00f5es para transporte de equipes e combatentes e uma para transporte de equipamentos em Porto Concei\u00e7\u00e3o.<\/p>\n<div id=\"gallery-1\" class=\"gallery galleryid-482197 gallery-columns-2 gallery-size-large\">\n<figure class=\"gallery-item\">\n<div class=\"gallery-icon landscape\"><a href=\"https:\/\/agenciadenoticias.ms.gov.br\/wp-content\/uploads\/2024\/07\/Operacao-Conjunta-Pantanal-Foto-Mairinco-de-Pauda-03.jpeg\"><img loading=\"lazy\" decoding=\"async\" class=\"attachment-large size-large\" src=\"https:\/\/agenciadenoticias.ms.gov.br\/wp-content\/uploads\/2024\/07\/Operacao-Conjunta-Pantanal-Foto-Mairinco-de-Pauda-03-1024x682.jpeg\" sizes=\"auto, (max-width: 1024px) 100vw, 1024px\" srcset=\"https:\/\/agenciadenoticias.ms.gov.br\/wp-content\/uploads\/2024\/07\/Operacao-Conjunta-Pantanal-Foto-Mairinco-de-Pauda-03-1024x682.jpeg 1024w, https:\/\/agenciadenoticias.ms.gov.br\/wp-content\/uploads\/2024\/07\/Operacao-Conjunta-Pantanal-Foto-Mairinco-de-Pauda-03-300x200.jpeg 300w, https:\/\/agenciadenoticias.ms.gov.br\/wp-content\/uploads\/2024\/07\/Operacao-Conjunta-Pantanal-Foto-Mairinco-de-Pauda-03-768x512.jpeg 768w, https:\/\/agenciadenoticias.ms.gov.br\/wp-content\/uploads\/2024\/07\/Operacao-Conjunta-Pantanal-Foto-Mairinco-de-Pauda-03-350x232.jpeg 350w, https:\/\/agenciadenoticias.ms.gov.br\/wp-content\/uploads\/2024\/07\/Operacao-Conjunta-Pantanal-Foto-Mairinco-de-Pauda-03.jpeg 1280w\" alt=\"\" width=\"1024\" height=\"682\" \/><\/a><\/div>\n<\/figure>\n<figure class=\"gallery-item\">\n<div class=\"gallery-icon landscape\"><a href=\"https:\/\/agenciadenoticias.ms.gov.br\/wp-content\/uploads\/2024\/07\/Operacao-Conjunta-Pantanal-Foto-Mairinco-de-Pauda-02.jpeg\"><img loading=\"lazy\" decoding=\"async\" class=\"attachment-large size-large\" src=\"https:\/\/agenciadenoticias.ms.gov.br\/wp-content\/uploads\/2024\/07\/Operacao-Conjunta-Pantanal-Foto-Mairinco-de-Pauda-02-1024x682.jpeg\" sizes=\"auto, (max-width: 1024px) 100vw, 1024px\" srcset=\"https:\/\/agenciadenoticias.ms.gov.br\/wp-content\/uploads\/2024\/07\/Operacao-Conjunta-Pantanal-Foto-Mairinco-de-Pauda-02-1024x682.jpeg 1024w, https:\/\/agenciadenoticias.ms.gov.br\/wp-content\/uploads\/2024\/07\/Operacao-Conjunta-Pantanal-Foto-Mairinco-de-Pauda-02-300x200.jpeg 300w, https:\/\/agenciadenoticias.ms.gov.br\/wp-content\/uploads\/2024\/07\/Operacao-Conjunta-Pantanal-Foto-Mairinco-de-Pauda-02-768x512.jpeg 768w, https:\/\/agenciadenoticias.ms.gov.br\/wp-content\/uploads\/2024\/07\/Operacao-Conjunta-Pantanal-Foto-Mairinco-de-Pauda-02-350x232.jpeg 350w, https:\/\/agenciadenoticias.ms.gov.br\/wp-content\/uploads\/2024\/07\/Operacao-Conjunta-Pantanal-Foto-Mairinco-de-Pauda-02.jpeg 1280w\" alt=\"\" width=\"1024\" height=\"682\" \/><\/a><\/div>\n<\/figure>\n<figure class=\"gallery-item\">\n<div class=\"gallery-icon landscape\"><a href=\"https:\/\/agenciadenoticias.ms.gov.br\/wp-content\/uploads\/2024\/07\/Operacao-Conjunta-Pantanal-Foto-Mairinco-de-Pauda-01.jpeg\"><img loading=\"lazy\" decoding=\"async\" class=\"attachment-large size-large\" src=\"https:\/\/agenciadenoticias.ms.gov.br\/wp-content\/uploads\/2024\/07\/Operacao-Conjunta-Pantanal-Foto-Mairinco-de-Pauda-01-1024x682.jpeg\" sizes=\"auto, (max-width: 1024px) 100vw, 1024px\" srcset=\"https:\/\/agenciadenoticias.ms.gov.br\/wp-content\/uploads\/2024\/07\/Operacao-Conjunta-Pantanal-Foto-Mairinco-de-Pauda-01-1024x682.jpeg 1024w, https:\/\/agenciadenoticias.ms.gov.br\/wp-content\/uploads\/2024\/07\/Operacao-Conjunta-Pantanal-Foto-Mairinco-de-Pauda-01-300x200.jpeg 300w, https:\/\/agenciadenoticias.ms.gov.br\/wp-content\/uploads\/2024\/07\/Operacao-Conjunta-Pantanal-Foto-Mairinco-de-Pauda-01-768x512.jpeg 768w, https:\/\/agenciadenoticias.ms.gov.br\/wp-content\/uploads\/2024\/07\/Operacao-Conjunta-Pantanal-Foto-Mairinco-de-Pauda-01-350x232.jpeg 350w, https:\/\/agenciadenoticias.ms.gov.br\/wp-content\/uploads\/2024\/07\/Operacao-Conjunta-Pantanal-Foto-Mairinco-de-Pauda-01.jpeg 1280w\" alt=\"\" width=\"1024\" height=\"682\" \/><\/a><\/div>\n<\/figure>\n<figure class=\"gallery-item\">\n<div class=\"gallery-icon landscape\"><a href=\"https:\/\/agenciadenoticias.ms.gov.br\/wp-content\/uploads\/2024\/07\/Operacao-Conjunta-Pantanal-Foto-Mairinco-de-Pauda-04.jpeg\"><img loading=\"lazy\" decoding=\"async\" class=\"attachment-large size-large\" src=\"https:\/\/agenciadenoticias.ms.gov.br\/wp-content\/uploads\/2024\/07\/Operacao-Conjunta-Pantanal-Foto-Mairinco-de-Pauda-04-1024x682.jpeg\" sizes=\"auto, (max-width: 1024px) 100vw, 1024px\" srcset=\"https:\/\/agenciadenoticias.ms.gov.br\/wp-content\/uploads\/2024\/07\/Operacao-Conjunta-Pantanal-Foto-Mairinco-de-Pauda-04-1024x682.jpeg 1024w, https:\/\/agenciadenoticias.ms.gov.br\/wp-content\/uploads\/2024\/07\/Operacao-Conjunta-Pantanal-Foto-Mairinco-de-Pauda-04-300x200.jpeg 300w, https:\/\/agenciadenoticias.ms.gov.br\/wp-content\/uploads\/2024\/07\/Operacao-Conjunta-Pantanal-Foto-Mairinco-de-Pauda-04-768x512.jpeg 768w, https:\/\/agenciadenoticias.ms.gov.br\/wp-content\/uploads\/2024\/07\/Operacao-Conjunta-Pantanal-Foto-Mairinco-de-Pauda-04-350x232.jpeg 350w, https:\/\/agenciadenoticias.ms.gov.br\/wp-content\/uploads\/2024\/07\/Operacao-Conjunta-Pantanal-Foto-Mairinco-de-Pauda-04.jpeg 1280w\" alt=\"\" width=\"1024\" height=\"682\" \/><\/a><\/div>\n<\/figure>\n<\/div>\n<p>Ser\u00e1 realizada, ainda, a montagem de duas estruturas completas (alimenta\u00e7\u00e3o, descanso, banho, banheiro, energia, \u00e1gua pot\u00e1vel) para suporte de 100 combatentes, por 60 dias, sendo uma na antiga base do Ibama na rodovia Transpantaneira e uma na regi\u00e3o de Corumb\u00e1, com possibilidade de prorroga\u00e7\u00e3o e remanejamento de local.<\/p>\n<p>Al\u00e9m disso, dever fornecido apoio de Navio de Patrulha (acomoda\u00e7\u00f5es, apoio log\u00edstico a enfermaria) no Porto Concei\u00e7\u00e3o e cerca de 240 horas-v\u00f4o de oito aeronaves do tipo UH15, UH12, HM1 Pantera, HM3 Cougar, H36 Caracal, KC390 e Caravan para as a\u00e7\u00f5es de combate aos inc\u00eandios florestais.<\/p>\n<p>&#8220;Foi um alinhamento geral para que essas opera\u00e7\u00f5es aconte\u00e7am de forma harm\u00f4nica e otimizem toda a infraestrutura log\u00edstica disponibilizada pelo Governo Gederal, por meio das For\u00e7as Armadas, para as opera\u00e7\u00f5es em nosso Estado&#8221;, comenta o secret\u00e1rio Jaime Verruck, da Semadesc (Secretaria de Meio Ambiente, Desenvolvimento, Ci\u00eancia, Tecnologia e Inova\u00e7\u00e3o).<\/p>\n<p>Al\u00e9m do titular da Semadesc, participaram o assessor Bombeiro Militar da Semadesc, tenente-coronel Leonardo Rodrigues Congro, que preside o Comit\u00ea do Fogo de MS, o diretor-presidente do Imasul, Andr\u00e9 Borges, al\u00e9m de representantes do Ibama, da Defesa Civil, do Corpo de Bombeiros e da PMA (Pol\u00edcia Militar Ambiental).<\/p>\n<div id=\"gallery-2\" class=\"gallery galleryid-482197 gallery-columns-3 gallery-size-large\">\n<figure class=\"gallery-item\">\n<div class=\"gallery-icon landscape\"><a href=\"https:\/\/agenciadenoticias.ms.gov.br\/wp-content\/uploads\/2024\/07\/Operacao-Conjunta-Pantanal-Foto-Mairinco-de-Pauda-05.jpeg\"><img loading=\"lazy\" decoding=\"async\" class=\"attachment-large size-large\" src=\"https:\/\/agenciadenoticias.ms.gov.br\/wp-content\/uploads\/2024\/07\/Operacao-Conjunta-Pantanal-Foto-Mairinco-de-Pauda-05-1024x682.jpeg\" sizes=\"auto, (max-width: 1024px) 100vw, 1024px\" srcset=\"https:\/\/agenciadenoticias.ms.gov.br\/wp-content\/uploads\/2024\/07\/Operacao-Conjunta-Pantanal-Foto-Mairinco-de-Pauda-05-1024x682.jpeg 1024w, https:\/\/agenciadenoticias.ms.gov.br\/wp-content\/uploads\/2024\/07\/Operacao-Conjunta-Pantanal-Foto-Mairinco-de-Pauda-05-300x200.jpeg 300w, https:\/\/agenciadenoticias.ms.gov.br\/wp-content\/uploads\/2024\/07\/Operacao-Conjunta-Pantanal-Foto-Mairinco-de-Pauda-05-768x512.jpeg 768w, https:\/\/agenciadenoticias.ms.gov.br\/wp-content\/uploads\/2024\/07\/Operacao-Conjunta-Pantanal-Foto-Mairinco-de-Pauda-05-350x232.jpeg 350w, https:\/\/agenciadenoticias.ms.gov.br\/wp-content\/uploads\/2024\/07\/Operacao-Conjunta-Pantanal-Foto-Mairinco-de-Pauda-05.jpeg 1280w\" alt=\"\" width=\"1024\" height=\"682\" \/><\/a><\/div>\n<\/figure>\n<figure class=\"gallery-item\">\n<div class=\"gallery-icon landscape\"><a href=\"https:\/\/agenciadenoticias.ms.gov.br\/wp-content\/uploads\/2024\/07\/Operacao-Conjunta-Pantanal-Foto-Mairinco-de-Pauda-06.jpeg\"><img loading=\"lazy\" decoding=\"async\" class=\"attachment-large size-large\" src=\"https:\/\/agenciadenoticias.ms.gov.br\/wp-content\/uploads\/2024\/07\/Operacao-Conjunta-Pantanal-Foto-Mairinco-de-Pauda-06-1024x682.jpeg\" sizes=\"auto, (max-width: 1024px) 100vw, 1024px\" srcset=\"https:\/\/agenciadenoticias.ms.gov.br\/wp-content\/uploads\/2024\/07\/Operacao-Conjunta-Pantanal-Foto-Mairinco-de-Pauda-06-1024x682.jpeg 1024w, https:\/\/agenciadenoticias.ms.gov.br\/wp-content\/uploads\/2024\/07\/Operacao-Conjunta-Pantanal-Foto-Mairinco-de-Pauda-06-300x200.jpeg 300w, https:\/\/agenciadenoticias.ms.gov.br\/wp-content\/uploads\/2024\/07\/Operacao-Conjunta-Pantanal-Foto-Mairinco-de-Pauda-06-768x512.jpeg 768w, https:\/\/agenciadenoticias.ms.gov.br\/wp-content\/uploads\/2024\/07\/Operacao-Conjunta-Pantanal-Foto-Mairinco-de-Pauda-06-350x232.jpeg 350w, https:\/\/agenciadenoticias.ms.gov.br\/wp-content\/uploads\/2024\/07\/Operacao-Conjunta-Pantanal-Foto-Mairinco-de-Pauda-06.jpeg 1280w\" alt=\"\" width=\"1024\" height=\"682\" \/><\/a><\/div>\n<\/figure>\n<figure class=\"gallery-item\">\n<div class=\"gallery-icon landscape\"><a href=\"https:\/\/agenciadenoticias.ms.gov.br\/wp-content\/uploads\/2024\/07\/Operacao-Conjunta-Pantanal-Foto-Mairinco-de-Pauda-11.jpeg\"><img loading=\"lazy\" decoding=\"async\" class=\"attachment-large size-large\" src=\"https:\/\/agenciadenoticias.ms.gov.br\/wp-content\/uploads\/2024\/07\/Operacao-Conjunta-Pantanal-Foto-Mairinco-de-Pauda-11-1024x682.jpeg\" sizes=\"auto, (max-width: 1024px) 100vw, 1024px\" srcset=\"https:\/\/agenciadenoticias.ms.gov.br\/wp-content\/uploads\/2024\/07\/Operacao-Conjunta-Pantanal-Foto-Mairinco-de-Pauda-11-1024x682.jpeg 1024w, https:\/\/agenciadenoticias.ms.gov.br\/wp-content\/uploads\/2024\/07\/Operacao-Conjunta-Pantanal-Foto-Mairinco-de-Pauda-11-300x200.jpeg 300w, https:\/\/agenciadenoticias.ms.gov.br\/wp-content\/uploads\/2024\/07\/Operacao-Conjunta-Pantanal-Foto-Mairinco-de-Pauda-11-768x512.jpeg 768w, https:\/\/agenciadenoticias.ms.gov.br\/wp-content\/uploads\/2024\/07\/Operacao-Conjunta-Pantanal-Foto-Mairinco-de-Pauda-11-350x232.jpeg 350w, https:\/\/agenciadenoticias.ms.gov.br\/wp-content\/uploads\/2024\/07\/Operacao-Conjunta-Pantanal-Foto-Mairinco-de-Pauda-11.jpeg 1280w\" alt=\"\" width=\"1024\" height=\"682\" \/><\/a><\/div>\n<\/figure>\n<\/div>\n<div id=\"gallery-3\" class=\"gallery galleryid-482197 gallery-columns-1 gallery-size-large\">\n<figure class=\"gallery-item\">\n<div class=\"gallery-icon landscape\"><a href=\"https:\/\/agenciadenoticias.ms.gov.br\/wp-content\/uploads\/2024\/07\/Operacao-Conjunta-Pantanal-Foto-Mairinco-de-Pauda-10.jpeg\"><img loading=\"lazy\" decoding=\"async\" class=\"attachment-large size-large\" src=\"https:\/\/agenciadenoticias.ms.gov.br\/wp-content\/uploads\/2024\/07\/Operacao-Conjunta-Pantanal-Foto-Mairinco-de-Pauda-10-1024x682.jpeg\" sizes=\"auto, (max-width: 1024px) 100vw, 1024px\" srcset=\"https:\/\/agenciadenoticias.ms.gov.br\/wp-content\/uploads\/2024\/07\/Operacao-Conjunta-Pantanal-Foto-Mairinco-de-Pauda-10-1024x682.jpeg 1024w, https:\/\/agenciadenoticias.ms.gov.br\/wp-content\/uploads\/2024\/07\/Operacao-Conjunta-Pantanal-Foto-Mairinco-de-Pauda-10-300x200.jpeg 300w, https:\/\/agenciadenoticias.ms.gov.br\/wp-content\/uploads\/2024\/07\/Operacao-Conjunta-Pantanal-Foto-Mairinco-de-Pauda-10-768x512.jpeg 768w, https:\/\/agenciadenoticias.ms.gov.br\/wp-content\/uploads\/2024\/07\/Operacao-Conjunta-Pantanal-Foto-Mairinco-de-Pauda-10-350x232.jpeg 350w, https:\/\/agenciadenoticias.ms.gov.br\/wp-content\/uploads\/2024\/07\/Operacao-Conjunta-Pantanal-Foto-Mairinco-de-Pauda-10.jpeg 1280w\" alt=\"\" width=\"1024\" height=\"682\" \/><\/a><\/div>\n<\/figure>\n<\/div>\n<p>De acordo com o Comando Operacional Conjunto, a partir das Organiza\u00e7\u00f5es Militares e Pelot\u00f5es Especiais de Fronteira, o Ex\u00e9rcito poder\u00e1 apoiar o combate ao inc\u00eandio com o desdobramento de novas bases, apoio de transporte a\u00e9reo, terrestre e fluvial, intelig\u00eancia, comunica\u00e7\u00f5es e apoio de sa\u00fade.<\/p>\n<p>O apoio dever\u00e1 ser solicitado a partir do demandante, via of\u00edcio, WhatsApp ou via Google Forms, preferenciamente no dia anterior para o Comando Operacional Conjunto Pantanal II, coordena\u00e7\u00e3o local e mediante formul\u00e1rio pr\u00f3prio, no caso de pedido de apoio a\u00e9reo.<\/p>\n<p>O comando ir\u00e1 definir a melhor forma de apoiar e por meio de qual das tr\u00eas For\u00e7as Armadas, informar \u00e0 For\u00e7a a miss\u00e3o a ser cumprida e qual ag\u00eancia solicitou, com os contatos para a coordena\u00e7\u00e3o local, informar \u00e0 ag\u00eancia demandante quem ir\u00e1 cumprir a miss\u00e3o de apoio e os contatos para a coordena\u00e7\u00e3o local.<\/p>\n<p>A for\u00e7a de combate demandada dever\u00e1 informar o &#8216;pronto&#8217; da miss\u00e3o de apoio ao Comando Operacional Conjunto, que informa o &#8216;pronto&#8217; do apoio solicitado \u00e0 ag\u00eancia solicitante.<\/p>\n","protected":false},"excerpt":{"rendered":"<p>Designadas pelo Governo Federal para refor\u00e7ar os trabalhos de combate aos inc\u00eandios florestais no Pantanal,&#8230;<\/p>\n","protected":false},"author":13,"featured_media":11752913,"comment_status":"closed","ping_status":"closed","sticky":false,"template":"","format":"standard","meta":{"footnotes":""},"categories":[8,17],"tags":[209],"class_list":["post-11752912","post","type-post","status-publish","format-standard","has-post-thumbnail","hentry","category-destaque","category-meio-ambiente","tag-meio-ambiente"],"_links":{"self":[{"href":"https:\/\/www.corumbaonline.com.br\/news\/wp-json\/wp\/v2\/posts\/11752912","targetHints":{"allow":["GET"]}}],"collection":[{"href":"https:\/\/www.corumbaonline.com.br\/news\/wp-json\/wp\/v2\/posts"}],"about":[{"href":"https:\/\/www.corumbaonline.com.br\/news\/wp-json\/wp\/v2\/types\/post"}],"author":[{"embeddable":true,"href":"https:\/\/www.corumbaonline.com.br\/news\/wp-json\/wp\/v2\/users\/13"}],"replies":[{"embeddable":true,"href":"https:\/\/www.corumbaonline.com.br\/news\/wp-json\/wp\/v2\/comments?post=11752912"}],"version-history":[{"count":1,"href":"https:\/\/www.corumbaonline.com.br\/news\/wp-json\/wp\/v2\/posts\/11752912\/revisions"}],"predecessor-version":[{"id":11752914,"href":"https:\/\/www.corumbaonline.com.br\/news\/wp-json\/wp\/v2\/posts\/11752912\/revisions\/11752914"}],"wp:featuredmedia":[{"embeddable":true,"href":"https:\/\/www.corumbaonline.com.br\/news\/wp-json\/wp\/v2\/media\/11752913"}],"wp:attachment":[{"href":"https:\/\/www.corumbaonline.com.br\/news\/wp-json\/wp\/v2\/media?parent=11752912"}],"wp:term":[{"taxonomy":"category","embeddable":true,"href":"https:\/\/www.corumbaonline.com.br\/news\/wp-json\/wp\/v2\/categories?post=11752912"},{"taxonomy":"post_tag","embeddable":true,"href":"https:\/\/www.corumbaonline.com.br\/news\/wp-json\/wp\/v2\/tags?post=11752912"}],"curies":[{"name":"wp","href":"https:\/\/api.w.org\/{rel}","templated":true}]}}